{"id":8267,"date":"2026-09-04T11:58:36","date_gmt":"2026-09-04T09:58:36","guid":{"rendered":"https:\/\/culture-series.fr\/blog\/actualites-et-tendances\/tony-gatlif-est-mort-le-realisateur-de-gadjo-dilo-sest-eteint-a-77-ans\/"},"modified":"2026-09-04T11:58:36","modified_gmt":"2026-09-04T09:58:36","slug":"tony-gatlif-est-mort-le-realisateur-de-gadjo-dilo-sest-eteint-a-77-ans","status":"publish","type":"post","link":"https:\/\/culture-series.fr\/blog\/actualites-et-tendances\/tony-gatlif-est-mort-le-realisateur-de-gadjo-dilo-sest-eteint-a-77-ans\/","title":{"rendered":"Tony Gatlif est mort : le r\u00e9alisateur de Gadjo Dilo s&rsquo;est \u00e9teint \u00e0 77 ans"},"content":{"rendered":"<p><strong>Tony Gatlif est mort mercredi 2 septembre 2026 \u00e0 Arles (Bouches-du-Rh\u00f4ne), \u00e0 l&rsquo;\u00e2ge de 77 ans.<\/strong> L&rsquo;annonce a \u00e9t\u00e9 faite vendredi 4 septembre par sa famille \u00e0 l&rsquo;AFP : le r\u00e9alisateur de <em>Gadjo Dilo<\/em> est d\u00e9c\u00e9d\u00e9 des suites d&rsquo;un probl\u00e8me de sant\u00e9, alors qu&rsquo;il travaillait encore sur un projet de film historique. Le cin\u00e9ma fran\u00e7ais perd le cin\u00e9aste qui, presque seul au monde, avait consacr\u00e9 l&rsquo;essentiel de son \u0153uvre aux Roms et aux gens du voyage.<\/p>\n<h2>En bref<\/h2>\n<ul>\n<li><strong>Tony Gatlif<\/strong> est mort \u00e0 Arles le 2 septembre 2026, des suites d&rsquo;un probl\u00e8me de sant\u00e9 ; sa famille l&rsquo;a annonc\u00e9 le 4 septembre.<\/li>\n<li>N\u00e9 le 10 septembre 1948 \u00e0 Alger, d&rsquo;un p\u00e8re kabyle et d&rsquo;une m\u00e8re gitane, il s&rsquo;est \u00e9teint huit jours avant son 78e anniversaire.<\/li>\n<li>Il laisse environ <strong>25 films<\/strong> r\u00e9alis\u00e9s depuis 1975, dont <em>Latcho Drom<\/em>, <em>Gadjo Dilo<\/em>, <em>Vengo<\/em>, <em>Exils<\/em> et <em>Ange<\/em>, son dernier long m\u00e9trage sorti en 2025.<\/li>\n<li>Son palmar\u00e8s compte le <strong>prix de la mise en sc\u00e8ne \u00e0 Cannes en 2004<\/strong> pour <em>Exils<\/em> et <strong>deux C\u00e9sar de la meilleure musique<\/strong>, pour des partitions qu&rsquo;il composait lui-m\u00eame.<\/li>\n<\/ul>\n<h2>L&rsquo;annonce du d\u00e9c\u00e8s de Tony Gatlif<\/h2>\n<p>La famille du cin\u00e9aste a confirm\u00e9 sa disparition \u00e0 l&rsquo;AFP vendredi 4 septembre 2026. Tony Gatlif est mort deux jours plus t\u00f4t, mercredi 2 septembre, \u00e0 Arles, \u00e0 la suite d&rsquo;un probl\u00e8me de sant\u00e9. Il avait 77 ans et travaillait encore sur un projet de film historique. Ce d\u00e9tail dit beaucoup de lui : jusqu&rsquo;au bout, il est rest\u00e9 dans le mouvement et dans la cr\u00e9ation.<\/p>\n<blockquote>\n<p>\u00ab La beaut\u00e9 de ses films, sa g\u00e9n\u00e9rosit\u00e9, sa joie, sa po\u00e9sie et son amour de la musique resteront pour toujours en nous \u00bb<br \/><em>\u2014 Son \u00e9pouse, ses enfants et petits-enfants, dans un communiqu\u00e9 transmis \u00e0 l&rsquo;AFP le 4 septembre 2026<\/em><\/p>\n<\/blockquote>\n<p>Ses proches lui ont souhait\u00e9 \u00ab Latcho Drom \u00bb, une expression tzigane qui signifie \u00ab bonne route \u00bb \u2014 et qui est aussi le titre de son grand documentaire musical de 1993. Difficile de trouver formule plus fid\u00e8le \u00e0 son \u0153uvre.<\/p>\n<h2>Les chiffres cl\u00e9s d&rsquo;une carri\u00e8re<\/h2>\n<ul>\n<li><strong>77 ans<\/strong> : son \u00e2ge au moment de sa mort, huit jours avant ses 78 ans.<\/li>\n<li><strong>Environ 25 films<\/strong> r\u00e9alis\u00e9s depuis <em>La T\u00eate en ruine<\/em> en 1975.<\/li>\n<li><strong>2 C\u00e9sar<\/strong> de la meilleure musique \u00e9crite pour un film (<em>Gadjo Dilo<\/em> en 1999, <em>Vengo<\/em> en 2001).<\/li>\n<li><strong>1 prix de la mise en sc\u00e8ne<\/strong> au Festival de Cannes 2004, pour <em>Exils<\/em>.<\/li>\n<\/ul>\n<h2>Qui \u00e9tait Tony Gatlif ?<\/h2>\n<p>N\u00e9 le 10 septembre 1948 \u00e0 Alger, d&rsquo;un p\u00e8re kabyle et d&rsquo;une m\u00e8re gitane, Tony Gatlif arrive en France en 1960, pendant la guerre d&rsquo;Alg\u00e9rie. Son parcours ne ressemble pas \u00e0 un r\u00e9cit bien lisse : des ann\u00e9es caboss\u00e9es, un passage en maison de redressement, la d\u00e9couverte du th\u00e9\u00e2tre, puis le cin\u00e9ma. R\u00e9alisateur, sc\u00e9nariste, compositeur et acteur, il a construit une identit\u00e9 artistique singuli\u00e8re, b\u00e2tie sur la route, le d\u00e9racinement et les musiques populaires.<\/p>\n<p>Son nom reste associ\u00e9 \u00e0 une obsession constante : donner une place \u00e0 ceux qu&rsquo;on regarde rarement \u2014 les Roms, les gens du voyage, les exil\u00e9s, ceux qui vivent hors cadre. Le cin\u00e9ma fran\u00e7ais a r\u00e9cemment perdu une autre de ses grandes figures avec <a href=\"https:\/\/culture-series.fr\/blog\/actualites-et-tendances\/jean-paul-rappeneau-le-realisateur-de-cyrano-de-bergerac-est-mort-a-94-ans\/\">la disparition de Jean-Paul Rappeneau, le r\u00e9alisateur de Cyrano de Bergerac<\/a> ; avec Gatlif, c&rsquo;est un tout autre versant du cin\u00e9ma hexagonal qui s&rsquo;\u00e9teint, celui des marges et de la fi\u00e8vre musicale.<\/p>\n<h2>Le chantre du cin\u00e9ma tsigane et rom<\/h2>\n<p>On a souvent pr\u00e9sent\u00e9 Tony Gatlif comme le <strong>chantre du cin\u00e9ma tsigane et rom<\/strong>, et le mot est juste. L\u00e0 o\u00f9 d&rsquo;autres filment les communaut\u00e9s gitanes comme un d\u00e9cor pittoresque, lui les filmait de l&rsquo;int\u00e9rieur, avec leurs langues, leurs gestes, leurs f\u00eates, leurs tensions. Rien de folklorique, rien de d\u00e9coratif : \u00e0 partir des ann\u00e9es 1980, film apr\u00e8s film, il a fait des Roms du monde entier le c\u0153ur battant de son \u0153uvre \u2014 un cas \u00e0 peu pr\u00e8s unique dans l&rsquo;histoire du cin\u00e9ma.<\/p>\n<p>Son cin\u00e9ma avance avec l&rsquo;exil et la libert\u00e9 comme boussole. Il s&rsquo;int\u00e9resse \u00e0 la circulation des corps, aux fronti\u00e8res qu&rsquo;on franchit, aux identit\u00e9s qui se construisent en marchant. Ses histoires parlent de musique, mais aussi de survie, d&rsquo;errance et de dignit\u00e9.<\/p>\n<h2>Latcho Drom et Gadjo Dilo, ses films les plus marquants<\/h2>\n<p><em>Latcho Drom<\/em>, en 1993, reste un sommet. Ce documentaire musical suit la longue route du peuple tsigane et avance presque comme une ballade, la musique au premier plan. Pr\u00e9sent\u00e9 \u00e0 Cannes dans la section Un certain regard, il a fait comprendre \u00e0 beaucoup de spectateurs que la musique, chez Gatlif, n&rsquo;\u00e9tait pas un accompagnement : c&rsquo;\u00e9tait la colonne vert\u00e9brale du r\u00e9cit.<\/p>\n<p>Puis il y a <em>Gadjo Dilo<\/em> (\u00ab l&rsquo;\u00e9tranger fou \u00bb), en 1997, le film qui l&rsquo;a fait entrer dans un public beaucoup plus large. Romain Duris y incarne un jeune Fran\u00e7ais id\u00e9aliste parti sur les traces d&rsquo;une chanteuse, jusque dans un camp tsigane de Roumanie, aux c\u00f4t\u00e9s de Rona Hartner. Le film d\u00e9borde d&rsquo;\u00e9nergie, de chansons et de d\u00e9sir \u2014 souvent tendre, jamais ti\u00e8de. Gatlif y rendait hommage \u00e0 la musique tzigane, \u00ab une musique qui crie la peur et la douleur d&rsquo;un peuple qui a mal \u00e0 son \u00e2me \u00bb, selon ses propres mots rapport\u00e9s par l&rsquo;AFP.<\/p>\n<table>\n<tr>\n<th>Film<\/th>\n<th>Ann\u00e9e<\/th>\n<th>Ce qu&rsquo;il faut retenir<\/th>\n<\/tr>\n<tr>\n<td><strong>Latcho Drom<\/strong><\/td>\n<td>1993<\/td>\n<td>Documentaire musical sur la route du peuple tsigane, pr\u00e9sent\u00e9 \u00e0 Cannes (Un certain regard).<\/td>\n<\/tr>\n<tr>\n<td><strong>Gadjo Dilo<\/strong><\/td>\n<td>1997<\/td>\n<td>Son film le plus connu, avec Romain Duris et Rona Hartner ; C\u00e9sar de la meilleure musique en 1999.<\/td>\n<\/tr>\n<tr>\n<td><strong>Vengo<\/strong><\/td>\n<td>2000<\/td>\n<td>Plong\u00e9e dans le flamenco ; C\u00e9sar de la meilleure musique en 2001.<\/td>\n<\/tr>\n<tr>\n<td><strong>Exils<\/strong><\/td>\n<td>2004<\/td>\n<td>Prix de la mise en sc\u00e8ne au Festival de Cannes 2004, avec Romain Duris et Lubna Azabal.<\/td>\n<\/tr>\n<\/table>\n<h2>Un palmar\u00e8s rare : Cannes, deux C\u00e9sar\u2026 pour sa musique<\/h2>\n<p>Le d\u00e9tail que les cin\u00e9philes connaissent, et qui surprend souvent les autres : les deux C\u00e9sar de Tony Gatlif ne r\u00e9compensent pas sa mise en sc\u00e8ne, mais sa <strong>musique<\/strong>. Il a re\u00e7u le C\u00e9sar de la meilleure musique \u00e9crite pour un film pour <em>Gadjo Dilo<\/em> en 1999, puis pour <em>Vengo<\/em> en 2001 \u2014 il composait lui-m\u00eame les partitions de ses films. La cons\u00e9cration de cin\u00e9aste, elle, est venue de Cannes : en 2004, <em>Exils<\/em>, qui suit le voyage de Zano et Na\u00efma vers l&rsquo;Alger que leurs parents avaient d\u00fb fuir, lui vaut le prix de la mise en sc\u00e8ne.<\/p>\n<p>En 2015, il est fait chevalier de la L\u00e9gion d&rsquo;honneur, insigne remis par la ministre de la Culture Fleur Pellerin, qui saluait alors un cin\u00e9ma \u00ab ivre de libert\u00e9, \u00e0 l&rsquo;\u00e9nergie d\u00e9brid\u00e9e, vibrant d&rsquo;\u00e9motions, de sons et d&rsquo;inventivit\u00e9 \u00bb.<\/p>\n<h2>Un cin\u00e9ma de musique, de route et de libert\u00e9<\/h2>\n<p>Dans ses films, la cam\u00e9ra bouge, la musique prend toute la place, les langues se croisent. Chez Gatlif, le son raconte autant que l&rsquo;image : dans <em>Vengo<\/em> (2000), le flamenco gronde ; dans <em>Djam<\/em> (2017), le r\u00e9b\u00e9tiko \u2014 cette musique n\u00e9e entre Gr\u00e8ce et Turquie \u2014 circule comme un souffle ancien ; dans <em>Les Princes<\/em> (1983), c&rsquo;est la musique tzigane. La musique n&rsquo;est jamais l\u00e0 pour faire joli : elle porte la m\u00e9moire, la joie, la col\u00e8re, le d\u00e9sir de partir.<\/p>\n<h2>Ses derniers films et ce qu&rsquo;il laisse<\/h2>\n<p>Tony Gatlif a continu\u00e9 \u00e0 tourner jusqu&rsquo;au bout : <em>Tom Medina<\/em>, pr\u00e9sent\u00e9 \u00e0 Cannes hors comp\u00e9tition en 2021, racontait la r\u00e9habilitation d&rsquo;un jeune d\u00e9linquant en Camargue \u2014 cette Camargue o\u00f9 lui-m\u00eame avait \u00e9t\u00e9 envoy\u00e9 adolescent, sur d\u00e9cision de justice, et qui l&rsquo;avait \u00ab sauv\u00e9 \u00bb, disait-il. Son dernier long m\u00e9trage, <em>Ange<\/em>, est sorti en 2025. Romain Duris, son acteur f\u00e9tiche, lui a rendu hommage sur Instagram avec trois mots en romani : \u00ab Latcho drom, moro dad \u00bb \u2014 \u00ab Bon voyage, mon p\u00e8re \u00bb.<\/p>\n<h2>O\u00f9 (re)voir ses films ?<\/h2>\n<p>Pour d\u00e9couvrir Tony Gatlif ou le revoir avec un \u0153il neuf : <em>Gadjo Dilo<\/em> pour l&rsquo;\u00e9motion imm\u00e9diate, <em>Latcho Drom<\/em> pour la puissance musicale, puis <em>Exils<\/em> pour la question de l&rsquo;identit\u00e9 et du retour. Plusieurs de ses films sont disponibles \u00e0 la location num\u00e9rique ou sur les plateformes de streaming \u2014 si vous h\u00e9sitez sur la formule, notre <a href=\"https:\/\/culture-series.fr\/blog\/guides-de-visionnage\/netflix-abonnement-prix-formules-2026\/\">guide des abonnements et prix Netflix 2026<\/a> fait le point. Les hommages des prochains jours devraient aussi ramener ses films \u00e0 l&rsquo;antenne et en salles.<\/p>\n<h2>Mini-FAQ<\/h2>\n<details>\n<summary><strong>De quoi est mort Tony Gatlif ?<\/strong><\/summary>\n<p>Sa famille a indiqu\u00e9 \u00e0 l&rsquo;AFP qu&rsquo;il est mort d&rsquo;un probl\u00e8me de sant\u00e9, le 2 septembre 2026 \u00e0 Arles, alors qu&rsquo;il travaillait sur un projet de film historique. Aucune autre pr\u00e9cision n&rsquo;a \u00e9t\u00e9 communiqu\u00e9e.<\/p>\n<\/details>\n<details>\n<summary><strong>Quels sont les films les plus connus de Tony Gatlif ?<\/strong><\/summary>\n<p><em>Gadjo Dilo<\/em> (1997), <em>Latcho Drom<\/em> (1993), <em>Exils<\/em> (2004, prix de la mise en sc\u00e8ne \u00e0 Cannes), <em>Vengo<\/em> (2000) et son dernier film, <em>Ange<\/em> (2025).<\/p>\n<\/details>\n<details>\n<summary><strong>Quel \u00e2ge avait Tony Gatlif ?<\/strong><\/summary>\n<p>Il avait 77 ans. N\u00e9 le 10 septembre 1948 \u00e0 Alger, il est mort le 2 septembre 2026, huit jours avant son 78e anniversaire.<\/p>\n<\/details>\n<h2>\u00c0 retenir<\/h2>\n<ul>\n<li>Tony Gatlif est mort le 2 septembre 2026 \u00e0 Arles, \u00e0 77 ans, d&rsquo;un probl\u00e8me de sant\u00e9 ; l&rsquo;annonce est venue de sa famille le 4 septembre.<\/li>\n<li>Il \u00e9tait la grande voix du cin\u00e9ma tsigane et rom, avec environ 25 films tourn\u00e9s entre 1975 et 2025.<\/li>\n<li>Son palmar\u00e8s : prix de la mise en sc\u00e8ne \u00e0 Cannes 2004 (<em>Exils<\/em>), deux C\u00e9sar de la meilleure musique (<em>Gadjo Dilo<\/em>, <em>Vengo<\/em>), L\u00e9gion d&rsquo;honneur en 2015.<\/li>\n<li>Il travaillait encore sur un projet de film historique au moment de sa mort.<\/li>\n<\/ul>\n<p><em>Sources : <a href=\"https:\/\/www.franceinfo.fr\/culture\/cinema\/le-cineaste-tony-gatlif-qui-a-notamment-realise-gadjo-dilo-et-exils-est-mort-a-l-age-de-77-ans_8176658.html\" rel=\"nofollow\">franceinfo Culture avec AFP<\/a>, <a href=\"https:\/\/www.cnews.fr\/culture\/2026-09-04\/tony-gatlif-realisateur-de-gadjo-dilo-est-mort-lage-de-77-ans-1913897\" rel=\"nofollow\">CNews<\/a>, Le Monde, communiqu\u00e9 de la famille \u00e0 l&rsquo;AFP (4 septembre 2026).<\/em><\/p>\n<p><script type=\"application\/ld+json\">{\"@context\":\"https:\/\/schema.org\",\"@type\":\"FAQPage\",\"mainEntity\":[{\"@type\":\"Question\",\"name\":\"De quoi est mort Tony Gatlif ?\",\"acceptedAnswer\":{\"@type\":\"Answer\",\"text\":\"Sa famille a indiqu\u00e9 \u00e0 l'AFP qu'il est mort d'un probl\u00e8me de sant\u00e9, le 2 septembre 2026 \u00e0 Arles, alors qu'il travaillait sur un projet de film historique.\"}},{\"@type\":\"Question\",\"name\":\"Quels sont les films les plus connus de Tony Gatlif ?\",\"acceptedAnswer\":{\"@type\":\"Answer\",\"text\":\"Gadjo Dilo (1997), Latcho Drom (1993), Exils (2004, prix de la mise en sc\u00e8ne \u00e0 Cannes), Vengo (2000) et son dernier film, Ange (2025).\"}},{\"@type\":\"Question\",\"name\":\"Quel \u00e2ge avait Tony Gatlif ?\",\"acceptedAnswer\":{\"@type\":\"Answer\",\"text\":\"Il avait 77 ans. N\u00e9 le 10 septembre 1948 \u00e0 Alger, il est mort le 2 septembre 2026, huit jours avant son 78e anniversaire.\"}}]}<\/script><\/p>\n","protected":false},"excerpt":{"rendered":"","protected":false},"author":40,"featured_media":8268,"comment_status":"open","ping_status":"open","sticky":false,"template":"","format":"standard","meta":{"_acf_changed":false,"manual_indexmenow":false,"indexmenow_id_project":0,"footnotes":""},"categories":[4523],"tags":[],"class_list":["post-8267","post","type-post","status-publish","format-standard","has-post-thumbnail","hentry","category-actualites-et-tendances","generate-columns","tablet-grid-50","mobile-grid-100","grid-parent","grid-25"],"acf":[],"yoast_head":"<!-- This site is optimized with the Yoast SEO Premium plugin v21.3 (Yoast SEO v25.6) - https:\/\/yoast.com\/wordpress\/plugins\/seo\/ -->\n<title>Tony Gatlif, cin\u00e9aste de Gadjo Dilo, est mort \u00e0 77 ans<\/title>\n<meta name=\"description\" content=\"Tony Gatlif est mort \u00e0 77 ans \u00e0 Arles. De Latcho Drom \u00e0 Exils, prim\u00e9 \u00e0 Cannes en 2004, retour sur l&#039;\u0153uvre du chantre du cin\u00e9ma tsigane et rom.\" \/>\n<meta name=\"robots\" content=\"index, follow, max-snippet:-1, max-image-preview:large, max-video-preview:-1\" \/>\n<link rel=\"canonical\" href=\"https:\/\/culture-series.fr\/blog\/actualites-et-tendances\/tony-gatlif-est-mort-le-realisateur-de-gadjo-dilo-sest-eteint-a-77-ans\/\" \/>\n<meta property=\"og:locale\" content=\"fr_FR\" \/>\n<meta property=\"og:type\" content=\"article\" \/>\n<meta property=\"og:title\" content=\"Tony Gatlif, cin\u00e9aste de Gadjo Dilo, est mort \u00e0 77 ans\" \/>\n<meta property=\"og:description\" content=\"Tony Gatlif est mort \u00e0 77 ans \u00e0 Arles. De Latcho Drom \u00e0 Exils, prim\u00e9 \u00e0 Cannes en 2004, retour sur l&#039;\u0153uvre du chantre du cin\u00e9ma tsigane et rom.\" \/>\n<meta property=\"og:url\" content=\"https:\/\/culture-series.fr\/blog\/actualites-et-tendances\/tony-gatlif-est-mort-le-realisateur-de-gadjo-dilo-sest-eteint-a-77-ans\/\" \/>\n<meta property=\"og:site_name\" content=\"culture-series\" \/>\n<meta name=\"author\" content=\"Marc Dubois\" \/>\n<meta name=\"twitter:card\" content=\"summary_large_image\" \/>\n<script type=\"application\/ld+json\" class=\"yoast-schema-graph\">{\"@context\":\"https:\/\/schema.org\",\"@graph\":[{\"@type\":\"NewsArticle\",\"@id\":\"https:\/\/culture-series.fr\/blog\/actualites-et-tendances\/tony-gatlif-est-mort-le-realisateur-de-gadjo-dilo-sest-eteint-a-77-ans\/#article\",\"isPartOf\":{\"@id\":\"https:\/\/culture-series.fr\/blog\/actualites-et-tendances\/tony-gatlif-est-mort-le-realisateur-de-gadjo-dilo-sest-eteint-a-77-ans\/\"},\"author\":{\"name\":\"Marc Dubois\",\"@id\":\"https:\/\/culture-series.fr\/blog\/#\/schema\/person\/a75898758abdcdf03730c199a993cd6e\"},\"headline\":\"Tony Gatlif est mort : le r\u00e9alisateur de Gadjo Dilo s&rsquo;est \u00e9teint \u00e0 77 ans\",\"datePublished\":\"2026-09-04T09:58:36+00:00\",\"mainEntityOfPage\":{\"@id\":\"https:\/\/culture-series.fr\/blog\/actualites-et-tendances\/tony-gatlif-est-mort-le-realisateur-de-gadjo-dilo-sest-eteint-a-77-ans\/\"},\"wordCount\":1610,\"commentCount\":0,\"publisher\":{\"@id\":\"https:\/\/culture-series.fr\/blog\/#organization\"},\"image\":{\"@id\":\"https:\/\/culture-series.fr\/blog\/actualites-et-tendances\/tony-gatlif-est-mort-le-realisateur-de-gadjo-dilo-sest-eteint-a-77-ans\/#primaryimage\"},\"thumbnailUrl\":\"https:\/\/culture-series.fr\/blog\/wp-content\/uploads\/2026\/09\/pf8267-scaled.jpg\",\"articleSection\":[\"Actualit\u00e9s et Tendances\"],\"inLanguage\":\"fr-FR\",\"potentialAction\":[{\"@type\":\"CommentAction\",\"name\":\"Comment\",\"target\":[\"https:\/\/culture-series.fr\/blog\/actualites-et-tendances\/tony-gatlif-est-mort-le-realisateur-de-gadjo-dilo-sest-eteint-a-77-ans\/#respond\"]}]},{\"@type\":\"WebPage\",\"@id\":\"https:\/\/culture-series.fr\/blog\/actualites-et-tendances\/tony-gatlif-est-mort-le-realisateur-de-gadjo-dilo-sest-eteint-a-77-ans\/\",\"url\":\"https:\/\/culture-series.fr\/blog\/actualites-et-tendances\/tony-gatlif-est-mort-le-realisateur-de-gadjo-dilo-sest-eteint-a-77-ans\/\",\"name\":\"Tony Gatlif, cin\u00e9aste de Gadjo Dilo, est mort \u00e0 77 ans\",\"isPartOf\":{\"@id\":\"https:\/\/culture-series.fr\/blog\/#website\"},\"primaryImageOfPage\":{\"@id\":\"https:\/\/culture-series.fr\/blog\/actualites-et-tendances\/tony-gatlif-est-mort-le-realisateur-de-gadjo-dilo-sest-eteint-a-77-ans\/#primaryimage\"},\"image\":{\"@id\":\"https:\/\/culture-series.fr\/blog\/actualites-et-tendances\/tony-gatlif-est-mort-le-realisateur-de-gadjo-dilo-sest-eteint-a-77-ans\/#primaryimage\"},\"thumbnailUrl\":\"https:\/\/culture-series.fr\/blog\/wp-content\/uploads\/2026\/09\/pf8267-scaled.jpg\",\"datePublished\":\"2026-09-04T09:58:36+00:00\",\"description\":\"Tony Gatlif est mort \u00e0 77 ans \u00e0 Arles. De Latcho Drom \u00e0 Exils, prim\u00e9 \u00e0 Cannes en 2004, retour sur l'\u0153uvre du chantre du cin\u00e9ma tsigane et rom.\",\"inLanguage\":\"fr-FR\",\"potentialAction\":[{\"@type\":\"ReadAction\",\"target\":[\"https:\/\/culture-series.fr\/blog\/actualites-et-tendances\/tony-gatlif-est-mort-le-realisateur-de-gadjo-dilo-sest-eteint-a-77-ans\/\"]}]},{\"@type\":\"ImageObject\",\"inLanguage\":\"fr-FR\",\"@id\":\"https:\/\/culture-series.fr\/blog\/actualites-et-tendances\/tony-gatlif-est-mort-le-realisateur-de-gadjo-dilo-sest-eteint-a-77-ans\/#primaryimage\",\"url\":\"https:\/\/culture-series.fr\/blog\/wp-content\/uploads\/2026\/09\/pf8267-scaled.jpg\",\"contentUrl\":\"https:\/\/culture-series.fr\/blog\/wp-content\/uploads\/2026\/09\/pf8267-scaled.jpg\",\"width\":1200,\"height\":800},{\"@type\":\"WebSite\",\"@id\":\"https:\/\/culture-series.fr\/blog\/#website\",\"url\":\"https:\/\/culture-series.fr\/blog\/\",\"name\":\"culture-series.Fr\",\"description\":\"Culture &amp; Series, l&#039;univers des s\u00e9ries en profondeur\",\"publisher\":{\"@id\":\"https:\/\/culture-series.fr\/blog\/#organization\"},\"alternateName\":\"Culture & Series, l'univers des s\u00e9ries en profondeur\",\"potentialAction\":[{\"@type\":\"SearchAction\",\"target\":{\"@type\":\"EntryPoint\",\"urlTemplate\":\"https:\/\/culture-series.fr\/blog\/?s={search_term_string}\"},\"query-input\":{\"@type\":\"PropertyValueSpecification\",\"valueRequired\":true,\"valueName\":\"search_term_string\"}}],\"inLanguage\":\"fr-FR\"},{\"@type\":\"Organization\",\"@id\":\"https:\/\/culture-series.fr\/blog\/#organization\",\"name\":\"Foretsensations.fr\",\"url\":\"https:\/\/culture-series.fr\/blog\/\",\"logo\":{\"@type\":\"ImageObject\",\"inLanguage\":\"fr-FR\",\"@id\":\"https:\/\/culture-series.fr\/blog\/#\/schema\/logo\/image\/\",\"url\":\"https:\/\/culture-series.fr\/blog\/wp-content\/uploads\/2024\/12\/27.png\",\"contentUrl\":\"https:\/\/culture-series.fr\/blog\/wp-content\/uploads\/2024\/12\/27.png\",\"width\":500,\"height\":500,\"caption\":\"Foretsensations.fr\"},\"image\":{\"@id\":\"https:\/\/culture-series.fr\/blog\/#\/schema\/logo\/image\/\"}},{\"@type\":\"Person\",\"@id\":\"https:\/\/culture-series.fr\/blog\/#\/schema\/person\/a75898758abdcdf03730c199a993cd6e\",\"name\":\"Marc Dubois\",\"image\":{\"@type\":\"ImageObject\",\"inLanguage\":\"fr-FR\",\"@id\":\"https:\/\/culture-series.fr\/blog\/#\/schema\/person\/image\/\",\"url\":\"https:\/\/secure.gravatar.com\/avatar\/?s=96&d=mm&r=g\",\"contentUrl\":\"https:\/\/secure.gravatar.com\/avatar\/?s=96&d=mm&r=g\",\"caption\":\"Marc Dubois\"},\"description\":\"Marc Dubois est journaliste sp\u00e9cialis\u00e9 dans l'industrie t\u00e9l\u00e9visuelle. Avec une exp\u00e9rience de plus de 10 ans, il couvre les derni\u00e8res tendances, les nouvelles sorties et interviewe les cr\u00e9ateurs et acteurs pour fournir des contenus exclusifs \u00e0 ses lecteurs.\",\"url\":\"https:\/\/culture-series.fr\/blog\/auteur\/marc-dubois\/\"}]}<\/script>\n<!-- \/ Yoast SEO Premium plugin. -->","yoast_head_json":{"title":"Tony Gatlif, cin\u00e9aste de Gadjo Dilo, est mort \u00e0 77 ans","description":"Tony Gatlif est mort \u00e0 77 ans \u00e0 Arles. De Latcho Drom \u00e0 Exils, prim\u00e9 \u00e0 Cannes en 2004, retour sur l'\u0153uvre du chantre du cin\u00e9ma tsigane et rom.","robots":{"index":"index","follow":"follow","max-snippet":"max-snippet:-1","max-image-preview":"max-image-preview:large","max-video-preview":"max-video-preview:-1"},"canonical":"https:\/\/culture-series.fr\/blog\/actualites-et-tendances\/tony-gatlif-est-mort-le-realisateur-de-gadjo-dilo-sest-eteint-a-77-ans\/","og_locale":"fr_FR","og_type":"article","og_title":"Tony Gatlif, cin\u00e9aste de Gadjo Dilo, est mort \u00e0 77 ans","og_description":"Tony Gatlif est mort \u00e0 77 ans \u00e0 Arles. De Latcho Drom \u00e0 Exils, prim\u00e9 \u00e0 Cannes en 2004, retour sur l'\u0153uvre du chantre du cin\u00e9ma tsigane et rom.","og_url":"https:\/\/culture-series.fr\/blog\/actualites-et-tendances\/tony-gatlif-est-mort-le-realisateur-de-gadjo-dilo-sest-eteint-a-77-ans\/","og_site_name":"culture-series","author":"Marc Dubois","twitter_card":"summary_large_image","schema":{"@context":"https:\/\/schema.org","@graph":[{"@type":"NewsArticle","@id":"https:\/\/culture-series.fr\/blog\/actualites-et-tendances\/tony-gatlif-est-mort-le-realisateur-de-gadjo-dilo-sest-eteint-a-77-ans\/#article","isPartOf":{"@id":"https:\/\/culture-series.fr\/blog\/actualites-et-tendances\/tony-gatlif-est-mort-le-realisateur-de-gadjo-dilo-sest-eteint-a-77-ans\/"},"author":{"name":"Marc Dubois","@id":"https:\/\/culture-series.fr\/blog\/#\/schema\/person\/a75898758abdcdf03730c199a993cd6e"},"headline":"Tony Gatlif est mort : le r\u00e9alisateur de Gadjo Dilo s&rsquo;est \u00e9teint \u00e0 77 ans","datePublished":"2026-09-04T09:58:36+00:00","mainEntityOfPage":{"@id":"https:\/\/culture-series.fr\/blog\/actualites-et-tendances\/tony-gatlif-est-mort-le-realisateur-de-gadjo-dilo-sest-eteint-a-77-ans\/"},"wordCount":1610,"commentCount":0,"publisher":{"@id":"https:\/\/culture-series.fr\/blog\/#organization"},"image":{"@id":"https:\/\/culture-series.fr\/blog\/actualites-et-tendances\/tony-gatlif-est-mort-le-realisateur-de-gadjo-dilo-sest-eteint-a-77-ans\/#primaryimage"},"thumbnailUrl":"https:\/\/culture-series.fr\/blog\/wp-content\/uploads\/2026\/09\/pf8267-scaled.jpg","articleSection":["Actualit\u00e9s et Tendances"],"inLanguage":"fr-FR","potentialAction":[{"@type":"CommentAction","name":"Comment","target":["https:\/\/culture-series.fr\/blog\/actualites-et-tendances\/tony-gatlif-est-mort-le-realisateur-de-gadjo-dilo-sest-eteint-a-77-ans\/#respond"]}]},{"@type":"WebPage","@id":"https:\/\/culture-series.fr\/blog\/actualites-et-tendances\/tony-gatlif-est-mort-le-realisateur-de-gadjo-dilo-sest-eteint-a-77-ans\/","url":"https:\/\/culture-series.fr\/blog\/actualites-et-tendances\/tony-gatlif-est-mort-le-realisateur-de-gadjo-dilo-sest-eteint-a-77-ans\/","name":"Tony Gatlif, cin\u00e9aste de Gadjo Dilo, est mort \u00e0 77 ans","isPartOf":{"@id":"https:\/\/culture-series.fr\/blog\/#website"},"primaryImageOfPage":{"@id":"https:\/\/culture-series.fr\/blog\/actualites-et-tendances\/tony-gatlif-est-mort-le-realisateur-de-gadjo-dilo-sest-eteint-a-77-ans\/#primaryimage"},"image":{"@id":"https:\/\/culture-series.fr\/blog\/actualites-et-tendances\/tony-gatlif-est-mort-le-realisateur-de-gadjo-dilo-sest-eteint-a-77-ans\/#primaryimage"},"thumbnailUrl":"https:\/\/culture-series.fr\/blog\/wp-content\/uploads\/2026\/09\/pf8267-scaled.jpg","datePublished":"2026-09-04T09:58:36+00:00","description":"Tony Gatlif est mort \u00e0 77 ans \u00e0 Arles. De Latcho Drom \u00e0 Exils, prim\u00e9 \u00e0 Cannes en 2004, retour sur l'\u0153uvre du chantre du cin\u00e9ma tsigane et rom.","inLanguage":"fr-FR","potentialAction":[{"@type":"ReadAction","target":["https:\/\/culture-series.fr\/blog\/actualites-et-tendances\/tony-gatlif-est-mort-le-realisateur-de-gadjo-dilo-sest-eteint-a-77-ans\/"]}]},{"@type":"ImageObject","inLanguage":"fr-FR","@id":"https:\/\/culture-series.fr\/blog\/actualites-et-tendances\/tony-gatlif-est-mort-le-realisateur-de-gadjo-dilo-sest-eteint-a-77-ans\/#primaryimage","url":"https:\/\/culture-series.fr\/blog\/wp-content\/uploads\/2026\/09\/pf8267-scaled.jpg","contentUrl":"https:\/\/culture-series.fr\/blog\/wp-content\/uploads\/2026\/09\/pf8267-scaled.jpg","width":1200,"height":800},{"@type":"WebSite","@id":"https:\/\/culture-series.fr\/blog\/#website","url":"https:\/\/culture-series.fr\/blog\/","name":"culture-series.Fr","description":"Culture &amp; Series, l&#039;univers des s\u00e9ries en profondeur","publisher":{"@id":"https:\/\/culture-series.fr\/blog\/#organization"},"alternateName":"Culture & Series, l'univers des s\u00e9ries en profondeur","potentialAction":[{"@type":"SearchAction","target":{"@type":"EntryPoint","urlTemplate":"https:\/\/culture-series.fr\/blog\/?s={search_term_string}"},"query-input":{"@type":"PropertyValueSpecification","valueRequired":true,"valueName":"search_term_string"}}],"inLanguage":"fr-FR"},{"@type":"Organization","@id":"https:\/\/culture-series.fr\/blog\/#organization","name":"Foretsensations.fr","url":"https:\/\/culture-series.fr\/blog\/","logo":{"@type":"ImageObject","inLanguage":"fr-FR","@id":"https:\/\/culture-series.fr\/blog\/#\/schema\/logo\/image\/","url":"https:\/\/culture-series.fr\/blog\/wp-content\/uploads\/2024\/12\/27.png","contentUrl":"https:\/\/culture-series.fr\/blog\/wp-content\/uploads\/2024\/12\/27.png","width":500,"height":500,"caption":"Foretsensations.fr"},"image":{"@id":"https:\/\/culture-series.fr\/blog\/#\/schema\/logo\/image\/"}},{"@type":"Person","@id":"https:\/\/culture-series.fr\/blog\/#\/schema\/person\/a75898758abdcdf03730c199a993cd6e","name":"Marc Dubois","image":{"@type":"ImageObject","inLanguage":"fr-FR","@id":"https:\/\/culture-series.fr\/blog\/#\/schema\/person\/image\/","url":"https:\/\/secure.gravatar.com\/avatar\/?s=96&d=mm&r=g","contentUrl":"https:\/\/secure.gravatar.com\/avatar\/?s=96&d=mm&r=g","caption":"Marc Dubois"},"description":"Marc Dubois est journaliste sp\u00e9cialis\u00e9 dans l'industrie t\u00e9l\u00e9visuelle. Avec une exp\u00e9rience de plus de 10 ans, il couvre les derni\u00e8res tendances, les nouvelles sorties et interviewe les cr\u00e9ateurs et acteurs pour fournir des contenus exclusifs \u00e0 ses lecteurs.","url":"https:\/\/culture-series.fr\/blog\/auteur\/marc-dubois\/"}]}},"_links":{"self":[{"href":"https:\/\/culture-series.fr\/blog\/wp-json\/wp\/v2\/posts\/8267","targetHints":{"allow":["GET"]}}],"collection":[{"href":"https:\/\/culture-series.fr\/blog\/wp-json\/wp\/v2\/posts"}],"about":[{"href":"https:\/\/culture-series.fr\/blog\/wp-json\/wp\/v2\/types\/post"}],"author":[{"embeddable":true,"href":"https:\/\/culture-series.fr\/blog\/wp-json\/wp\/v2\/users\/40"}],"replies":[{"embeddable":true,"href":"https:\/\/culture-series.fr\/blog\/wp-json\/wp\/v2\/comments?post=8267"}],"version-history":[{"count":0,"href":"https:\/\/culture-series.fr\/blog\/wp-json\/wp\/v2\/posts\/8267\/revisions"}],"wp:featuredmedia":[{"embeddable":true,"href":"https:\/\/culture-series.fr\/blog\/wp-json\/wp\/v2\/media\/8268"}],"wp:attachment":[{"href":"https:\/\/culture-series.fr\/blog\/wp-json\/wp\/v2\/media?parent=8267"}],"wp:term":[{"taxonomy":"category","embeddable":true,"href":"https:\/\/culture-series.fr\/blog\/wp-json\/wp\/v2\/categories?post=8267"},{"taxonomy":"post_tag","embeddable":true,"href":"https:\/\/culture-series.fr\/blog\/wp-json\/wp\/v2\/tags?post=8267"}],"curies":[{"name":"wp","href":"https:\/\/api.w.org\/{rel}","templated":true}]}}