{"id":8265,"date":"2026-09-02T11:08:59","date_gmt":"2026-09-02T09:08:59","guid":{"rendered":"https:\/\/culture-series.fr\/blog\/actualites-et-tendances\/jean-paul-rappeneau-le-realisateur-de-cyrano-de-bergerac-est-mort-a-94-ans\/"},"modified":"2026-09-02T11:08:59","modified_gmt":"2026-09-02T09:08:59","slug":"jean-paul-rappeneau-le-realisateur-de-cyrano-de-bergerac-est-mort-a-94-ans","status":"publish","type":"post","link":"https:\/\/culture-series.fr\/blog\/actualites-et-tendances\/jean-paul-rappeneau-le-realisateur-de-cyrano-de-bergerac-est-mort-a-94-ans\/","title":{"rendered":"Jean-Paul Rappeneau, le r\u00e9alisateur de \u00ab Cyrano de Bergerac \u00bb, est mort \u00e0 94 ans"},"content":{"rendered":"<p><strong>Le r\u00e9alisateur fran\u00e7ais Jean-Paul Rappeneau est mort mardi 1er septembre 2026 \u00e0 Paris, \u00e0 l\u2019\u00e2ge de 94 ans : son d\u00e9c\u00e8s a \u00e9t\u00e9 annonc\u00e9 mercredi 2 septembre par un de ses fils \u00e0 l\u2019AFP.<\/strong> Avec lui dispara\u00eet l\u2019auteur de \u00ab Cyrano de Bergerac \u00bb, le film aux 10 C\u00e9sars qui a offert \u00e0 G\u00e9rard Depardieu l\u2019un des plus grands r\u00f4les de sa carri\u00e8re.<\/p>\n<div style=\"background:#f6f6f8;border-left:4px solid #444;padding:16px 20px;margin:20px 0;border-radius:8px;\">\n<p><strong>En bref<\/strong><\/p>\n<ul>\n<li>Jean-Paul Rappeneau est mort mardi <strong>1er septembre 2026<\/strong> \u00e0 <strong>Paris<\/strong>, \u00e0 <strong>94 ans<\/strong> ; l\u2019annonce a \u00e9t\u00e9 faite le lendemain par un de ses fils \u00e0 l\u2019AFP.<\/li>\n<li>N\u00e9 le <strong>8 avril 1932<\/strong> \u00e0 Auxerre, il n\u2019a r\u00e9alis\u00e9 que <strong>huit longs-m\u00e9trages<\/strong> en pr\u00e8s de cinquante ans, de \u00ab La Vie de ch\u00e2teau \u00bb (1966) \u00e0 \u00ab Belles Familles \u00bb (2015).<\/li>\n<li><strong>\u00ab Cyrano de Bergerac \u00bb<\/strong> (1990) a remport\u00e9 <strong>10 C\u00e9sars<\/strong> en 1991, le prix d\u2019interpr\u00e9tation \u00e0 Cannes pour Depardieu et l\u2019Oscar des meilleurs costumes.<\/li>\n<li><strong>\u00ab Le Hussard sur le toit \u00bb<\/strong> (1995) \u00e9tait, \u00e0 sa sortie, le film le plus cher de l\u2019histoire du cin\u00e9ma fran\u00e7ais.<\/li>\n<\/ul>\n<\/div>\n<h2>Qui \u00e9tait Jean-Paul Rappeneau ?<\/h2>\n<p>N\u00e9 \u00e0 Auxerre le <strong>8 avril 1932<\/strong>, Jean-Paul Rappeneau fut \u00e0 la fois r\u00e9alisateur et sc\u00e9nariste. Avant de passer derri\u00e8re la cam\u00e9ra, il travailla comme assistant et \u00e9crivit pour d\u2019autres, notamment comme cosc\u00e9nariste de <strong>\u00ab L\u2019Homme de Rio \u00bb<\/strong> (1964) de Philippe de Broca, avec Jean-Paul Belmondo.<\/p>\n<p>Ce qui frappait, chez lui, c\u2019\u00e9tait la raret\u00e9 : <strong>huit longs-m\u00e9trages en pr\u00e8s de cinquante ans<\/strong>. Pas de production \u00e0 la cha\u00eene, pas de bavardage m\u00e9diatique. Rappeneau appartenait \u00e0 cette famille de cin\u00e9astes qui pr\u00e9f\u00e9raient soigner une sc\u00e8ne, une r\u00e9plique, un rythme, plut\u00f4t que d\u2019occuper le terrain. Pour le grand public, une phrase suffit : c\u2019est l\u2019homme qui a mis en sc\u00e8ne le \u00ab Cyrano \u00bb de Depardieu, l\u2019un des plus grands succ\u00e8s du cin\u00e9ma fran\u00e7ais.<\/p>\n<h2>Ce que l\u2019on sait de sa mort<\/h2>\n<p>La nouvelle est tomb\u00e9e le <strong>mercredi 2 septembre 2026<\/strong> : un de ses fils a annonc\u00e9 \u00e0 l\u2019AFP que le cin\u00e9aste \u00e9tait mort la veille \u00e0 <strong>Paris<\/strong>, \u00e0 l\u2019\u00e2ge de <strong>94 ans<\/strong>. L\u2019information a ensuite \u00e9t\u00e9 reprise par les grands m\u00e9dias fran\u00e7ais. Les causes du d\u00e9c\u00e8s n\u2019ont pas \u00e9t\u00e9 communiqu\u00e9es.<\/p>\n<h2>Une filmographie courte, mais d\u2019une densit\u00e9 rare<\/h2>\n<p>Rappeneau n\u2019a pas tourn\u00e9 beaucoup, et c\u2019est justement ce qui rend sa filmographie si lisible. Chaque film compte, aucun remplissage. On y retrouve un go\u00fbt tr\u00e8s net pour l\u2019\u00e9lan, l\u2019aventure et le panache, avec un sens du dialogue qui ne triche pas.<\/p>\n<table>\n<tr>\n<th>Ann\u00e9e<\/th>\n<th>Film<\/th>\n<th>Acteurs principaux<\/th>\n<\/tr>\n<tr>\n<td>1966<\/td>\n<td>La Vie de ch\u00e2teau<\/td>\n<td>Catherine Deneuve, Philippe Noiret<\/td>\n<\/tr>\n<tr>\n<td>1971<\/td>\n<td>Les Mari\u00e9s de l\u2019an II<\/td>\n<td>Jean-Paul Belmondo, Marl\u00e8ne Jobert<\/td>\n<\/tr>\n<tr>\n<td>1975<\/td>\n<td>Le Sauvage<\/td>\n<td>Yves Montand, Catherine Deneuve<\/td>\n<\/tr>\n<tr>\n<td>1982<\/td>\n<td>Tout feu tout flamme<\/td>\n<td>Yves Montand, Isabelle Adjani<\/td>\n<\/tr>\n<tr>\n<td>1990<\/td>\n<td>Cyrano de Bergerac<\/td>\n<td>G\u00e9rard Depardieu<\/td>\n<\/tr>\n<tr>\n<td>1995<\/td>\n<td>Le Hussard sur le toit<\/td>\n<td>Juliette Binoche, Olivier Martinez<\/td>\n<\/tr>\n<tr>\n<td>2003<\/td>\n<td>Bon Voyage<\/td>\n<td>Isabelle Adjani, G\u00e9rard Depardieu<\/td>\n<\/tr>\n<tr>\n<td>2015<\/td>\n<td>Belles Familles<\/td>\n<td>Mathieu Amalric<\/td>\n<\/tr>\n<\/table>\n<p>Cette suite dit d\u00e9j\u00e0 beaucoup. Il y a <strong>\u00ab La Vie de ch\u00e2teau \u00bb<\/strong>, son premier film, couronn\u00e9 du <strong>prix Louis-Delluc<\/strong>. Il y a les grands films populaires des ann\u00e9es 1970 et 1980. Puis vient le sommet, <strong>\u00ab Cyrano de Bergerac \u00bb<\/strong>, avant <strong>\u00ab Le Hussard sur le toit \u00bb<\/strong>, adaptation ambitieuse du roman de Jean Giono et alors <strong>film le plus cher de l\u2019histoire du cin\u00e9ma fran\u00e7ais<\/strong>.<\/p>\n<h2>\u00ab Cyrano de Bergerac \u00bb, le triomphe absolu<\/h2>\n<p><strong>\u00ab Cyrano de Bergerac \u00bb<\/strong> a donn\u00e9 \u00e0 G\u00e9rard Depardieu un r\u00f4le monumental, r\u00e9compens\u00e9 par le <strong>prix d\u2019interpr\u00e9tation masculine au Festival de Cannes 1990<\/strong>, puis par <strong>10 C\u00e9sars en 1991<\/strong>, dont ceux du <strong>meilleur film<\/strong>, du <strong>meilleur r\u00e9alisateur<\/strong> pour Rappeneau et du <strong>meilleur acteur<\/strong> pour Depardieu. Le film a aussi obtenu <strong>5 nominations aux Oscars<\/strong> et remport\u00e9 l\u2019<strong>Oscar des meilleurs costumes<\/strong> pour Franca Squarciapino.<\/p>\n<figure style=\"margin:24px auto;max-width:560px;\">\n<div style=\"position:relative;padding-bottom:56.25%;height:0;max-width:560px;margin:0 auto;\"><iframe src=\"https:\/\/www.youtube-nocookie.com\/embed\/e_6VCPhDTIE\" style=\"position:absolute;top:0;left:0;width:100%;height:100%;border:none;border-radius:12px;\" loading=\"lazy\" title=\"Cyrano de Bergerac (1990) : la tirade du \u00ab Non, merci \u00bb par G\u00e9rard Depardieu\" allowfullscreen><\/iframe><figcaption style=\"font-size:0.85em;color:#666;text-align:center;margin-top:8px;\">La tirade du \u00ab Non, merci \u00bb : G\u00e9rard Depardieu dans \u00ab Cyrano de Bergerac \u00bb (1990) de Jean-Paul Rappeneau.<\/figcaption><\/div>\n<\/figure>\n<p>Avec <strong>\u00ab Le Hussard sur le toit \u00bb<\/strong>, Rappeneau a ensuite vis\u00e9 encore plus large. Romanesque, ample, visuel, le film porte une ambition de grand cin\u00e9ma devenue rare. Juliette Binoche et Olivier Martinez y incarnent cette dimension lyrique et fi\u00e9vreuse qui traverse toute son \u0153uvre.<\/p>\n<h2>Un artisan du sc\u00e9nario avant d\u2019\u00eatre un r\u00e9alisateur<\/h2>\n<p>On r\u00e9duit souvent Rappeneau \u00e0 ses seuls films connus. Il a aussi \u00e9t\u00e9 un homme de sc\u00e9narios, avec une vraie ma\u00eetrise de la structure et des dialogues. Son travail avec Philippe de Broca sur <strong>\u00ab L\u2019Homme de Rio \u00bb<\/strong> montrait d\u00e9j\u00e0 ce go\u00fbt pour le mouvement, l\u2019humour et l\u2019efficacit\u00e9 narrative. C\u2019est m\u00eame la cl\u00e9 de lecture de tout son cin\u00e9ma : chez lui, le r\u00e9cit avance vite, mais jamais au d\u00e9triment des personnages.<\/p>\n<h2>Ce que sa disparition dit du cin\u00e9ma fran\u00e7ais<\/h2>\n<p>Avec lui s\u2019\u00e9loigne une certaine id\u00e9e du cin\u00e9ma fran\u00e7ais : des films de grand format, port\u00e9s par des stars \u2014 de Deneuve \u00e0 Depardieu, dans une tradition populaire qui remonte \u00e0 <a href=\"https:\/\/culture-series.fr\/blog\/analyses-culturelles\/la-fortune-de-jean-gabin-son-parcours-dun-acteur-modeste-a-icone-du-cinema\/\">l\u2019\u00e9poque de Jean Gabin<\/a> \u2014, avec du souffle, de la tenue et une vraie ambition grand public.<\/p>\n<p>Sa mort remet ses films sur le devant de la sc\u00e8ne : les cha\u00eenes, <a href=\"https:\/\/culture-series.fr\/blog\/guides-de-visionnage\/netflix-abonnement-prix-formules-2026\/\">les plateformes de streaming<\/a> et les cin\u00e9math\u00e8ques ressortent r\u00e9guli\u00e8rement les grands titres dans ces moments-l\u00e0, pendant que <a href=\"https:\/\/culture-series.fr\/blog\/guides-de-visionnage\/les-sorties-cinema-de-janvier-2025-ce-qui-vous-attend-vraiment\/\">les salles<\/a> continuent de faire vivre le grand \u00e9cran. L\u2019occasion de ne pas s\u2019arr\u00eater \u00e0 \u00ab Cyrano \u00bb : <strong>\u00ab Le Sauvage \u00bb<\/strong>, <strong>\u00ab Les Mari\u00e9s de l\u2019an II \u00bb<\/strong> ou <strong>\u00ab Tout feu tout flamme \u00bb<\/strong> racontent un cin\u00e9ma plus l\u00e9ger en apparence, plus nerveux et plus inventif qu\u2019on ne le dit souvent.<\/p>\n<h2>Questions fr\u00e9quentes<\/h2>\n<details>\n<summary><strong>Quand et o\u00f9 Jean-Paul Rappeneau est-il mort ?<\/strong><\/summary>\n<p>Jean-Paul Rappeneau est mort mardi 1er septembre 2026 \u00e0 Paris, \u00e0 l\u2019\u00e2ge de 94 ans. Son d\u00e9c\u00e8s a \u00e9t\u00e9 annonc\u00e9 le lendemain, mercredi 2 septembre, par un de ses fils \u00e0 l\u2019AFP. Les causes du d\u00e9c\u00e8s n\u2019ont pas \u00e9t\u00e9 communiqu\u00e9es.<\/p>\n<\/details>\n<details>\n<summary><strong>Combien de C\u00e9sars \u00ab Cyrano de Bergerac \u00bb a-t-il remport\u00e9s ?<\/strong><\/summary>\n<p>\u00ab Cyrano de Bergerac \u00bb (1990) a remport\u00e9 10 C\u00e9sars en 1991, dont ceux du meilleur film, du meilleur r\u00e9alisateur pour Jean-Paul Rappeneau et du meilleur acteur pour G\u00e9rard Depardieu. Le film a aussi valu \u00e0 Depardieu le prix d\u2019interpr\u00e9tation masculine au Festival de Cannes 1990 et a remport\u00e9 l\u2019Oscar des meilleurs costumes.<\/p>\n<\/details>\n<details>\n<summary><strong>Combien de films Jean-Paul Rappeneau a-t-il r\u00e9alis\u00e9s ?<\/strong><\/summary>\n<p>Huit longs-m\u00e9trages en pr\u00e8s de cinquante ans : La Vie de ch\u00e2teau (1966), Les Mari\u00e9s de l\u2019an II (1971), Le Sauvage (1975), Tout feu tout flamme (1982), Cyrano de Bergerac (1990), Le Hussard sur le toit (1995), Bon Voyage (2003) et Belles Familles (2015).<\/p>\n<\/details>\n<p><script type=\"application\/ld+json\">{\"@context\":\"https:\/\/schema.org\",\"@type\":\"FAQPage\",\"mainEntity\":[{\"@type\":\"Question\",\"name\":\"Quand et o\u00f9 Jean-Paul Rappeneau est-il mort ?\",\"acceptedAnswer\":{\"@type\":\"Answer\",\"text\":\"Jean-Paul Rappeneau est mort mardi 1er septembre 2026 \u00e0 Paris, \u00e0 l'\u00e2ge de 94 ans. Son d\u00e9c\u00e8s a \u00e9t\u00e9 annonc\u00e9 le lendemain, mercredi 2 septembre, par un de ses fils \u00e0 l'AFP. Les causes du d\u00e9c\u00e8s n'ont pas \u00e9t\u00e9 communiqu\u00e9es.\"}},{\"@type\":\"Question\",\"name\":\"Combien de C\u00e9sars \u00ab Cyrano de Bergerac \u00bb a-t-il remport\u00e9s ?\",\"acceptedAnswer\":{\"@type\":\"Answer\",\"text\":\"Cyrano de Bergerac (1990) a remport\u00e9 10 C\u00e9sars en 1991, dont meilleur film, meilleur r\u00e9alisateur pour Jean-Paul Rappeneau et meilleur acteur pour G\u00e9rard Depardieu, ainsi que le prix d'interpr\u00e9tation masculine \u00e0 Cannes 1990 pour Depardieu et l'Oscar des meilleurs costumes.\"}},{\"@type\":\"Question\",\"name\":\"Combien de films Jean-Paul Rappeneau a-t-il r\u00e9alis\u00e9s ?\",\"acceptedAnswer\":{\"@type\":\"Answer\",\"text\":\"Huit longs-m\u00e9trages en pr\u00e8s de cinquante ans : La Vie de ch\u00e2teau (1966), Les Mari\u00e9s de l'an II (1971), Le Sauvage (1975), Tout feu tout flamme (1982), Cyrano de Bergerac (1990), Le Hussard sur le toit (1995), Bon Voyage (2003) et Belles Familles (2015).\"}}]}<\/script><\/p>\n<p><strong>\u00c0 retenir :<\/strong> Jean-Paul Rappeneau est mort le <strong>1er septembre 2026<\/strong> \u00e0 Paris, \u00e0 <strong>94 ans<\/strong>. R\u00e9alisateur rare et sc\u00e9nariste aff\u00fbt\u00e9, il laisse <strong>huit longs-m\u00e9trages<\/strong> marqu\u00e9s par le romanesque, avec <strong>\u00ab Cyrano de Bergerac \u00bb<\/strong> \u2014 10 C\u00e9sars, un prix d\u2019interpr\u00e9tation \u00e0 Cannes et un Oscar \u2014 et <strong>\u00ab Le Hussard sur le toit \u00bb<\/strong> comme rep\u00e8res majeurs. Une certaine id\u00e9e du grand cin\u00e9ma populaire fran\u00e7ais s\u2019en va avec lui.<\/p>\n<p style=\"font-size:0.85em;color:#666;\">Sources : <a href=\"https:\/\/www.ici.fr\/bourgogne-franche-comte\/yonne-89\/auxerre\/jean-paul-rappeneau-realisateur-de-cyrano-de-bergerac-est-mort-a-94-ans-7418930\" rel=\"nofollow\">ici.fr (Radio France)<\/a>, <a href=\"https:\/\/www.radiolac.ch\/culture\/deces-de-jean-paul-rappeneau-realisateur-de-cyrano-de-bergerac\/\" rel=\"nofollow\">d\u00e9p\u00eache AFP<\/a>.<\/p>\n","protected":false},"excerpt":{"rendered":"","protected":false},"author":41,"featured_media":8266,"comment_status":"open","ping_status":"open","sticky":false,"template":"","format":"standard","meta":{"_acf_changed":false,"manual_indexmenow":false,"indexmenow_id_project":0,"footnotes":""},"categories":[4523],"tags":[],"class_list":["post-8265","post","type-post","status-publish","format-standard","has-post-thumbnail","hentry","category-actualites-et-tendances","generate-columns","tablet-grid-50","mobile-grid-100","grid-parent","grid-25"],"acf":[],"yoast_head":"<!-- This site is optimized with the Yoast SEO Premium plugin v21.3 (Yoast SEO v25.6) - https:\/\/yoast.com\/wordpress\/plugins\/seo\/ -->\n<title>Mort de Jean-Paul Rappeneau, r\u00e9alisateur de Cyrano, \u00e0 94 ans<\/title>\n<meta name=\"description\" content=\"Jean-Paul Rappeneau est mort mardi 1er septembre \u00e0 Paris, \u00e0 94 ans. Huit films seulement, de La Vie de ch\u00e2teau au triomphe de Cyrano de Bergerac en 1990.\" \/>\n<meta name=\"robots\" content=\"index, follow, max-snippet:-1, max-image-preview:large, max-video-preview:-1\" \/>\n<link rel=\"canonical\" href=\"https:\/\/culture-series.fr\/blog\/actualites-et-tendances\/jean-paul-rappeneau-le-realisateur-de-cyrano-de-bergerac-est-mort-a-94-ans\/\" \/>\n<meta property=\"og:locale\" content=\"fr_FR\" \/>\n<meta property=\"og:type\" content=\"article\" \/>\n<meta property=\"og:title\" content=\"Mort de Jean-Paul Rappeneau, r\u00e9alisateur de Cyrano, \u00e0 94 ans\" \/>\n<meta property=\"og:description\" content=\"Jean-Paul Rappeneau est mort mardi 1er septembre \u00e0 Paris, \u00e0 94 ans. Huit films seulement, de La Vie de ch\u00e2teau au triomphe de Cyrano de Bergerac en 1990.\" \/>\n<meta property=\"og:url\" content=\"https:\/\/culture-series.fr\/blog\/actualites-et-tendances\/jean-paul-rappeneau-le-realisateur-de-cyrano-de-bergerac-est-mort-a-94-ans\/\" \/>\n<meta property=\"og:site_name\" content=\"culture-series\" \/>\n<meta property=\"og:image\" content=\"https:\/\/culture-series.fr\/blog\/wp-content\/uploads\/2026\/09\/pf8265-scaled.jpg\" \/>\n\t<meta property=\"og:image:width\" content=\"1200\" \/>\n\t<meta property=\"og:image:height\" content=\"800\" \/>\n\t<meta property=\"og:image:type\" content=\"image\/jpeg\" \/>\n<meta name=\"author\" content=\"Sophie Martin\" \/>\n<meta name=\"twitter:card\" content=\"summary_large_image\" \/>\n<script type=\"application\/ld+json\" class=\"yoast-schema-graph\">{\"@context\":\"https:\/\/schema.org\",\"@graph\":[{\"@type\":\"NewsArticle\",\"@id\":\"https:\/\/culture-series.fr\/blog\/actualites-et-tendances\/jean-paul-rappeneau-le-realisateur-de-cyrano-de-bergerac-est-mort-a-94-ans\/#article\",\"isPartOf\":{\"@id\":\"https:\/\/culture-series.fr\/blog\/actualites-et-tendances\/jean-paul-rappeneau-le-realisateur-de-cyrano-de-bergerac-est-mort-a-94-ans\/\"},\"author\":{\"name\":\"Sophie Martin\",\"@id\":\"https:\/\/culture-series.fr\/blog\/#\/schema\/person\/5c0eda07620ea0e992aef4bbb770a876\"},\"headline\":\"Jean-Paul Rappeneau, le r\u00e9alisateur de \u00ab Cyrano de Bergerac \u00bb, est mort \u00e0 94 ans\",\"datePublished\":\"2026-09-02T09:08:59+00:00\",\"mainEntityOfPage\":{\"@id\":\"https:\/\/culture-series.fr\/blog\/actualites-et-tendances\/jean-paul-rappeneau-le-realisateur-de-cyrano-de-bergerac-est-mort-a-94-ans\/\"},\"wordCount\":1174,\"commentCount\":0,\"publisher\":{\"@id\":\"https:\/\/culture-series.fr\/blog\/#organization\"},\"image\":{\"@id\":\"https:\/\/culture-series.fr\/blog\/actualites-et-tendances\/jean-paul-rappeneau-le-realisateur-de-cyrano-de-bergerac-est-mort-a-94-ans\/#primaryimage\"},\"thumbnailUrl\":\"https:\/\/culture-series.fr\/blog\/wp-content\/uploads\/2026\/09\/pf8265-scaled.jpg\",\"articleSection\":[\"Actualit\u00e9s et Tendances\"],\"inLanguage\":\"fr-FR\",\"potentialAction\":[{\"@type\":\"CommentAction\",\"name\":\"Comment\",\"target\":[\"https:\/\/culture-series.fr\/blog\/actualites-et-tendances\/jean-paul-rappeneau-le-realisateur-de-cyrano-de-bergerac-est-mort-a-94-ans\/#respond\"]}]},{\"@type\":\"WebPage\",\"@id\":\"https:\/\/culture-series.fr\/blog\/actualites-et-tendances\/jean-paul-rappeneau-le-realisateur-de-cyrano-de-bergerac-est-mort-a-94-ans\/\",\"url\":\"https:\/\/culture-series.fr\/blog\/actualites-et-tendances\/jean-paul-rappeneau-le-realisateur-de-cyrano-de-bergerac-est-mort-a-94-ans\/\",\"name\":\"Mort de Jean-Paul Rappeneau, r\u00e9alisateur de Cyrano, \u00e0 94 ans\",\"isPartOf\":{\"@id\":\"https:\/\/culture-series.fr\/blog\/#website\"},\"primaryImageOfPage\":{\"@id\":\"https:\/\/culture-series.fr\/blog\/actualites-et-tendances\/jean-paul-rappeneau-le-realisateur-de-cyrano-de-bergerac-est-mort-a-94-ans\/#primaryimage\"},\"image\":{\"@id\":\"https:\/\/culture-series.fr\/blog\/actualites-et-tendances\/jean-paul-rappeneau-le-realisateur-de-cyrano-de-bergerac-est-mort-a-94-ans\/#primaryimage\"},\"thumbnailUrl\":\"https:\/\/culture-series.fr\/blog\/wp-content\/uploads\/2026\/09\/pf8265-scaled.jpg\",\"datePublished\":\"2026-09-02T09:08:59+00:00\",\"description\":\"Jean-Paul Rappeneau est mort mardi 1er septembre \u00e0 Paris, \u00e0 94 ans. Huit films seulement, de La Vie de ch\u00e2teau au triomphe de Cyrano de Bergerac en 1990.\",\"inLanguage\":\"fr-FR\",\"potentialAction\":[{\"@type\":\"ReadAction\",\"target\":[\"https:\/\/culture-series.fr\/blog\/actualites-et-tendances\/jean-paul-rappeneau-le-realisateur-de-cyrano-de-bergerac-est-mort-a-94-ans\/\"]}]},{\"@type\":\"ImageObject\",\"inLanguage\":\"fr-FR\",\"@id\":\"https:\/\/culture-series.fr\/blog\/actualites-et-tendances\/jean-paul-rappeneau-le-realisateur-de-cyrano-de-bergerac-est-mort-a-94-ans\/#primaryimage\",\"url\":\"https:\/\/culture-series.fr\/blog\/wp-content\/uploads\/2026\/09\/pf8265-scaled.jpg\",\"contentUrl\":\"https:\/\/culture-series.fr\/blog\/wp-content\/uploads\/2026\/09\/pf8265-scaled.jpg\",\"width\":1200,\"height\":800},{\"@type\":\"WebSite\",\"@id\":\"https:\/\/culture-series.fr\/blog\/#website\",\"url\":\"https:\/\/culture-series.fr\/blog\/\",\"name\":\"culture-series.Fr\",\"description\":\"Culture &amp; Series, l&#039;univers des s\u00e9ries en profondeur\",\"publisher\":{\"@id\":\"https:\/\/culture-series.fr\/blog\/#organization\"},\"alternateName\":\"Culture & Series, l'univers des s\u00e9ries en profondeur\",\"potentialAction\":[{\"@type\":\"SearchAction\",\"target\":{\"@type\":\"EntryPoint\",\"urlTemplate\":\"https:\/\/culture-series.fr\/blog\/?s={search_term_string}\"},\"query-input\":{\"@type\":\"PropertyValueSpecification\",\"valueRequired\":true,\"valueName\":\"search_term_string\"}}],\"inLanguage\":\"fr-FR\"},{\"@type\":\"Organization\",\"@id\":\"https:\/\/culture-series.fr\/blog\/#organization\",\"name\":\"Foretsensations.fr\",\"url\":\"https:\/\/culture-series.fr\/blog\/\",\"logo\":{\"@type\":\"ImageObject\",\"inLanguage\":\"fr-FR\",\"@id\":\"https:\/\/culture-series.fr\/blog\/#\/schema\/logo\/image\/\",\"url\":\"https:\/\/culture-series.fr\/blog\/wp-content\/uploads\/2024\/12\/27.png\",\"contentUrl\":\"https:\/\/culture-series.fr\/blog\/wp-content\/uploads\/2024\/12\/27.png\",\"width\":500,\"height\":500,\"caption\":\"Foretsensations.fr\"},\"image\":{\"@id\":\"https:\/\/culture-series.fr\/blog\/#\/schema\/logo\/image\/\"}},{\"@type\":\"Person\",\"@id\":\"https:\/\/culture-series.fr\/blog\/#\/schema\/person\/5c0eda07620ea0e992aef4bbb770a876\",\"name\":\"Sophie Martin\",\"image\":{\"@type\":\"ImageObject\",\"inLanguage\":\"fr-FR\",\"@id\":\"https:\/\/culture-series.fr\/blog\/#\/schema\/person\/image\/\",\"url\":\"https:\/\/secure.gravatar.com\/avatar\/?s=96&d=mm&r=g\",\"contentUrl\":\"https:\/\/secure.gravatar.com\/avatar\/?s=96&d=mm&r=g\",\"caption\":\"Sophie Martin\"},\"description\":\"Sophie Martin est formatrice en storytelling et sc\u00e9nariste. Elle analyse les structures narratives des s\u00e9ries populaires et propose des guides pour aider les aspirants cr\u00e9ateurs \u00e0 d\u00e9velopper leurs propres histoires captivantes.\",\"url\":\"https:\/\/culture-series.fr\/blog\/auteur\/sophie-martin\/\",\"jobTitle\":\"Contributrice beaut\u00e9\",\"email\":\"sophie.martin@boutique-celine-pretaporter.fr\"}]}<\/script>\n<!-- \/ Yoast SEO Premium plugin. -->","yoast_head_json":{"title":"Mort de Jean-Paul Rappeneau, r\u00e9alisateur de Cyrano, \u00e0 94 ans","description":"Jean-Paul Rappeneau est mort mardi 1er septembre \u00e0 Paris, \u00e0 94 ans. Huit films seulement, de La Vie de ch\u00e2teau au triomphe de Cyrano de Bergerac en 1990.","robots":{"index":"index","follow":"follow","max-snippet":"max-snippet:-1","max-image-preview":"max-image-preview:large","max-video-preview":"max-video-preview:-1"},"canonical":"https:\/\/culture-series.fr\/blog\/actualites-et-tendances\/jean-paul-rappeneau-le-realisateur-de-cyrano-de-bergerac-est-mort-a-94-ans\/","og_locale":"fr_FR","og_type":"article","og_title":"Mort de Jean-Paul Rappeneau, r\u00e9alisateur de Cyrano, \u00e0 94 ans","og_description":"Jean-Paul Rappeneau est mort mardi 1er septembre \u00e0 Paris, \u00e0 94 ans. Huit films seulement, de La Vie de ch\u00e2teau au triomphe de Cyrano de Bergerac en 1990.","og_url":"https:\/\/culture-series.fr\/blog\/actualites-et-tendances\/jean-paul-rappeneau-le-realisateur-de-cyrano-de-bergerac-est-mort-a-94-ans\/","og_site_name":"culture-series","og_image":[{"width":1200,"height":800,"url":"https:\/\/culture-series.fr\/blog\/wp-content\/uploads\/2026\/09\/pf8265-scaled.jpg","type":"image\/jpeg"}],"author":"Sophie Martin","twitter_card":"summary_large_image","schema":{"@context":"https:\/\/schema.org","@graph":[{"@type":"NewsArticle","@id":"https:\/\/culture-series.fr\/blog\/actualites-et-tendances\/jean-paul-rappeneau-le-realisateur-de-cyrano-de-bergerac-est-mort-a-94-ans\/#article","isPartOf":{"@id":"https:\/\/culture-series.fr\/blog\/actualites-et-tendances\/jean-paul-rappeneau-le-realisateur-de-cyrano-de-bergerac-est-mort-a-94-ans\/"},"author":{"name":"Sophie Martin","@id":"https:\/\/culture-series.fr\/blog\/#\/schema\/person\/5c0eda07620ea0e992aef4bbb770a876"},"headline":"Jean-Paul Rappeneau, le r\u00e9alisateur de \u00ab Cyrano de Bergerac \u00bb, est mort \u00e0 94 ans","datePublished":"2026-09-02T09:08:59+00:00","mainEntityOfPage":{"@id":"https:\/\/culture-series.fr\/blog\/actualites-et-tendances\/jean-paul-rappeneau-le-realisateur-de-cyrano-de-bergerac-est-mort-a-94-ans\/"},"wordCount":1174,"commentCount":0,"publisher":{"@id":"https:\/\/culture-series.fr\/blog\/#organization"},"image":{"@id":"https:\/\/culture-series.fr\/blog\/actualites-et-tendances\/jean-paul-rappeneau-le-realisateur-de-cyrano-de-bergerac-est-mort-a-94-ans\/#primaryimage"},"thumbnailUrl":"https:\/\/culture-series.fr\/blog\/wp-content\/uploads\/2026\/09\/pf8265-scaled.jpg","articleSection":["Actualit\u00e9s et Tendances"],"inLanguage":"fr-FR","potentialAction":[{"@type":"CommentAction","name":"Comment","target":["https:\/\/culture-series.fr\/blog\/actualites-et-tendances\/jean-paul-rappeneau-le-realisateur-de-cyrano-de-bergerac-est-mort-a-94-ans\/#respond"]}]},{"@type":"WebPage","@id":"https:\/\/culture-series.fr\/blog\/actualites-et-tendances\/jean-paul-rappeneau-le-realisateur-de-cyrano-de-bergerac-est-mort-a-94-ans\/","url":"https:\/\/culture-series.fr\/blog\/actualites-et-tendances\/jean-paul-rappeneau-le-realisateur-de-cyrano-de-bergerac-est-mort-a-94-ans\/","name":"Mort de Jean-Paul Rappeneau, r\u00e9alisateur de Cyrano, \u00e0 94 ans","isPartOf":{"@id":"https:\/\/culture-series.fr\/blog\/#website"},"primaryImageOfPage":{"@id":"https:\/\/culture-series.fr\/blog\/actualites-et-tendances\/jean-paul-rappeneau-le-realisateur-de-cyrano-de-bergerac-est-mort-a-94-ans\/#primaryimage"},"image":{"@id":"https:\/\/culture-series.fr\/blog\/actualites-et-tendances\/jean-paul-rappeneau-le-realisateur-de-cyrano-de-bergerac-est-mort-a-94-ans\/#primaryimage"},"thumbnailUrl":"https:\/\/culture-series.fr\/blog\/wp-content\/uploads\/2026\/09\/pf8265-scaled.jpg","datePublished":"2026-09-02T09:08:59+00:00","description":"Jean-Paul Rappeneau est mort mardi 1er septembre \u00e0 Paris, \u00e0 94 ans. Huit films seulement, de La Vie de ch\u00e2teau au triomphe de Cyrano de Bergerac en 1990.","inLanguage":"fr-FR","potentialAction":[{"@type":"ReadAction","target":["https:\/\/culture-series.fr\/blog\/actualites-et-tendances\/jean-paul-rappeneau-le-realisateur-de-cyrano-de-bergerac-est-mort-a-94-ans\/"]}]},{"@type":"ImageObject","inLanguage":"fr-FR","@id":"https:\/\/culture-series.fr\/blog\/actualites-et-tendances\/jean-paul-rappeneau-le-realisateur-de-cyrano-de-bergerac-est-mort-a-94-ans\/#primaryimage","url":"https:\/\/culture-series.fr\/blog\/wp-content\/uploads\/2026\/09\/pf8265-scaled.jpg","contentUrl":"https:\/\/culture-series.fr\/blog\/wp-content\/uploads\/2026\/09\/pf8265-scaled.jpg","width":1200,"height":800},{"@type":"WebSite","@id":"https:\/\/culture-series.fr\/blog\/#website","url":"https:\/\/culture-series.fr\/blog\/","name":"culture-series.Fr","description":"Culture &amp; Series, l&#039;univers des s\u00e9ries en profondeur","publisher":{"@id":"https:\/\/culture-series.fr\/blog\/#organization"},"alternateName":"Culture & Series, l'univers des s\u00e9ries en profondeur","potentialAction":[{"@type":"SearchAction","target":{"@type":"EntryPoint","urlTemplate":"https:\/\/culture-series.fr\/blog\/?s={search_term_string}"},"query-input":{"@type":"PropertyValueSpecification","valueRequired":true,"valueName":"search_term_string"}}],"inLanguage":"fr-FR"},{"@type":"Organization","@id":"https:\/\/culture-series.fr\/blog\/#organization","name":"Foretsensations.fr","url":"https:\/\/culture-series.fr\/blog\/","logo":{"@type":"ImageObject","inLanguage":"fr-FR","@id":"https:\/\/culture-series.fr\/blog\/#\/schema\/logo\/image\/","url":"https:\/\/culture-series.fr\/blog\/wp-content\/uploads\/2024\/12\/27.png","contentUrl":"https:\/\/culture-series.fr\/blog\/wp-content\/uploads\/2024\/12\/27.png","width":500,"height":500,"caption":"Foretsensations.fr"},"image":{"@id":"https:\/\/culture-series.fr\/blog\/#\/schema\/logo\/image\/"}},{"@type":"Person","@id":"https:\/\/culture-series.fr\/blog\/#\/schema\/person\/5c0eda07620ea0e992aef4bbb770a876","name":"Sophie Martin","image":{"@type":"ImageObject","inLanguage":"fr-FR","@id":"https:\/\/culture-series.fr\/blog\/#\/schema\/person\/image\/","url":"https:\/\/secure.gravatar.com\/avatar\/?s=96&d=mm&r=g","contentUrl":"https:\/\/secure.gravatar.com\/avatar\/?s=96&d=mm&r=g","caption":"Sophie Martin"},"description":"Sophie Martin est formatrice en storytelling et sc\u00e9nariste. Elle analyse les structures narratives des s\u00e9ries populaires et propose des guides pour aider les aspirants cr\u00e9ateurs \u00e0 d\u00e9velopper leurs propres histoires captivantes.","url":"https:\/\/culture-series.fr\/blog\/auteur\/sophie-martin\/","jobTitle":"Contributrice beaut\u00e9","email":"sophie.martin@boutique-celine-pretaporter.fr"}]}},"_links":{"self":[{"href":"https:\/\/culture-series.fr\/blog\/wp-json\/wp\/v2\/posts\/8265","targetHints":{"allow":["GET"]}}],"collection":[{"href":"https:\/\/culture-series.fr\/blog\/wp-json\/wp\/v2\/posts"}],"about":[{"href":"https:\/\/culture-series.fr\/blog\/wp-json\/wp\/v2\/types\/post"}],"author":[{"embeddable":true,"href":"https:\/\/culture-series.fr\/blog\/wp-json\/wp\/v2\/users\/41"}],"replies":[{"embeddable":true,"href":"https:\/\/culture-series.fr\/blog\/wp-json\/wp\/v2\/comments?post=8265"}],"version-history":[{"count":0,"href":"https:\/\/culture-series.fr\/blog\/wp-json\/wp\/v2\/posts\/8265\/revisions"}],"wp:featuredmedia":[{"embeddable":true,"href":"https:\/\/culture-series.fr\/blog\/wp-json\/wp\/v2\/media\/8266"}],"wp:attachment":[{"href":"https:\/\/culture-series.fr\/blog\/wp-json\/wp\/v2\/media?parent=8265"}],"wp:term":[{"taxonomy":"category","embeddable":true,"href":"https:\/\/culture-series.fr\/blog\/wp-json\/wp\/v2\/categories?post=8265"},{"taxonomy":"post_tag","embeddable":true,"href":"https:\/\/culture-series.fr\/blog\/wp-json\/wp\/v2\/tags?post=8265"}],"curies":[{"name":"wp","href":"https:\/\/api.w.org\/{rel}","templated":true}]}}