{"id":8262,"date":"2026-09-01T12:03:10","date_gmt":"2026-09-01T10:03:10","guid":{"rendered":"https:\/\/culture-series.fr\/blog\/actualites-et-tendances\/demain-nous-appartient-du-1er-septembre-2026-ce-qui-change-a-la-rentree\/"},"modified":"2026-09-01T12:05:16","modified_gmt":"2026-09-01T10:05:16","slug":"demain-nous-appartient-du-1er-septembre-2026-ce-qui-change-a-la-rentree","status":"publish","type":"post","link":"https:\/\/culture-series.fr\/blog\/actualites-et-tendances\/demain-nous-appartient-du-1er-septembre-2026-ce-qui-change-a-la-rentree\/","title":{"rendered":"Demain nous appartient du 1er septembre 2026 : ce qui change \u00e0 la rentr\u00e9e"},"content":{"rendered":"<p style=\"font-size:18px;line-height:1.65;color:#1a1a1a;\"><strong>\u00c0 la rentr\u00e9e 2026, Demain nous appartient change surtout par son casting et ses intrigues : Guillaume Gabriel rejoint le feuilleton dans le r\u00f4le de l&rsquo;avocat Florent Chanvalois pour le proc\u00e8s de Violette Julliard, TF1 lance l&rsquo;intrigue \u00ab Sang froid \u00bb \u00e0 l&rsquo;ambiance de thriller, tandis que l&rsquo;horaire ne bouge pas \u2014 toujours 19h10, du lundi au vendredi.<\/strong> Ce mardi 1er septembre 2026, l&rsquo;\u00e9pisode 2282 ouvre la semaine de rentr\u00e9e avec le d\u00e9nouement de la prise d&rsquo;otage de Marianne et un tir qui va bouleverser le commissariat de S\u00e8te.<\/p>\n<div class=\"encart-bref\" style=\"background:#F1EBFB;border:1px solid #6D28D933;border-radius:14px;padding:20px 24px;margin:26px 0;font-family:-apple-system,BlinkMacSystemFont,'Segoe UI',Roboto,sans-serif;\">\n<p style=\"font-size:12px;font-weight:800;letter-spacing:.14em;text-transform:uppercase;color:#6D28D9;margin:0 0 12px;\">\u26a1 En bref<\/p>\n<ul style=\"margin:0;padding:0;list-style:none;font-size:15.5px;color:#1a1a1a;\">\n<li style=\"margin:0 0 8px;padding-left:24px;position:relative;line-height:1.5;\"><span style=\"position:absolute;left:0;color:#6D28D9;font-weight:800;\">\u25b8<\/span><strong>Nouveau visage<\/strong> : Guillaume Gabriel incarne Florent Chanvalois, avocat de la partie civile au proc\u00e8s de Violette Julliard, depuis le lundi 31 ao\u00fbt.<\/li>\n<li style=\"margin:0 0 8px;padding-left:24px;position:relative;line-height:1.5;\"><span style=\"position:absolute;left:0;color:#6D28D9;font-weight:800;\">\u25b8<\/span><strong>Intrigue de rentr\u00e9e<\/strong> : \u00ab Sang froid \u00bb, promue par une bande-annonce fa\u00e7on thriller mont\u00e9e sur <em>Gangsta&rsquo;s Paradise<\/em> de Coolio.<\/li>\n<li style=\"margin:0 0 8px;padding-left:24px;position:relative;line-height:1.5;\"><span style=\"position:absolute;left:0;color:#6D28D9;font-weight:800;\">\u25b8<\/span><strong>Ce soir \u00e0 19h10<\/strong> : l&rsquo;\u00e9pisode 2282 \u2014 Nordine tire sur Boris, Marianne retrouve les siens apr\u00e8s sa prise d&rsquo;otage.<\/li>\n<li style=\"margin:0 0 8px;padding-left:24px;position:relative;line-height:1.5;\"><span style=\"position:absolute;left:0;color:#6D28D9;font-weight:800;\">\u25b8<\/span><strong>O\u00f9 regarder<\/strong> : replay gratuit sur TF1+ apr\u00e8s diffusion (compte requis), avant-premi\u00e8re r\u00e9serv\u00e9e \u00e0 TF1+ Premium.<\/li>\n<\/ul>\n<\/div>\n<figure style=\"margin:24px auto;max-width:560px;\">\n<div style=\"position:relative;padding-bottom:56.25%;height:0;max-width:560px;margin:0 auto;\"><iframe src=\"https:\/\/www.youtube-nocookie.com\/embed\/wGUh0VgYgOs\" style=\"position:absolute;top:0;left:0;width:100%;height:100%;border:none;border-radius:12px;\" loading=\"lazy\" title=\"Demain nous appartient bande-annonce du 31 ao\u00fbt au 4 septembre 2026\" allowfullscreen><\/iframe><\/div><figcaption style=\"text-align:center;font-size:13px;color:#666;margin-top:8px;\">\u00ab Demain nous appartient bande-annonce du 31 ao\u00fbt au 4 septembre 2026 \u00bb \u2014 Stars Actu (8 258 de vues sur YouTube au 01\/09\/2026)<\/figcaption><\/figure>\n<div style=\"display:flex;flex-wrap:wrap;gap:12px;margin:24px 0;\">\n<div style=\"flex:1;min-width:120px;background:#fff;border:1px solid #e6e8ee;border-top:3px solid #6D28D9;border-radius:12px;padding:16px 18px;text-align:center;\">\n<div style=\"font-size:26px;font-weight:800;color:#6D28D9;line-height:1.1;letter-spacing:-.01em;\">19h10<\/div>\n<div style=\"font-size:12.5px;color:#667085;margin-top:6px;line-height:1.3;\">l&rsquo;horaire inchang\u00e9, du lundi au vendredi sur TF1<\/div>\n<\/div>\n<div style=\"flex:1;min-width:120px;background:#fff;border:1px solid #e6e8ee;border-top:3px solid #6D28D9;border-radius:12px;padding:16px 18px;text-align:center;\">\n<div style=\"font-size:26px;font-weight:800;color:#6D28D9;line-height:1.1;letter-spacing:-.01em;\">2282<\/div>\n<div style=\"font-size:12.5px;color:#667085;margin-top:6px;line-height:1.3;\">l&rsquo;\u00e9pisode diffus\u00e9 ce mardi 1er septembre 2026<\/div>\n<\/div>\n<div style=\"flex:1;min-width:120px;background:#fff;border:1px solid #e6e8ee;border-top:3px solid #6D28D9;border-radius:12px;padding:16px 18px;text-align:center;\">\n<div style=\"font-size:26px;font-weight:800;color:#6D28D9;line-height:1.1;letter-spacing:-.01em;\">31 ao\u00fbt<\/div>\n<div style=\"font-size:12.5px;color:#667085;margin-top:6px;line-height:1.3;\">l&rsquo;arriv\u00e9e de Florent Chanvalois (Guillaume Gabriel)<\/div>\n<\/div>\n<div style=\"flex:1;min-width:120px;background:#fff;border:1px solid #e6e8ee;border-top:3px solid #6D28D9;border-radius:12px;padding:16px 18px;text-align:center;\">\n<div style=\"font-size:26px;font-weight:800;color:#6D28D9;line-height:1.1;letter-spacing:-.01em;\">7-11 sept.<\/div>\n<div style=\"font-size:12.5px;color:#667085;margin-top:6px;line-height:1.3;\">la semaine de la \u00ab catastrophe \u00bb annonc\u00e9e \u00e0 S\u00e8te<\/div>\n<\/div>\n<\/div>\n<h2 style=\"font-size:24px;line-height:1.25;margin:36px 0 14px;letter-spacing:-.01em;color:#1a1a1a;font-weight:800;\">Le nouveau visage du casting : Guillaume Gabriel en avocat du proc\u00e8s Julliard<\/h2>\n<p style=\"font-size:16.5px;line-height:1.7;color:#2a2a2a;margin:0 0 16px;\">La rentr\u00e9e de <strong>Demain nous appartient<\/strong> s&rsquo;est ouverte le lundi 31 ao\u00fbt 2026, avec l&rsquo;\u00e9pisode 2281, sur l&rsquo;arriv\u00e9e d&rsquo;un nouveau com\u00e9dien : <strong>Guillaume Gabriel<\/strong>, 46 ans, dans le r\u00f4le de <strong>Florent Chanvalois<\/strong>. Le personnage ne fait pas de la figuration : avocat r\u00e9put\u00e9, il est choisi pour d\u00e9fendre la partie civile lors du <strong>proc\u00e8s de Violette Julliard<\/strong>, l&rsquo;un des grands rendez-vous judiciaires de ce d\u00e9but de saison.<\/p>\n<p style=\"font-size:16.5px;line-height:1.7;color:#2a2a2a;margin:0 0 16px;\">Le d\u00e9tail qui compte pour les fid\u00e8les : Florent Chanvalois est pr\u00e9sent\u00e9 comme une ancienne connaissance de <strong>Simon Leclercq<\/strong>, le fr\u00e8re d\u00e9c\u00e9d\u00e9 d&rsquo;Aaron. Son arriv\u00e9e ne sort donc pas de nulle part, elle vient rouvrir une page sensible de l&rsquo;histoire des Leclercq. Selon <a href=\"https:\/\/www.allocine.fr\/article\/fichearticle_gen_carticle=1000219028.html\" target=\"_blank\" rel=\"noopener nofollow\">Allocin\u00e9<\/a>, le com\u00e9dien est annonc\u00e9 au g\u00e9n\u00e9rique au moins jusqu&rsquo;au mercredi 9 septembre 2026.<\/p>\n<p style=\"font-size:16.5px;line-height:1.7;color:#2a2a2a;margin:0 0 16px;\">Guillaume Gabriel n&rsquo;est pas un inconnu de la fiction fran\u00e7aise : il a incarn\u00e9 le lieutenant Gilles Garnier dans <em>Julie Lescaut<\/em> de 2008 \u00e0 2014 et a jou\u00e9 dans <em>Tropiques criminels<\/em>. \u00c0 la ville, il est le mari de Sonia Rolland. Une valeur s\u00fbre pour TF1, qui continue par ailleurs de remodeler ses fictions \u2014 la cha\u00eene a par exemple act\u00e9 cet \u00e9t\u00e9 <a href=\"https:\/\/culture-series.fr\/blog\/actualites-et-tendances\/mademoiselle-holmes-saison-3-tf1-arret\/\">l&rsquo;arr\u00eat de Mademoiselle Holmes apr\u00e8s la saison 3<\/a>.<\/p>\n<h2 style=\"font-size:24px;line-height:1.25;margin:36px 0 14px;letter-spacing:-.01em;color:#1a1a1a;font-weight:800;\">\u00ab Sang froid \u00bb : l&rsquo;intrigue de rentr\u00e9e assume le thriller<\/h2>\n<p style=\"font-size:16.5px;line-height:1.7;color:#2a2a2a;margin:0 0 16px;\">TF1 pousse clairement l&rsquo;intrigue <strong>\u00ab Sang froid \u00bb<\/strong> comme le moteur de cette rentr\u00e9e. La bande-annonce donne le ton : un montage sombre sur <em>Gangsta&rsquo;s Paradise<\/em> de Coolio, un compte \u00e0 rebours, des victimes en danger, un incendie. On est loin d&rsquo;une reprise tranquille de septembre.<\/p>\n<p style=\"font-size:16.5px;line-height:1.7;color:#2a2a2a;margin:0 0 16px;\">Selon Nouveaut\u00e9s-T\u00e9l\u00e9, <strong>Georges<\/strong>, <strong>Karim<\/strong> et <strong>Martin<\/strong> sont mobilis\u00e9s pour retrouver le coupable. Le feuilleton installe ainsi une m\u00e9canique de suspense policier qui doit tenir les t\u00e9l\u00e9spectateurs sur plusieurs semaines : c&rsquo;est pr\u00e9cis\u00e9ment ce qui distingue cette rentr\u00e9e 2026 des pr\u00e9c\u00e9dentes, un registre plus frontal et plus dramatique.<\/p>\n<h2 style=\"font-size:24px;line-height:1.25;margin:36px 0 14px;letter-spacing:-.01em;color:#1a1a1a;font-weight:800;\">Ce qui vous attend ce soir : l&rsquo;\u00e9pisode 2282 du 1er septembre<\/h2>\n<p style=\"font-size:16.5px;line-height:1.7;color:#2a2a2a;margin:0 0 16px;\">L&rsquo;\u00e9pisode 2282, diffus\u00e9 ce mardi 1er septembre \u00e0 19h10, promet un tournant. Lors d&rsquo;une op\u00e9ration de police destin\u00e9e \u00e0 localiser <strong>Boris<\/strong> dans une zone industrielle, <strong>Nordine<\/strong> tire sur lui alors que Boris affirme ne pas \u00eatre arm\u00e9. <strong>Manon<\/strong> (Louvia Bachelier) arrive trop tard pour emp\u00eacher le drame. Les cons\u00e9quences de ce tir contest\u00e9 s&rsquo;annoncent lourdes pour le commissariat de S\u00e8te.<\/p>\n<p style=\"font-size:16.5px;line-height:1.7;color:#2a2a2a;margin:0 0 16px;\">Dans le m\u00eame \u00e9pisode, <strong>Marianne<\/strong>, lib\u00e9r\u00e9e apr\u00e8s sa prise d&rsquo;otage, s&rsquo;effondre dans les bras de <strong>Judith<\/strong> (Alice Varela). C\u00f4t\u00e9 familles, <strong>Milo<\/strong> annonce \u00e0 <strong>C\u00e9leste<\/strong> qu&rsquo;ils sont fr\u00e8re et s\u0153ur, une r\u00e9v\u00e9lation que <strong>Chlo\u00e9<\/strong> (Ingrid Chauvin) d\u00e9couvre par <strong>Alex<\/strong>. Et <strong>Marguerite<\/strong> laisse \u00e9chapper que <strong>Kevin<\/strong> redouble sa Premi\u00e8re, ce qui met <strong>Benny<\/strong> hors de lui. Le r\u00e9sum\u00e9 complet de l&rsquo;\u00e9pisode est d\u00e9taill\u00e9 par <a href=\"https:\/\/www.allocine.fr\/article\/fichearticle_gen_carticle=1000219847.html\" target=\"_blank\" rel=\"noopener nofollow\">Allocin\u00e9<\/a>.<\/p>\n<p style=\"font-size:16.5px;line-height:1.7;color:#2a2a2a;margin:0 0 16px;\">La suite de la semaine est d\u00e9j\u00e0 balis\u00e9e : selon Nouveaut\u00e9s-T\u00e9l\u00e9, <strong>Nordine<\/strong> part en d\u00e9tention pr\u00e9ventive dans l&rsquo;\u00e9pisode 2284 du jeudi 3 septembre et fait ses adieux \u00e0 <strong>Martin<\/strong> (Franck Monsigny). Puis, du 7 au 11 septembre, toujours selon Nouveaut\u00e9s-T\u00e9l\u00e9, une catastrophe frappe S\u00e8te et <strong>Sara<\/strong> (Camille Genau) se retrouve face \u00e0 une myst\u00e9rieuse disparition. Un rythme dense, fid\u00e8le au <a href=\"https:\/\/culture-series.fr\/blog\/guides-de-visionnage\/episode-de-serie-televisee-duree-formats-records\/\">format court des \u00e9pisodes de feuilleton quotidien<\/a>.<\/p>\n<h2 style=\"font-size:24px;line-height:1.25;margin:36px 0 14px;letter-spacing:-.01em;color:#1a1a1a;font-weight:800;\">Horaire et streaming : ce qui ne bouge pas<\/h2>\n<p style=\"font-size:16.5px;line-height:1.7;color:#2a2a2a;margin:0 0 16px;\">Le point pratique est simple : <strong>Demain nous appartient<\/strong> reste diffus\u00e9 du lundi au vendredi \u00e0 <strong>19h10 sur TF1<\/strong>, comme depuis le lancement du feuilleton le 17 juillet 2017. L&rsquo;horaire ne change pas \u00e0 la rentr\u00e9e 2026, et l&rsquo;action se d\u00e9roule toujours \u00e0 S\u00e8te.<\/p>\n<p style=\"font-size:16.5px;line-height:1.7;color:#2a2a2a;margin:0 0 16px;\">C\u00f4t\u00e9 streaming, chaque \u00e9pisode est disponible gratuitement en replay sur <strong>TF1+<\/strong> apr\u00e8s sa diffusion, \u00e0 condition de cr\u00e9er un compte. Pour voir les \u00e9pisodes en avant-premi\u00e8re, il faut en revanche passer par l&rsquo;offre payante <strong>TF1+ Premium<\/strong>. La rentr\u00e9e est d&rsquo;ailleurs charg\u00e9e pour la cha\u00eene au-del\u00e0 de son feuilleton : c\u00f4t\u00e9 divertissement, <a href=\"https:\/\/weekndanse.fr\/actualites-8606-christophe-licata-quinze-saisons-de-danse-avec-les-stars-un-album-solo-et-une-soiree-sur-tf1\">Christophe Licata, figure de Danse avec les stars, sera lui aussi \u00e0 l&rsquo;affiche d&rsquo;une soir\u00e9e TF1<\/a>.<\/p>\n<table style=\"width:100%;border-collapse:collapse;margin:24px 0;font-size:15.5px;\">\n<tr style=\"background:#F1EBFB;\">\n<th style=\"padding:12px 14px;text-align:left;border:1px solid #e6e8ee;color:#6D28D9;\">\u00c9l\u00e9ment<\/th>\n<th style=\"padding:12px 14px;text-align:left;border:1px solid #e6e8ee;color:#6D28D9;\">\u00c0 la rentr\u00e9e 2026<\/th>\n<\/tr>\n<tr>\n<td style=\"padding:12px 14px;border:1px solid #e6e8ee;\"><strong>Casting<\/strong><\/td>\n<td style=\"padding:12px 14px;border:1px solid #e6e8ee;\">Arriv\u00e9e de Guillaume Gabriel (Florent Chanvalois), avocat au proc\u00e8s de Violette Julliard<\/td>\n<\/tr>\n<tr>\n<td style=\"padding:12px 14px;border:1px solid #e6e8ee;\"><strong>Intrigue<\/strong><\/td>\n<td style=\"padding:12px 14px;border:1px solid #e6e8ee;\">\u00ab Sang froid \u00bb : Georges, Karim et Martin mobilis\u00e9s, ambiance thriller<\/td>\n<\/tr>\n<tr>\n<td style=\"padding:12px 14px;border:1px solid #e6e8ee;\"><strong>Horaire<\/strong><\/td>\n<td style=\"padding:12px 14px;border:1px solid #e6e8ee;\">Inchang\u00e9 : 19h10 du lundi au vendredi sur TF1<\/td>\n<\/tr>\n<tr>\n<td style=\"padding:12px 14px;border:1px solid #e6e8ee;\"><strong>Streaming<\/strong><\/td>\n<td style=\"padding:12px 14px;border:1px solid #e6e8ee;\">Replay gratuit sur TF1+ (compte requis), avant-premi\u00e8re via TF1+ Premium<\/td>\n<\/tr>\n<\/table>\n<h2 style=\"font-size:24px;line-height:1.25;margin:36px 0 14px;letter-spacing:-.01em;color:#1a1a1a;font-weight:800;\">FAQ<\/h2>\n<details style=\"margin:0 0 12px;border:1px solid #e6e8ee;border-radius:10px;padding:14px 18px;background:#fafbfc;\">\n<summary style=\"font-weight:700;cursor:pointer;color:#1a1a1a;\">Qui est Florent Chanvalois dans Demain nous appartient ?<\/summary>\n<p style=\"font-size:15.5px;line-height:1.6;color:#2a2a2a;margin:10px 0 0;\">C&rsquo;est le nouveau personnage incarn\u00e9 par Guillaume Gabriel depuis le 31 ao\u00fbt 2026 : un avocat r\u00e9put\u00e9, choisi pour d\u00e9fendre la partie civile au proc\u00e8s de Violette Julliard, et pr\u00e9sent\u00e9 comme une ancienne connaissance de Simon Leclercq, le fr\u00e8re d\u00e9c\u00e9d\u00e9 d&rsquo;Aaron.<\/p>\n<\/details>\n<details style=\"margin:0 0 12px;border:1px solid #e6e8ee;border-radius:10px;padding:14px 18px;background:#fafbfc;\">\n<summary style=\"font-weight:700;cursor:pointer;color:#1a1a1a;\">Que se passe-t-il dans l&rsquo;\u00e9pisode 2282 du 1er septembre 2026 ?<\/summary>\n<p style=\"font-size:15.5px;line-height:1.6;color:#2a2a2a;margin:10px 0 0;\">Nordine tire sur Boris, qui affirme ne pas \u00eatre arm\u00e9, lors d&rsquo;une op\u00e9ration de police en zone industrielle ; Manon arrive trop tard. Marianne, lib\u00e9r\u00e9e apr\u00e8s sa prise d&rsquo;otage, s&rsquo;effondre dans les bras de Judith, et Milo r\u00e9v\u00e8le \u00e0 C\u00e9leste qu&rsquo;ils sont fr\u00e8re et s\u0153ur.<\/p>\n<\/details>\n<details style=\"margin:0 0 12px;border:1px solid #e6e8ee;border-radius:10px;padding:14px 18px;background:#fafbfc;\">\n<summary style=\"font-weight:700;cursor:pointer;color:#1a1a1a;\">\u00c0 quelle heure et o\u00f9 voir Demain nous appartient \u00e0 la rentr\u00e9e 2026 ?<\/summary>\n<p style=\"font-size:15.5px;line-height:1.6;color:#2a2a2a;margin:10px 0 0;\">Le feuilleton reste diffus\u00e9 du lundi au vendredi \u00e0 19h10 sur TF1. Chaque \u00e9pisode est ensuite disponible gratuitement en replay sur TF1+ (compte requis) ; l&rsquo;avant-premi\u00e8re est r\u00e9serv\u00e9e \u00e0 l&rsquo;offre payante TF1+ Premium.<\/p>\n<\/details>\n<div style=\"background:#1a1a1a;border-radius:14px;padding:22px 26px;margin:30px 0 8px;font-family:-apple-system,BlinkMacSystemFont,'Segoe UI',Roboto,sans-serif;\">\n<div style=\"font-size:12px;font-weight:800;letter-spacing:.16em;text-transform:uppercase;color:#B794F6;margin-bottom:8px;\">\ud83c\udfaf \u00c0 retenir<\/div>\n<div style=\"font-size:17px;line-height:1.6;color:#f0f0f0;\">La rentr\u00e9e 2026 de Demain nous appartient se joue sur trois fronts : un nouvel avocat au casting avec Guillaume Gabriel en Florent Chanvalois, une intrigue \u00ab Sang froid \u00bb qui tire le feuilleton vers le thriller, et un \u00e9pisode 2282 ce 1er septembre qui solde la prise d&rsquo;otage de Marianne tout en ouvrant l&rsquo;affaire du tir de Nordine. Le rendez-vous, lui, ne change pas : 19h10 sur TF1, replay gratuit sur TF1+.<\/div>\n<\/div>\n<p><script type=\"application\/ld+json\">{\"@context\":\"https:\/\/schema.org\",\"@type\":\"FAQPage\",\"mainEntity\":[{\"@type\":\"Question\",\"name\":\"Qui est Florent Chanvalois dans Demain nous appartient ?\",\"acceptedAnswer\":{\"@type\":\"Answer\",\"text\":\"C'est le nouveau personnage incarn\u00e9 par Guillaume Gabriel depuis le 31 ao\u00fbt 2026 : un avocat r\u00e9put\u00e9, choisi pour d\u00e9fendre la partie civile au proc\u00e8s de Violette Julliard, et pr\u00e9sent\u00e9 comme une ancienne connaissance de Simon Leclercq, le fr\u00e8re d\u00e9c\u00e9d\u00e9 d'Aaron.\"}},{\"@type\":\"Question\",\"name\":\"Que se passe-t-il dans l'\u00e9pisode 2282 du 1er septembre 2026 ?\",\"acceptedAnswer\":{\"@type\":\"Answer\",\"text\":\"Nordine tire sur Boris, qui affirme ne pas \u00eatre arm\u00e9, lors d'une op\u00e9ration de police en zone industrielle ; Manon arrive trop tard. Marianne, lib\u00e9r\u00e9e apr\u00e8s sa prise d'otage, s'effondre dans les bras de Judith, et Milo r\u00e9v\u00e8le \u00e0 C\u00e9leste qu'ils sont fr\u00e8re et s\u0153ur.\"}},{\"@type\":\"Question\",\"name\":\"\u00c0 quelle heure et o\u00f9 voir Demain nous appartient \u00e0 la rentr\u00e9e 2026 ?\",\"acceptedAnswer\":{\"@type\":\"Answer\",\"text\":\"Le feuilleton reste diffus\u00e9 du lundi au vendredi \u00e0 19h10 sur TF1. Chaque \u00e9pisode est ensuite disponible gratuitement en replay sur TF1+ (compte requis) ; l'avant-premi\u00e8re est r\u00e9serv\u00e9e \u00e0 l'offre payante TF1+ Premium.\"}}]}<\/script><\/p>\n","protected":false},"excerpt":{"rendered":"","protected":false},"author":43,"featured_media":8263,"comment_status":"open","ping_status":"open","sticky":false,"template":"","format":"standard","meta":{"_acf_changed":false,"manual_indexmenow":false,"indexmenow_id_project":0,"footnotes":""},"categories":[4523],"tags":[],"class_list":["post-8262","post","type-post","status-publish","format-standard","has-post-thumbnail","hentry","category-actualites-et-tendances","generate-columns","tablet-grid-50","mobile-grid-100","grid-parent","grid-25"],"acf":[],"yoast_head":"<!-- This site is optimized with the Yoast SEO Premium plugin v21.3 (Yoast SEO v25.6) - https:\/\/yoast.com\/wordpress\/plugins\/seo\/ -->\n<title>Demain nous appartient 1er septembre 2026 : ce qui change<\/title>\n<meta name=\"description\" content=\"Nouveau com\u00e9dien, intrigue \u00ab Sang froid \u00bb, \u00e9pisode 2282 ce 1er septembre \u00e0 19h10 sur TF1 : ce qui change dans Demain nous appartient \u00e0 la rentr\u00e9e 2026.\" \/>\n<meta name=\"robots\" content=\"index, follow, max-snippet:-1, max-image-preview:large, max-video-preview:-1\" \/>\n<link rel=\"canonical\" href=\"https:\/\/culture-series.fr\/blog\/actualites-et-tendances\/demain-nous-appartient-du-1er-septembre-2026-ce-qui-change-a-la-rentree\/\" \/>\n<meta property=\"og:locale\" content=\"fr_FR\" \/>\n<meta property=\"og:type\" content=\"article\" \/>\n<meta property=\"og:title\" content=\"Demain nous appartient 1er septembre 2026 : ce qui change\" \/>\n<meta property=\"og:description\" content=\"Nouveau com\u00e9dien, intrigue \u00ab Sang froid \u00bb, \u00e9pisode 2282 ce 1er septembre \u00e0 19h10 sur TF1 : ce qui change dans Demain nous appartient \u00e0 la rentr\u00e9e 2026.\" \/>\n<meta property=\"og:url\" content=\"https:\/\/culture-series.fr\/blog\/actualites-et-tendances\/demain-nous-appartient-du-1er-septembre-2026-ce-qui-change-a-la-rentree\/\" \/>\n<meta property=\"og:site_name\" content=\"culture-series\" \/>\n<meta property=\"og:image\" content=\"https:\/\/culture-series.fr\/blog\/wp-content\/uploads\/2026\/09\/pf8262-scaled.jpg\" \/>\n\t<meta property=\"og:image:width\" content=\"1200\" \/>\n\t<meta property=\"og:image:height\" content=\"800\" \/>\n\t<meta property=\"og:image:type\" content=\"image\/jpeg\" \/>\n<meta name=\"author\" content=\"Auteur Inconnu\" \/>\n<meta name=\"twitter:card\" content=\"summary_large_image\" \/>\n<script type=\"application\/ld+json\" class=\"yoast-schema-graph\">{\"@context\":\"https:\/\/schema.org\",\"@graph\":[{\"@type\":\"NewsArticle\",\"@id\":\"https:\/\/culture-series.fr\/blog\/actualites-et-tendances\/demain-nous-appartient-du-1er-septembre-2026-ce-qui-change-a-la-rentree\/#article\",\"isPartOf\":{\"@id\":\"https:\/\/culture-series.fr\/blog\/actualites-et-tendances\/demain-nous-appartient-du-1er-septembre-2026-ce-qui-change-a-la-rentree\/\"},\"author\":{\"name\":\"Auteur Inconnu\",\"@id\":\"https:\/\/culture-series.fr\/blog\/#\/schema\/person\/e765526d31fe78dfc9ecf5b41fc7ee61\"},\"headline\":\"Demain nous appartient du 1er septembre 2026 : ce qui change \u00e0 la rentr\u00e9e\",\"datePublished\":\"2026-09-01T10:03:10+00:00\",\"dateModified\":\"2026-09-01T10:05:16+00:00\",\"mainEntityOfPage\":{\"@id\":\"https:\/\/culture-series.fr\/blog\/actualites-et-tendances\/demain-nous-appartient-du-1er-septembre-2026-ce-qui-change-a-la-rentree\/\"},\"wordCount\":1226,\"commentCount\":0,\"publisher\":{\"@id\":\"https:\/\/culture-series.fr\/blog\/#organization\"},\"image\":{\"@id\":\"https:\/\/culture-series.fr\/blog\/actualites-et-tendances\/demain-nous-appartient-du-1er-septembre-2026-ce-qui-change-a-la-rentree\/#primaryimage\"},\"thumbnailUrl\":\"https:\/\/culture-series.fr\/blog\/wp-content\/uploads\/2026\/09\/pf8262-scaled.jpg\",\"articleSection\":[\"Actualit\u00e9s et Tendances\"],\"inLanguage\":\"fr-FR\",\"potentialAction\":[{\"@type\":\"CommentAction\",\"name\":\"Comment\",\"target\":[\"https:\/\/culture-series.fr\/blog\/actualites-et-tendances\/demain-nous-appartient-du-1er-septembre-2026-ce-qui-change-a-la-rentree\/#respond\"]}]},{\"@type\":\"WebPage\",\"@id\":\"https:\/\/culture-series.fr\/blog\/actualites-et-tendances\/demain-nous-appartient-du-1er-septembre-2026-ce-qui-change-a-la-rentree\/\",\"url\":\"https:\/\/culture-series.fr\/blog\/actualites-et-tendances\/demain-nous-appartient-du-1er-septembre-2026-ce-qui-change-a-la-rentree\/\",\"name\":\"Demain nous appartient 1er septembre 2026 : ce qui change\",\"isPartOf\":{\"@id\":\"https:\/\/culture-series.fr\/blog\/#website\"},\"primaryImageOfPage\":{\"@id\":\"https:\/\/culture-series.fr\/blog\/actualites-et-tendances\/demain-nous-appartient-du-1er-septembre-2026-ce-qui-change-a-la-rentree\/#primaryimage\"},\"image\":{\"@id\":\"https:\/\/culture-series.fr\/blog\/actualites-et-tendances\/demain-nous-appartient-du-1er-septembre-2026-ce-qui-change-a-la-rentree\/#primaryimage\"},\"thumbnailUrl\":\"https:\/\/culture-series.fr\/blog\/wp-content\/uploads\/2026\/09\/pf8262-scaled.jpg\",\"datePublished\":\"2026-09-01T10:03:10+00:00\",\"dateModified\":\"2026-09-01T10:05:16+00:00\",\"description\":\"Nouveau com\u00e9dien, intrigue \u00ab Sang froid \u00bb, \u00e9pisode 2282 ce 1er septembre \u00e0 19h10 sur TF1 : ce qui change dans Demain nous appartient \u00e0 la rentr\u00e9e 2026.\",\"inLanguage\":\"fr-FR\",\"potentialAction\":[{\"@type\":\"ReadAction\",\"target\":[\"https:\/\/culture-series.fr\/blog\/actualites-et-tendances\/demain-nous-appartient-du-1er-septembre-2026-ce-qui-change-a-la-rentree\/\"]}]},{\"@type\":\"ImageObject\",\"inLanguage\":\"fr-FR\",\"@id\":\"https:\/\/culture-series.fr\/blog\/actualites-et-tendances\/demain-nous-appartient-du-1er-septembre-2026-ce-qui-change-a-la-rentree\/#primaryimage\",\"url\":\"https:\/\/culture-series.fr\/blog\/wp-content\/uploads\/2026\/09\/pf8262-scaled.jpg\",\"contentUrl\":\"https:\/\/culture-series.fr\/blog\/wp-content\/uploads\/2026\/09\/pf8262-scaled.jpg\",\"width\":1200,\"height\":800},{\"@type\":\"WebSite\",\"@id\":\"https:\/\/culture-series.fr\/blog\/#website\",\"url\":\"https:\/\/culture-series.fr\/blog\/\",\"name\":\"culture-series.Fr\",\"description\":\"Culture &amp; Series, l&#039;univers des s\u00e9ries en profondeur\",\"publisher\":{\"@id\":\"https:\/\/culture-series.fr\/blog\/#organization\"},\"alternateName\":\"Culture & Series, l'univers des s\u00e9ries en profondeur\",\"potentialAction\":[{\"@type\":\"SearchAction\",\"target\":{\"@type\":\"EntryPoint\",\"urlTemplate\":\"https:\/\/culture-series.fr\/blog\/?s={search_term_string}\"},\"query-input\":{\"@type\":\"PropertyValueSpecification\",\"valueRequired\":true,\"valueName\":\"search_term_string\"}}],\"inLanguage\":\"fr-FR\"},{\"@type\":\"Organization\",\"@id\":\"https:\/\/culture-series.fr\/blog\/#organization\",\"name\":\"Foretsensations.fr\",\"url\":\"https:\/\/culture-series.fr\/blog\/\",\"logo\":{\"@type\":\"ImageObject\",\"inLanguage\":\"fr-FR\",\"@id\":\"https:\/\/culture-series.fr\/blog\/#\/schema\/logo\/image\/\",\"url\":\"https:\/\/culture-series.fr\/blog\/wp-content\/uploads\/2024\/12\/27.png\",\"contentUrl\":\"https:\/\/culture-series.fr\/blog\/wp-content\/uploads\/2024\/12\/27.png\",\"width\":500,\"height\":500,\"caption\":\"Foretsensations.fr\"},\"image\":{\"@id\":\"https:\/\/culture-series.fr\/blog\/#\/schema\/logo\/image\/\"}},{\"@type\":\"Person\",\"@id\":\"https:\/\/culture-series.fr\/blog\/#\/schema\/person\/e765526d31fe78dfc9ecf5b41fc7ee61\",\"name\":\"Auteur Inconnu\",\"image\":{\"@type\":\"ImageObject\",\"inLanguage\":\"fr-FR\",\"@id\":\"https:\/\/culture-series.fr\/blog\/#\/schema\/person\/image\/\",\"url\":\"https:\/\/secure.gravatar.com\/avatar\/?s=96&d=mm&r=g\",\"contentUrl\":\"https:\/\/secure.gravatar.com\/avatar\/?s=96&d=mm&r=g\",\"caption\":\"Auteur Inconnu\"},\"description\":\"Auteur Inconnu est un critique de s\u00e9ries passionn\u00e9, explorant les plus grandes \u0153uvres du petit \u00e9cran.\",\"url\":\"https:\/\/culture-series.fr\/blog\/auteur\/auteur-inconnu\/\"}]}<\/script>\n<!-- \/ Yoast SEO Premium plugin. -->","yoast_head_json":{"title":"Demain nous appartient 1er septembre 2026 : ce qui change","description":"Nouveau com\u00e9dien, intrigue \u00ab Sang froid \u00bb, \u00e9pisode 2282 ce 1er septembre \u00e0 19h10 sur TF1 : ce qui change dans Demain nous appartient \u00e0 la rentr\u00e9e 2026.","robots":{"index":"index","follow":"follow","max-snippet":"max-snippet:-1","max-image-preview":"max-image-preview:large","max-video-preview":"max-video-preview:-1"},"canonical":"https:\/\/culture-series.fr\/blog\/actualites-et-tendances\/demain-nous-appartient-du-1er-septembre-2026-ce-qui-change-a-la-rentree\/","og_locale":"fr_FR","og_type":"article","og_title":"Demain nous appartient 1er septembre 2026 : ce qui change","og_description":"Nouveau com\u00e9dien, intrigue \u00ab Sang froid \u00bb, \u00e9pisode 2282 ce 1er septembre \u00e0 19h10 sur TF1 : ce qui change dans Demain nous appartient \u00e0 la rentr\u00e9e 2026.","og_url":"https:\/\/culture-series.fr\/blog\/actualites-et-tendances\/demain-nous-appartient-du-1er-septembre-2026-ce-qui-change-a-la-rentree\/","og_site_name":"culture-series","og_image":[{"width":1200,"height":800,"url":"https:\/\/culture-series.fr\/blog\/wp-content\/uploads\/2026\/09\/pf8262-scaled.jpg","type":"image\/jpeg"}],"author":"Auteur Inconnu","twitter_card":"summary_large_image","schema":{"@context":"https:\/\/schema.org","@graph":[{"@type":"NewsArticle","@id":"https:\/\/culture-series.fr\/blog\/actualites-et-tendances\/demain-nous-appartient-du-1er-septembre-2026-ce-qui-change-a-la-rentree\/#article","isPartOf":{"@id":"https:\/\/culture-series.fr\/blog\/actualites-et-tendances\/demain-nous-appartient-du-1er-septembre-2026-ce-qui-change-a-la-rentree\/"},"author":{"name":"Auteur Inconnu","@id":"https:\/\/culture-series.fr\/blog\/#\/schema\/person\/e765526d31fe78dfc9ecf5b41fc7ee61"},"headline":"Demain nous appartient du 1er septembre 2026 : ce qui change \u00e0 la rentr\u00e9e","datePublished":"2026-09-01T10:03:10+00:00","dateModified":"2026-09-01T10:05:16+00:00","mainEntityOfPage":{"@id":"https:\/\/culture-series.fr\/blog\/actualites-et-tendances\/demain-nous-appartient-du-1er-septembre-2026-ce-qui-change-a-la-rentree\/"},"wordCount":1226,"commentCount":0,"publisher":{"@id":"https:\/\/culture-series.fr\/blog\/#organization"},"image":{"@id":"https:\/\/culture-series.fr\/blog\/actualites-et-tendances\/demain-nous-appartient-du-1er-septembre-2026-ce-qui-change-a-la-rentree\/#primaryimage"},"thumbnailUrl":"https:\/\/culture-series.fr\/blog\/wp-content\/uploads\/2026\/09\/pf8262-scaled.jpg","articleSection":["Actualit\u00e9s et Tendances"],"inLanguage":"fr-FR","potentialAction":[{"@type":"CommentAction","name":"Comment","target":["https:\/\/culture-series.fr\/blog\/actualites-et-tendances\/demain-nous-appartient-du-1er-septembre-2026-ce-qui-change-a-la-rentree\/#respond"]}]},{"@type":"WebPage","@id":"https:\/\/culture-series.fr\/blog\/actualites-et-tendances\/demain-nous-appartient-du-1er-septembre-2026-ce-qui-change-a-la-rentree\/","url":"https:\/\/culture-series.fr\/blog\/actualites-et-tendances\/demain-nous-appartient-du-1er-septembre-2026-ce-qui-change-a-la-rentree\/","name":"Demain nous appartient 1er septembre 2026 : ce qui change","isPartOf":{"@id":"https:\/\/culture-series.fr\/blog\/#website"},"primaryImageOfPage":{"@id":"https:\/\/culture-series.fr\/blog\/actualites-et-tendances\/demain-nous-appartient-du-1er-septembre-2026-ce-qui-change-a-la-rentree\/#primaryimage"},"image":{"@id":"https:\/\/culture-series.fr\/blog\/actualites-et-tendances\/demain-nous-appartient-du-1er-septembre-2026-ce-qui-change-a-la-rentree\/#primaryimage"},"thumbnailUrl":"https:\/\/culture-series.fr\/blog\/wp-content\/uploads\/2026\/09\/pf8262-scaled.jpg","datePublished":"2026-09-01T10:03:10+00:00","dateModified":"2026-09-01T10:05:16+00:00","description":"Nouveau com\u00e9dien, intrigue \u00ab Sang froid \u00bb, \u00e9pisode 2282 ce 1er septembre \u00e0 19h10 sur TF1 : ce qui change dans Demain nous appartient \u00e0 la rentr\u00e9e 2026.","inLanguage":"fr-FR","potentialAction":[{"@type":"ReadAction","target":["https:\/\/culture-series.fr\/blog\/actualites-et-tendances\/demain-nous-appartient-du-1er-septembre-2026-ce-qui-change-a-la-rentree\/"]}]},{"@type":"ImageObject","inLanguage":"fr-FR","@id":"https:\/\/culture-series.fr\/blog\/actualites-et-tendances\/demain-nous-appartient-du-1er-septembre-2026-ce-qui-change-a-la-rentree\/#primaryimage","url":"https:\/\/culture-series.fr\/blog\/wp-content\/uploads\/2026\/09\/pf8262-scaled.jpg","contentUrl":"https:\/\/culture-series.fr\/blog\/wp-content\/uploads\/2026\/09\/pf8262-scaled.jpg","width":1200,"height":800},{"@type":"WebSite","@id":"https:\/\/culture-series.fr\/blog\/#website","url":"https:\/\/culture-series.fr\/blog\/","name":"culture-series.Fr","description":"Culture &amp; Series, l&#039;univers des s\u00e9ries en profondeur","publisher":{"@id":"https:\/\/culture-series.fr\/blog\/#organization"},"alternateName":"Culture & Series, l'univers des s\u00e9ries en profondeur","potentialAction":[{"@type":"SearchAction","target":{"@type":"EntryPoint","urlTemplate":"https:\/\/culture-series.fr\/blog\/?s={search_term_string}"},"query-input":{"@type":"PropertyValueSpecification","valueRequired":true,"valueName":"search_term_string"}}],"inLanguage":"fr-FR"},{"@type":"Organization","@id":"https:\/\/culture-series.fr\/blog\/#organization","name":"Foretsensations.fr","url":"https:\/\/culture-series.fr\/blog\/","logo":{"@type":"ImageObject","inLanguage":"fr-FR","@id":"https:\/\/culture-series.fr\/blog\/#\/schema\/logo\/image\/","url":"https:\/\/culture-series.fr\/blog\/wp-content\/uploads\/2024\/12\/27.png","contentUrl":"https:\/\/culture-series.fr\/blog\/wp-content\/uploads\/2024\/12\/27.png","width":500,"height":500,"caption":"Foretsensations.fr"},"image":{"@id":"https:\/\/culture-series.fr\/blog\/#\/schema\/logo\/image\/"}},{"@type":"Person","@id":"https:\/\/culture-series.fr\/blog\/#\/schema\/person\/e765526d31fe78dfc9ecf5b41fc7ee61","name":"Auteur Inconnu","image":{"@type":"ImageObject","inLanguage":"fr-FR","@id":"https:\/\/culture-series.fr\/blog\/#\/schema\/person\/image\/","url":"https:\/\/secure.gravatar.com\/avatar\/?s=96&d=mm&r=g","contentUrl":"https:\/\/secure.gravatar.com\/avatar\/?s=96&d=mm&r=g","caption":"Auteur Inconnu"},"description":"Auteur Inconnu est un critique de s\u00e9ries passionn\u00e9, explorant les plus grandes \u0153uvres du petit \u00e9cran.","url":"https:\/\/culture-series.fr\/blog\/auteur\/auteur-inconnu\/"}]}},"_links":{"self":[{"href":"https:\/\/culture-series.fr\/blog\/wp-json\/wp\/v2\/posts\/8262","targetHints":{"allow":["GET"]}}],"collection":[{"href":"https:\/\/culture-series.fr\/blog\/wp-json\/wp\/v2\/posts"}],"about":[{"href":"https:\/\/culture-series.fr\/blog\/wp-json\/wp\/v2\/types\/post"}],"author":[{"embeddable":true,"href":"https:\/\/culture-series.fr\/blog\/wp-json\/wp\/v2\/users\/43"}],"replies":[{"embeddable":true,"href":"https:\/\/culture-series.fr\/blog\/wp-json\/wp\/v2\/comments?post=8262"}],"version-history":[{"count":1,"href":"https:\/\/culture-series.fr\/blog\/wp-json\/wp\/v2\/posts\/8262\/revisions"}],"predecessor-version":[{"id":8264,"href":"https:\/\/culture-series.fr\/blog\/wp-json\/wp\/v2\/posts\/8262\/revisions\/8264"}],"wp:featuredmedia":[{"embeddable":true,"href":"https:\/\/culture-series.fr\/blog\/wp-json\/wp\/v2\/media\/8263"}],"wp:attachment":[{"href":"https:\/\/culture-series.fr\/blog\/wp-json\/wp\/v2\/media?parent=8262"}],"wp:term":[{"taxonomy":"category","embeddable":true,"href":"https:\/\/culture-series.fr\/blog\/wp-json\/wp\/v2\/categories?post=8262"},{"taxonomy":"post_tag","embeddable":true,"href":"https:\/\/culture-series.fr\/blog\/wp-json\/wp\/v2\/tags?post=8262"}],"curies":[{"name":"wp","href":"https:\/\/api.w.org\/{rel}","templated":true}]}}