{"id":8251,"date":"2026-08-29T22:48:25","date_gmt":"2026-08-29T20:48:25","guid":{"rendered":"https:\/\/culture-series.fr\/blog\/actualites-et-tendances\/patrick-fiori-dans-the-voice-kids-2026-pourquoi-santa-soprano-et-m-pokora-se-liguent-contre-lui\/"},"modified":"2026-08-29T22:48:25","modified_gmt":"2026-08-29T20:48:25","slug":"patrick-fiori-dans-the-voice-kids-2026-pourquoi-santa-soprano-et-m-pokora-se-liguent-contre-lui","status":"publish","type":"post","link":"https:\/\/culture-series.fr\/blog\/actualites-et-tendances\/patrick-fiori-dans-the-voice-kids-2026-pourquoi-santa-soprano-et-m-pokora-se-liguent-contre-lui\/","title":{"rendered":"Patrick Fiori dans The Voice Kids 2026 : pourquoi Santa, Soprano et M. Pokora se liguent contre lui"},"content":{"rendered":"<p><strong>Patrick Fiori est le coach historique de \u00ab The Voice Kids \u00bb : il occupe un fauteuil rouge depuis la saison 2 en 2015, il entame ce mois-ci sa 11e saison et il d\u00e9tient 5 troph\u00e9es, un record du programme. Et c&rsquo;est pr\u00e9cis\u00e9ment pour cette raison que Santa, Soprano et M. Pokora ont scell\u00e9 cette ann\u00e9e une alliance baptis\u00e9e \u00ab Tous contre Patrick Fiori \u00bb, r\u00e9v\u00e9l\u00e9e lors du deuxi\u00e8me \u00e9pisode des auditions \u00e0 l&rsquo;aveugle diffus\u00e9 samedi 29 ao\u00fbt 2026 \u00e0 21h10 sur TF1.<\/strong><\/p>\n<div style=\"background:#f6f7fb;border-left:4px solid #c0392b;padding:16px 20px;margin:24px 0;border-radius:6px;\">\n<p style=\"margin:0 0 8px;font-weight:700;\">En bref<\/p>\n<ul style=\"margin:0;padding-left:20px;\">\n<li>La saison <strong>12<\/strong> de \u00ab The Voice Kids \u00bb a d\u00e9marr\u00e9 le <strong>samedi 22 ao\u00fbt 2026<\/strong> sur TF1, pr\u00e9sent\u00e9e par <strong>Nikos Aliagas<\/strong>, avec <strong>Styleto<\/strong> en coulisses \u00e0 la place de Karine Ferri.<\/li>\n<li>Les trois autres coachs se sont ligu\u00e9s contre <strong>Patrick Fiori<\/strong> apr\u00e8s la victoire de sa prot\u00e9g\u00e9e Charlotte en 2025. Le gimmick : une <strong>cage aux barreaux bleu fluo<\/strong> qui descend du plafond pour l&rsquo;\u00ab emprisonner \u00bb.<\/li>\n<li>Lors du deuxi\u00e8me prime, <strong>Soprano a utilis\u00e9 l&rsquo;\u00ab appel \u00e0 un ami \u00bb<\/strong> pour faire appara\u00eetre un message vid\u00e9o de <strong>Zin\u00e9dine Zidane<\/strong> \u2014 sans obtenir la talent vis\u00e9e, qui a choisi Santa.<\/li>\n<li>Prochain rendez-vous : <strong>samedi 5 septembre 2026 \u00e0 21h10 sur TF1<\/strong>, en replay sur <strong>TF1+<\/strong>.<\/li>\n<\/ul>\n<\/div>\n<h2>Les chiffres cl\u00e9s de la saison 12<\/h2>\n<ul>\n<li><strong>5 troph\u00e9es<\/strong> pour Patrick Fiori comme coach (saisons 2, 4, 7, 8 et 11) : personne n&rsquo;a fait mieux dans l&rsquo;\u00e9mission.<\/li>\n<li><strong>11e saison<\/strong> cons\u00e9cutive dans le fauteuil rouge pour le chanteur marseillais, seul rescap\u00e9 du jury d&rsquo;origine.<\/li>\n<li><strong>60 talents<\/strong> \u00e2g\u00e9s de <strong>6 \u00e0 15 ans<\/strong> se pr\u00e9sentent aux auditions \u00e0 l&rsquo;aveugle cette ann\u00e9e.<\/li>\n<li><strong>2,60 millions<\/strong> de t\u00e9l\u00e9spectateurs et <strong>17,3 %<\/strong> de part d&rsquo;audience pour le premier \u00e9pisode du 22 ao\u00fbt, puis 2,24 millions et 18,6 % en seconde partie (source M\u00e9diam\u00e9trie).<\/li>\n<\/ul>\n<h2>\u00ab Tous contre Patrick Fiori \u00bb : d&rsquo;o\u00f9 vient l&rsquo;alliance<\/h2>\n<p>L&rsquo;id\u00e9e n&rsquo;est pas un habillage marketing improvis\u00e9 : elle est n\u00e9e <strong>apr\u00e8s la finale de 2025<\/strong>, remport\u00e9e par Charlotte, membre de l&rsquo;\u00e9quipe Fiori. C&rsquo;\u00e9tait son cinqui\u00e8me sacre. D\u00e8s le premier prime de la saison 12, une <strong>cage aux barreaux bleu fluo<\/strong> est descendue du plafond du studio pour enfermer le coach, dont les cinq troph\u00e9es sont expos\u00e9s dans une vitrine visible sur le plateau.<\/p>\n<p>Le producteur du programme, <strong>Pascal Guix<\/strong>, l&rsquo;a racont\u00e9 en conf\u00e9rence de presse, dans des propos rapport\u00e9s par <a href=\"https:\/\/www.ozap.com\/actu\/tous-contre-patrick-fiori-pourquoi-santa-soprano-et-matt-pokora-se-sont-ligues-contre-le-4e-coach-de-the-voice-kids-cette-saison\/656639\" rel=\"nofollow\" target=\"_blank\">Purem\u00e9dias<\/a> : \u00ab Apr\u00e8s \u00e7a, il y a eu une alliance entre Santa, Matt et Soprano, avec un vrai \u00ab\u00a0Tous contre Patrick Fiori\u00a0\u00bb qui a plut\u00f4t bien fonctionn\u00e9 \u00e0 certains moments (\u2026) mais pas tout le temps parce qu&rsquo;il est redoutable, le Patrick Fiori. \u00bb<\/p>\n<p>Interrog\u00e9 par Nikos Aliagas sur les raisons de cette coalition, Soprano a r\u00e9pondu du tac au tac : \u00ab <strong>Parce qu&rsquo;il gagne trop !<\/strong> \u00bb, avant d&rsquo;ajouter : \u00ab Il parle trop bien. \u00bb Santa a compl\u00e9t\u00e9 : \u00ab Il a toujours le petit twist du verbe, de la sympathie. C&rsquo;est un aimant. \u00bb Moins une inimiti\u00e9 qu&rsquo;un aveu d&rsquo;admiration, donc.<\/p>\n<p>Le proc\u00e9d\u00e9 fonctionne, pour l&rsquo;instant : \u00e0 chaque fois que la cage est tomb\u00e9e, l&rsquo;enfant a choisi un autre fauteuil. <strong>L\u00e9na<\/strong> a rejoint Soprano lors du premier prime, <strong>Ariana<\/strong> a pr\u00e9f\u00e9r\u00e9 Santa lors du deuxi\u00e8me.<\/p>\n<h2>Ce qui s&rsquo;est pass\u00e9 samedi 29 ao\u00fbt sur TF1<\/h2>\n<p>Le deuxi\u00e8me \u00e9pisode des auditions \u00e0 l&rsquo;aveugle a \u00e9t\u00e9 marqu\u00e9 par l&rsquo;une des nouveaut\u00e9s de la saison, <strong>l&rsquo;appel \u00e0 un ami<\/strong>. Soprano l&rsquo;a d\u00e9gain\u00e9 face \u00e0 <strong>Azure<\/strong>, 9 ans, footballeuse, qui interpr\u00e9tait <em>Don&rsquo;t Speak<\/em> de No Doubt. Les quatre fauteuils se sont retourn\u00e9s \u2014 Soprano en moins de vingt secondes, puis M. Pokora, Patrick Fiori et Santa. Patrick Fiori a d&rsquo;ailleurs \u00e9t\u00e9 mis hors jeu par un <strong>Block<\/strong> de Santa.<\/p>\n<p>Pour emporter la d\u00e9cision, Soprano a fait diffuser sur l&rsquo;\u00e9cran du plateau un message de <strong>Zin\u00e9dine Zidane<\/strong> : \u00ab Salut mon amie, c&rsquo;est Zizou. Sans h\u00e9sitation, tu peux choisir Soprano. Il va t&rsquo;amener au bout. Il a un grand c\u0153ur, il va bien s&rsquo;occuper de toi. \u00bb Coup de poker sans effet : la jeune chanteuse a rejoint l&rsquo;\u00e9quipe de Santa. Une semaine plus t\u00f4t, c&rsquo;est <strong>Kylian Mbapp\u00e9<\/strong> qui avait \u00e9t\u00e9 mobilis\u00e9 par M. Pokora, sans plus de succ\u00e8s.<\/p>\n<p style=\"background:#fff8e1;border-left:4px solid #f39c12;padding:12px 16px;border-radius:6px;\"><strong>Pr\u00e9cision de m\u00e9thode :<\/strong> l&rsquo;\u00e9mission \u00e9tait encore en cours de diffusion au moment de la publication de cet article. Nous ne donnons donc que les s\u00e9quences d\u00e9j\u00e0 diffus\u00e9es et v\u00e9rifi\u00e9es, et aucun \u00ab vainqueur \u00bb : \u00e0 ce stade de la comp\u00e9tition, les auditions \u00e0 l&rsquo;aveugle servent uniquement \u00e0 constituer les \u00e9quipes. Par ailleurs, nous ne d\u00e9taillons pas les histoires personnelles des enfants qui participent au programme.<\/p>\n<h2>Les quatre coachs de \u00ab The Voice Kids \u00bb 2026<\/h2>\n<p>Pour la <strong>premi\u00e8re fois depuis 2019<\/strong>, le banc des coachs ne change pas d&rsquo;une saison \u00e0 l&rsquo;autre. Voici ce que chacun apporte, et ce qu&rsquo;il a d\u00e9j\u00e0 gagn\u00e9 dans la version enfants du t\u00e9l\u00e9-crochet.<\/p>\n<table style=\"width:100%;border-collapse:collapse;margin:20px 0;font-size:15px;\">\n<thead>\n<tr style=\"background:#2c3e50;color:#fff;\">\n<th style=\"padding:10px;border:1px solid #ddd;text-align:left;\">Coach<\/th>\n<th style=\"padding:10px;border:1px solid #ddd;text-align:left;\">Saisons de \u00ab The Voice Kids \u00bb<\/th>\n<th style=\"padding:10px;border:1px solid #ddd;text-align:left;\">Titres de coach<\/th>\n<th style=\"padding:10px;border:1px solid #ddd;text-align:left;\">Enjeu 2026<\/th>\n<\/tr>\n<\/thead>\n<tbody>\n<tr>\n<td style=\"padding:10px;border:1px solid #ddd;\"><strong>Patrick Fiori<\/strong><\/td>\n<td style=\"padding:10px;border:1px solid #ddd;\">Saisons 2 \u00e0 12 (11e saison)<\/td>\n<td style=\"padding:10px;border:1px solid #ddd;\"><strong>5<\/strong><\/td>\n<td style=\"padding:10px;border:1px solid #ddd;\">Cible de l&rsquo;alliance, vise un 6e troph\u00e9e<\/td>\n<\/tr>\n<tr style=\"background:#f8f9fa;\">\n<td style=\"padding:10px;border:1px solid #ddd;\"><strong>Soprano<\/strong><\/td>\n<td style=\"padding:10px;border:1px solid #ddd;\">Saisons 5, 6, 7, 11 et 12 (5e saison)<\/td>\n<td style=\"padding:10px;border:1px solid #ddd;\">0<\/td>\n<td style=\"padding:10px;border:1px solid #ddd;\">Trois finales perdues entre 2018 et 2020<\/td>\n<\/tr>\n<tr>\n<td style=\"padding:10px;border:1px solid #ddd;\"><strong>M. Pokora<\/strong><\/td>\n<td style=\"padding:10px;border:1px solid #ddd;\">Saisons 3, 4, 11 et 12 (4e saison)<\/td>\n<td style=\"padding:10px;border:1px solid #ddd;\">1 (saison 3, en 2016)<\/td>\n<td style=\"padding:10px;border:1px solid #ddd;\">Le strat\u00e8ge des n\u00e9gociations<\/td>\n<\/tr>\n<tr style=\"background:#f8f9fa;\">\n<td style=\"padding:10px;border:1px solid #ddd;\"><strong>Santa<\/strong><\/td>\n<td style=\"padding:10px;border:1px solid #ddd;\">Saisons 11 et 12 (2e saison)<\/td>\n<td style=\"padding:10px;border:1px solid #ddd;\">0<\/td>\n<td style=\"padding:10px;border:1px solid #ddd;\">Seule coach f\u00e9minine, a plac\u00e9 son talent en finale en 2025<\/td>\n<\/tr>\n<\/tbody>\n<\/table>\n<h3>Le palmar\u00e8s de Patrick Fiori, saison par saison<\/h3>\n<p>Ses cinq victoires : <strong>Jane<\/strong> (saison 2, 2015), <strong>Angelina<\/strong> (saison 4, 2017), <strong>R\u00e9becca<\/strong> (saison 7, 2020), <strong>Raynaud<\/strong> (saison 8, 2022) et <strong>Charlotte<\/strong> (saison 11, 2025). S&rsquo;y ajoutent plusieurs places de finaliste, dont Carla (saison 5), Lucie (saison 9) et April (saison 10) : depuis dix ans, un talent de l&rsquo;\u00e9quipe Fiori est presque toujours en finale.<\/p>\n<h3>Les trois nouveaut\u00e9s de la m\u00e9canique 2026<\/h3>\n<ul>\n<li><strong>Les gages<\/strong> : chaque coach peut imposer un d\u00e9fi \u00e0 l&rsquo;un de ses concurrents pendant les n\u00e9gociations.<\/li>\n<li><strong>Le Block<\/strong> : la possibilit\u00e9 d&rsquo;\u00e9carter un coach de la course pour un talent donn\u00e9. C&rsquo;est ce qui a co\u00fbt\u00e9 Azure \u00e0 Patrick Fiori samedi soir.<\/li>\n<li><strong>L&rsquo;appel \u00e0 un ami<\/strong> : la sollicitation d&rsquo;une personnalit\u00e9, en vid\u00e9o ou sur le plateau, pour convaincre un enfant. Zin\u00e9dine Zidane et Kylian Mbapp\u00e9 ont d\u00e9j\u00e0 \u00e9t\u00e9 mobilis\u00e9s.<\/li>\n<\/ul>\n<p>Le r\u00e9pertoire des candidats, lui, ne rajeunit pas : Michel Sardou, Jacques Brel, Claude Fran\u00e7ois, Dalida ou Adele c\u00f4toient les sorties r\u00e9centes. Beaucoup de ces titres viennent des d\u00e9cennies que couvrent nos <a href=\"https:\/\/telemusic.fr\/blog\/guides-et-conseils-musique\/musique-annee-80-tubes-cultes\/\">rep\u00e8res sur les tubes cultes des ann\u00e9es 80<\/a>, une base que les jeunes talents connaissent souvent mieux que leurs parents.<\/p>\n<h2>Quand regarder la suite, et o\u00f9 revoir les auditions<\/h2>\n<table style=\"width:100%;border-collapse:collapse;margin:20px 0;font-size:15px;\">\n<thead>\n<tr style=\"background:#2c3e50;color:#fff;\">\n<th style=\"padding:10px;border:1px solid #ddd;text-align:left;\">\u00c9pisode<\/th>\n<th style=\"padding:10px;border:1px solid #ddd;text-align:left;\">Date<\/th>\n<th style=\"padding:10px;border:1px solid #ddd;text-align:left;\">Heure<\/th>\n<th style=\"padding:10px;border:1px solid #ddd;text-align:left;\">Diffusion<\/th>\n<\/tr>\n<\/thead>\n<tbody>\n<tr>\n<td style=\"padding:10px;border:1px solid #ddd;\">Auditions \u00e0 l&rsquo;aveugle 1<\/td>\n<td style=\"padding:10px;border:1px solid #ddd;\">Samedi 22 ao\u00fbt 2026<\/td>\n<td style=\"padding:10px;border:1px solid #ddd;\">21h10<\/td>\n<td style=\"padding:10px;border:1px solid #ddd;\">TF1 \u2014 diffus\u00e9<\/td>\n<\/tr>\n<tr style=\"background:#f8f9fa;\">\n<td style=\"padding:10px;border:1px solid #ddd;\">Auditions \u00e0 l&rsquo;aveugle 2<\/td>\n<td style=\"padding:10px;border:1px solid #ddd;\">Samedi 29 ao\u00fbt 2026<\/td>\n<td style=\"padding:10px;border:1px solid #ddd;\">21h10<\/td>\n<td style=\"padding:10px;border:1px solid #ddd;\">TF1 \u2014 diffus\u00e9<\/td>\n<\/tr>\n<tr>\n<td style=\"padding:10px;border:1px solid #ddd;\">Auditions \u00e0 l&rsquo;aveugle 3<\/td>\n<td style=\"padding:10px;border:1px solid #ddd;\">Samedi 5 septembre 2026<\/td>\n<td style=\"padding:10px;border:1px solid #ddd;\">21h10<\/td>\n<td style=\"padding:10px;border:1px solid #ddd;\">TF1<\/td>\n<\/tr>\n<tr style=\"background:#f8f9fa;\">\n<td style=\"padding:10px;border:1px solid #ddd;\">Replay<\/td>\n<td style=\"padding:10px;border:1px solid #ddd;\">Apr\u00e8s chaque diffusion<\/td>\n<td style=\"padding:10px;border:1px solid #ddd;\">\u2014<\/td>\n<td style=\"padding:10px;border:1px solid #ddd;\">TF1+ (gratuit)<\/td>\n<\/tr>\n<\/tbody>\n<\/table>\n<p>Le programme s&rsquo;installe dans la case du samedi soir de <a href=\"https:\/\/www.tf1.fr\/tf1\/the-voice-kids\" rel=\"nofollow\" target=\"_blank\">TF1<\/a>, celle-l\u00e0 m\u00eame qui a vu la cha\u00eene annoncer d&rsquo;autres arbitrages de grille cette ann\u00e9e, comme <a href=\"https:\/\/culture-series.fr\/blog\/actualites-et-tendances\/mademoiselle-holmes-saison-3-tf1-arret\/\">l&rsquo;arr\u00eat de \u00ab Mademoiselle Holmes \u00bb<\/a>. C\u00f4t\u00e9 concurrence de rentr\u00e9e, M6 aligne pour sa part <a href=\"https:\/\/culture-series.fr\/blog\/actualites-et-tendances\/lamour-est-dans-le-pre-2026-date-casting-et-nouveautes-de-la-saison-21\/\">la saison 21 de \u00ab L&rsquo;amour est dans le pr\u00e9 \u00bb<\/a>.<\/p>\n<h2>Patrick Fiori avait d\u00e9j\u00e0 gagn\u00e9 sa soir\u00e9e la veille<\/h2>\n<p>Le chanteur \u00e9tait \u00e0 l&rsquo;antenne <strong>deux soirs de suite<\/strong> : le vendredi 28 ao\u00fbt, France 3 diffusait \u00ab Corsu Mezu Mezu, un soir au V\u00e9lodrome avec Patrick Fiori \u00bb, concert corse enregistr\u00e9 au Stade V\u00e9lodrome de Marseille. R\u00e9sultat : <strong>1,46 million de t\u00e9l\u00e9spectateurs<\/strong> et <strong>10,7 %<\/strong> de part d&rsquo;audience, loin devant la rediffusion d&rsquo;\u00ab Arnaques ! \u00bb de Julien Courbet sur M6 (729 000 t\u00e9l\u00e9spectateurs, 4,7 %), selon les chiffres M\u00e9diam\u00e9trie relay\u00e9s par <a href=\"https:\/\/www.ozap.com\/actu\/audiences-quel-score-pour-la-serie-a-linstinct-face-au-jeu-le-grand-concours-darthur-sur-tf1\/656576\" rel=\"nofollow\" target=\"_blank\">Purem\u00e9dias<\/a> et <a href=\"https:\/\/toutelatele.ouest-france.fr\/audiences-tv-prime-vendredi-28-aout-2026-le-grand-concours-sur-tf1-distance-par-a-l-instinct-patrick-fiori-ecrase-julien-courbet-sur-m6-189383\" rel=\"nofollow\" target=\"_blank\">Toutelat\u00e9l\u00e9<\/a>.<\/p>\n<p>Pour \u00ab The Voice Kids \u00bb, le lancement du 22 ao\u00fbt avait plac\u00e9 TF1 en <strong>deuxi\u00e8me position<\/strong> de la soir\u00e9e, derri\u00e8re \u00ab Meurtres dans le Cantal \u00bb sur France 3 (3,33 millions) mais devant \u00ab Fort Boyard \u00bb sur France 2 (2,36 millions) \u2014 en repli par rapport \u00e0 2025 (2,75 puis 2,62 millions).<\/p>\n<h2>Questions fr\u00e9quentes<\/h2>\n<details>\n<summary><strong>Combien de fois Patrick Fiori a-t-il gagn\u00e9 \u00ab The Voice Kids \u00bb ?<\/strong><\/summary>\n<p>Cinq fois, comme coach : avec Jane en 2015 (saison 2), Angelina en 2017 (saison 4), R\u00e9becca en 2020 (saison 7), Raynaud en 2022 (saison 8) et Charlotte en 2025 (saison 11). C&rsquo;est le record du programme, et la raison invoqu\u00e9e par Santa, Soprano et M. Pokora pour s&rsquo;allier contre lui en 2026.<\/p>\n<\/details>\n<details>\n<summary><strong>Quand a lieu le prochain \u00e9pisode de \u00ab The Voice Kids \u00bb 2026 ?<\/strong><\/summary>\n<p>Le troisi\u00e8me prime des auditions \u00e0 l&rsquo;aveugle est programm\u00e9 le samedi 5 septembre 2026 \u00e0 21h10 sur TF1. Les \u00e9pisodes d\u00e9j\u00e0 diffus\u00e9s sont disponibles gratuitement en replay sur TF1+.<\/p>\n<\/details>\n<details>\n<summary><strong>Qui sont les coachs et les animateurs de la saison 12 ?<\/strong><\/summary>\n<p>Les quatre coachs sont Patrick Fiori, Santa, M. Pokora et Soprano, inchang\u00e9s par rapport \u00e0 2025 \u2014 une premi\u00e8re depuis 2019. Nikos Aliagas pr\u00e9sente l&rsquo;\u00e9mission, et la chanteuse Styleto accompagne les talents en coulisses, \u00e0 la place de Karine Ferri.<\/p>\n<\/details>\n<p><script type=\"application\/ld+json\">{\"@context\":\"https:\/\/schema.org\",\"@type\":\"FAQPage\",\"mainEntity\":[{\"@type\":\"Question\",\"name\":\"Combien de fois Patrick Fiori a-t-il gagn\u00e9 The Voice Kids ?\",\"acceptedAnswer\":{\"@type\":\"Answer\",\"text\":\"Cinq fois, comme coach : avec Jane en 2015 (saison 2), Angelina en 2017 (saison 4), R\u00e9becca en 2020 (saison 7), Raynaud en 2022 (saison 8) et Charlotte en 2025 (saison 11). C'est le record du programme, et la raison invoqu\u00e9e par Santa, Soprano et M. Pokora pour s'allier contre lui en 2026.\"}},{\"@type\":\"Question\",\"name\":\"Quand a lieu le prochain \u00e9pisode de The Voice Kids 2026 ?\",\"acceptedAnswer\":{\"@type\":\"Answer\",\"text\":\"Le troisi\u00e8me prime des auditions \u00e0 l'aveugle est programm\u00e9 le samedi 5 septembre 2026 \u00e0 21h10 sur TF1. Les \u00e9pisodes d\u00e9j\u00e0 diffus\u00e9s sont disponibles gratuitement en replay sur TF1+.\"}},{\"@type\":\"Question\",\"name\":\"Qui sont les coachs et les animateurs de la saison 12 de The Voice Kids ?\",\"acceptedAnswer\":{\"@type\":\"Answer\",\"text\":\"Les quatre coachs sont Patrick Fiori, Santa, M. Pokora et Soprano, inchang\u00e9s par rapport \u00e0 2025, une premi\u00e8re depuis 2019. Nikos Aliagas pr\u00e9sente l'\u00e9mission et la chanteuse Styleto accompagne les talents en coulisses, \u00e0 la place de Karine Ferri.\"}}]}<\/script><\/p>\n<h2>\u00c0 retenir<\/h2>\n<ul>\n<li>Patrick Fiori est le <strong>seul coach pr\u00e9sent depuis 2015<\/strong> et le recordman du programme avec <strong>5 victoires<\/strong> ; il entame sa <strong>11e saison<\/strong>.<\/li>\n<li>L&rsquo;alliance \u00ab <strong>Tous contre Patrick Fiori<\/strong> \u00bb, mat\u00e9rialis\u00e9e par une cage sur le plateau, est n\u00e9e de la victoire de Charlotte en 2025 et a d\u00e9j\u00e0 fonctionn\u00e9 deux fois en deux primes.<\/li>\n<li>Les auditions \u00e0 l&rsquo;aveugle <strong>ne d\u00e9signent aucun vainqueur<\/strong> : elles constituent les \u00e9quipes. La suite se joue <strong>samedi 5 septembre \u00e0 21h10 sur TF1<\/strong>, en replay sur TF1+.<\/li>\n<li>Nouveaut\u00e9s \u00e0 surveiller : les <strong>gages<\/strong>, le <strong>Block<\/strong> et l&rsquo;<strong>appel \u00e0 un ami<\/strong>, qui a d\u00e9j\u00e0 mobilis\u00e9 Zin\u00e9dine Zidane et Kylian Mbapp\u00e9.<\/li>\n<\/ul>\n","protected":false},"excerpt":{"rendered":"","protected":false},"author":41,"featured_media":8252,"comment_status":"open","ping_status":"open","sticky":false,"template":"","format":"standard","meta":{"_acf_changed":false,"manual_indexmenow":false,"indexmenow_id_project":0,"footnotes":""},"categories":[4523],"tags":[],"class_list":["post-8251","post","type-post","status-publish","format-standard","has-post-thumbnail","hentry","category-actualites-et-tendances","generate-columns","tablet-grid-50","mobile-grid-100","grid-parent","grid-25"],"acf":[],"yoast_head":"<!-- This site is optimized with the Yoast SEO Premium plugin v21.3 (Yoast SEO v25.6) - https:\/\/yoast.com\/wordpress\/plugins\/seo\/ -->\n<title>Patrick Fiori, The Voice Kids 2026 : tous contre le 4e coach<\/title>\n<meta name=\"description\" content=\"Patrick Fiori, 5 troph\u00e9es et 11e saison de The Voice Kids : pourquoi Santa, Soprano et M. Pokora se liguent contre lui, et quand voir la suite sur TF1.\" \/>\n<meta name=\"robots\" content=\"index, follow, max-snippet:-1, max-image-preview:large, max-video-preview:-1\" \/>\n<link rel=\"canonical\" href=\"https:\/\/culture-series.fr\/blog\/actualites-et-tendances\/patrick-fiori-dans-the-voice-kids-2026-pourquoi-santa-soprano-et-m-pokora-se-liguent-contre-lui\/\" \/>\n<meta property=\"og:locale\" content=\"fr_FR\" \/>\n<meta property=\"og:type\" content=\"article\" \/>\n<meta property=\"og:title\" content=\"Patrick Fiori, The Voice Kids 2026 : tous contre le 4e coach\" \/>\n<meta property=\"og:description\" content=\"Patrick Fiori, 5 troph\u00e9es et 11e saison de The Voice Kids : pourquoi Santa, Soprano et M. Pokora se liguent contre lui, et quand voir la suite sur TF1.\" \/>\n<meta property=\"og:url\" content=\"https:\/\/culture-series.fr\/blog\/actualites-et-tendances\/patrick-fiori-dans-the-voice-kids-2026-pourquoi-santa-soprano-et-m-pokora-se-liguent-contre-lui\/\" \/>\n<meta property=\"og:site_name\" content=\"culture-series\" \/>\n<meta property=\"og:image\" content=\"https:\/\/culture-series.fr\/blog\/wp-content\/uploads\/2026\/08\/pf8251-scaled.jpg\" \/>\n\t<meta property=\"og:image:width\" content=\"1200\" \/>\n\t<meta property=\"og:image:height\" content=\"800\" \/>\n\t<meta property=\"og:image:type\" content=\"image\/jpeg\" \/>\n<meta name=\"author\" content=\"Sophie Martin\" \/>\n<meta name=\"twitter:card\" content=\"summary_large_image\" \/>\n<script type=\"application\/ld+json\" class=\"yoast-schema-graph\">{\"@context\":\"https:\/\/schema.org\",\"@graph\":[{\"@type\":\"NewsArticle\",\"@id\":\"https:\/\/culture-series.fr\/blog\/actualites-et-tendances\/patrick-fiori-dans-the-voice-kids-2026-pourquoi-santa-soprano-et-m-pokora-se-liguent-contre-lui\/#article\",\"isPartOf\":{\"@id\":\"https:\/\/culture-series.fr\/blog\/actualites-et-tendances\/patrick-fiori-dans-the-voice-kids-2026-pourquoi-santa-soprano-et-m-pokora-se-liguent-contre-lui\/\"},\"author\":{\"name\":\"Sophie Martin\",\"@id\":\"https:\/\/culture-series.fr\/blog\/#\/schema\/person\/5c0eda07620ea0e992aef4bbb770a876\"},\"headline\":\"Patrick Fiori dans The Voice Kids 2026 : pourquoi Santa, Soprano et M. Pokora se liguent contre lui\",\"datePublished\":\"2026-08-29T20:48:25+00:00\",\"mainEntityOfPage\":{\"@id\":\"https:\/\/culture-series.fr\/blog\/actualites-et-tendances\/patrick-fiori-dans-the-voice-kids-2026-pourquoi-santa-soprano-et-m-pokora-se-liguent-contre-lui\/\"},\"wordCount\":1573,\"commentCount\":0,\"publisher\":{\"@id\":\"https:\/\/culture-series.fr\/blog\/#organization\"},\"image\":{\"@id\":\"https:\/\/culture-series.fr\/blog\/actualites-et-tendances\/patrick-fiori-dans-the-voice-kids-2026-pourquoi-santa-soprano-et-m-pokora-se-liguent-contre-lui\/#primaryimage\"},\"thumbnailUrl\":\"https:\/\/culture-series.fr\/blog\/wp-content\/uploads\/2026\/08\/pf8251-scaled.jpg\",\"articleSection\":[\"Actualit\u00e9s et Tendances\"],\"inLanguage\":\"fr-FR\",\"potentialAction\":[{\"@type\":\"CommentAction\",\"name\":\"Comment\",\"target\":[\"https:\/\/culture-series.fr\/blog\/actualites-et-tendances\/patrick-fiori-dans-the-voice-kids-2026-pourquoi-santa-soprano-et-m-pokora-se-liguent-contre-lui\/#respond\"]}]},{\"@type\":\"WebPage\",\"@id\":\"https:\/\/culture-series.fr\/blog\/actualites-et-tendances\/patrick-fiori-dans-the-voice-kids-2026-pourquoi-santa-soprano-et-m-pokora-se-liguent-contre-lui\/\",\"url\":\"https:\/\/culture-series.fr\/blog\/actualites-et-tendances\/patrick-fiori-dans-the-voice-kids-2026-pourquoi-santa-soprano-et-m-pokora-se-liguent-contre-lui\/\",\"name\":\"Patrick Fiori, The Voice Kids 2026 : tous contre le 4e coach\",\"isPartOf\":{\"@id\":\"https:\/\/culture-series.fr\/blog\/#website\"},\"primaryImageOfPage\":{\"@id\":\"https:\/\/culture-series.fr\/blog\/actualites-et-tendances\/patrick-fiori-dans-the-voice-kids-2026-pourquoi-santa-soprano-et-m-pokora-se-liguent-contre-lui\/#primaryimage\"},\"image\":{\"@id\":\"https:\/\/culture-series.fr\/blog\/actualites-et-tendances\/patrick-fiori-dans-the-voice-kids-2026-pourquoi-santa-soprano-et-m-pokora-se-liguent-contre-lui\/#primaryimage\"},\"thumbnailUrl\":\"https:\/\/culture-series.fr\/blog\/wp-content\/uploads\/2026\/08\/pf8251-scaled.jpg\",\"datePublished\":\"2026-08-29T20:48:25+00:00\",\"description\":\"Patrick Fiori, 5 troph\u00e9es et 11e saison de The Voice Kids : pourquoi Santa, Soprano et M. Pokora se liguent contre lui, et quand voir la suite sur TF1.\",\"inLanguage\":\"fr-FR\",\"potentialAction\":[{\"@type\":\"ReadAction\",\"target\":[\"https:\/\/culture-series.fr\/blog\/actualites-et-tendances\/patrick-fiori-dans-the-voice-kids-2026-pourquoi-santa-soprano-et-m-pokora-se-liguent-contre-lui\/\"]}]},{\"@type\":\"ImageObject\",\"inLanguage\":\"fr-FR\",\"@id\":\"https:\/\/culture-series.fr\/blog\/actualites-et-tendances\/patrick-fiori-dans-the-voice-kids-2026-pourquoi-santa-soprano-et-m-pokora-se-liguent-contre-lui\/#primaryimage\",\"url\":\"https:\/\/culture-series.fr\/blog\/wp-content\/uploads\/2026\/08\/pf8251-scaled.jpg\",\"contentUrl\":\"https:\/\/culture-series.fr\/blog\/wp-content\/uploads\/2026\/08\/pf8251-scaled.jpg\",\"width\":1200,\"height\":800},{\"@type\":\"WebSite\",\"@id\":\"https:\/\/culture-series.fr\/blog\/#website\",\"url\":\"https:\/\/culture-series.fr\/blog\/\",\"name\":\"culture-series.Fr\",\"description\":\"Culture &amp; Series, l&#039;univers des s\u00e9ries en profondeur\",\"publisher\":{\"@id\":\"https:\/\/culture-series.fr\/blog\/#organization\"},\"alternateName\":\"Culture & Series, l'univers des s\u00e9ries en profondeur\",\"potentialAction\":[{\"@type\":\"SearchAction\",\"target\":{\"@type\":\"EntryPoint\",\"urlTemplate\":\"https:\/\/culture-series.fr\/blog\/?s={search_term_string}\"},\"query-input\":{\"@type\":\"PropertyValueSpecification\",\"valueRequired\":true,\"valueName\":\"search_term_string\"}}],\"inLanguage\":\"fr-FR\"},{\"@type\":\"Organization\",\"@id\":\"https:\/\/culture-series.fr\/blog\/#organization\",\"name\":\"Foretsensations.fr\",\"url\":\"https:\/\/culture-series.fr\/blog\/\",\"logo\":{\"@type\":\"ImageObject\",\"inLanguage\":\"fr-FR\",\"@id\":\"https:\/\/culture-series.fr\/blog\/#\/schema\/logo\/image\/\",\"url\":\"https:\/\/culture-series.fr\/blog\/wp-content\/uploads\/2024\/12\/27.png\",\"contentUrl\":\"https:\/\/culture-series.fr\/blog\/wp-content\/uploads\/2024\/12\/27.png\",\"width\":500,\"height\":500,\"caption\":\"Foretsensations.fr\"},\"image\":{\"@id\":\"https:\/\/culture-series.fr\/blog\/#\/schema\/logo\/image\/\"}},{\"@type\":\"Person\",\"@id\":\"https:\/\/culture-series.fr\/blog\/#\/schema\/person\/5c0eda07620ea0e992aef4bbb770a876\",\"name\":\"Sophie Martin\",\"image\":{\"@type\":\"ImageObject\",\"inLanguage\":\"fr-FR\",\"@id\":\"https:\/\/culture-series.fr\/blog\/#\/schema\/person\/image\/\",\"url\":\"https:\/\/secure.gravatar.com\/avatar\/?s=96&d=mm&r=g\",\"contentUrl\":\"https:\/\/secure.gravatar.com\/avatar\/?s=96&d=mm&r=g\",\"caption\":\"Sophie Martin\"},\"description\":\"Sophie Martin est formatrice en storytelling et sc\u00e9nariste. Elle analyse les structures narratives des s\u00e9ries populaires et propose des guides pour aider les aspirants cr\u00e9ateurs \u00e0 d\u00e9velopper leurs propres histoires captivantes.\",\"url\":\"https:\/\/culture-series.fr\/blog\/auteur\/sophie-martin\/\",\"jobTitle\":\"Contributrice beaut\u00e9\",\"email\":\"sophie.martin@boutique-celine-pretaporter.fr\"}]}<\/script>\n<!-- \/ Yoast SEO Premium plugin. -->","yoast_head_json":{"title":"Patrick Fiori, The Voice Kids 2026 : tous contre le 4e coach","description":"Patrick Fiori, 5 troph\u00e9es et 11e saison de The Voice Kids : pourquoi Santa, Soprano et M. Pokora se liguent contre lui, et quand voir la suite sur TF1.","robots":{"index":"index","follow":"follow","max-snippet":"max-snippet:-1","max-image-preview":"max-image-preview:large","max-video-preview":"max-video-preview:-1"},"canonical":"https:\/\/culture-series.fr\/blog\/actualites-et-tendances\/patrick-fiori-dans-the-voice-kids-2026-pourquoi-santa-soprano-et-m-pokora-se-liguent-contre-lui\/","og_locale":"fr_FR","og_type":"article","og_title":"Patrick Fiori, The Voice Kids 2026 : tous contre le 4e coach","og_description":"Patrick Fiori, 5 troph\u00e9es et 11e saison de The Voice Kids : pourquoi Santa, Soprano et M. Pokora se liguent contre lui, et quand voir la suite sur TF1.","og_url":"https:\/\/culture-series.fr\/blog\/actualites-et-tendances\/patrick-fiori-dans-the-voice-kids-2026-pourquoi-santa-soprano-et-m-pokora-se-liguent-contre-lui\/","og_site_name":"culture-series","og_image":[{"width":1200,"height":800,"url":"https:\/\/culture-series.fr\/blog\/wp-content\/uploads\/2026\/08\/pf8251-scaled.jpg","type":"image\/jpeg"}],"author":"Sophie Martin","twitter_card":"summary_large_image","schema":{"@context":"https:\/\/schema.org","@graph":[{"@type":"NewsArticle","@id":"https:\/\/culture-series.fr\/blog\/actualites-et-tendances\/patrick-fiori-dans-the-voice-kids-2026-pourquoi-santa-soprano-et-m-pokora-se-liguent-contre-lui\/#article","isPartOf":{"@id":"https:\/\/culture-series.fr\/blog\/actualites-et-tendances\/patrick-fiori-dans-the-voice-kids-2026-pourquoi-santa-soprano-et-m-pokora-se-liguent-contre-lui\/"},"author":{"name":"Sophie Martin","@id":"https:\/\/culture-series.fr\/blog\/#\/schema\/person\/5c0eda07620ea0e992aef4bbb770a876"},"headline":"Patrick Fiori dans The Voice Kids 2026 : pourquoi Santa, Soprano et M. Pokora se liguent contre lui","datePublished":"2026-08-29T20:48:25+00:00","mainEntityOfPage":{"@id":"https:\/\/culture-series.fr\/blog\/actualites-et-tendances\/patrick-fiori-dans-the-voice-kids-2026-pourquoi-santa-soprano-et-m-pokora-se-liguent-contre-lui\/"},"wordCount":1573,"commentCount":0,"publisher":{"@id":"https:\/\/culture-series.fr\/blog\/#organization"},"image":{"@id":"https:\/\/culture-series.fr\/blog\/actualites-et-tendances\/patrick-fiori-dans-the-voice-kids-2026-pourquoi-santa-soprano-et-m-pokora-se-liguent-contre-lui\/#primaryimage"},"thumbnailUrl":"https:\/\/culture-series.fr\/blog\/wp-content\/uploads\/2026\/08\/pf8251-scaled.jpg","articleSection":["Actualit\u00e9s et Tendances"],"inLanguage":"fr-FR","potentialAction":[{"@type":"CommentAction","name":"Comment","target":["https:\/\/culture-series.fr\/blog\/actualites-et-tendances\/patrick-fiori-dans-the-voice-kids-2026-pourquoi-santa-soprano-et-m-pokora-se-liguent-contre-lui\/#respond"]}]},{"@type":"WebPage","@id":"https:\/\/culture-series.fr\/blog\/actualites-et-tendances\/patrick-fiori-dans-the-voice-kids-2026-pourquoi-santa-soprano-et-m-pokora-se-liguent-contre-lui\/","url":"https:\/\/culture-series.fr\/blog\/actualites-et-tendances\/patrick-fiori-dans-the-voice-kids-2026-pourquoi-santa-soprano-et-m-pokora-se-liguent-contre-lui\/","name":"Patrick Fiori, The Voice Kids 2026 : tous contre le 4e coach","isPartOf":{"@id":"https:\/\/culture-series.fr\/blog\/#website"},"primaryImageOfPage":{"@id":"https:\/\/culture-series.fr\/blog\/actualites-et-tendances\/patrick-fiori-dans-the-voice-kids-2026-pourquoi-santa-soprano-et-m-pokora-se-liguent-contre-lui\/#primaryimage"},"image":{"@id":"https:\/\/culture-series.fr\/blog\/actualites-et-tendances\/patrick-fiori-dans-the-voice-kids-2026-pourquoi-santa-soprano-et-m-pokora-se-liguent-contre-lui\/#primaryimage"},"thumbnailUrl":"https:\/\/culture-series.fr\/blog\/wp-content\/uploads\/2026\/08\/pf8251-scaled.jpg","datePublished":"2026-08-29T20:48:25+00:00","description":"Patrick Fiori, 5 troph\u00e9es et 11e saison de The Voice Kids : pourquoi Santa, Soprano et M. Pokora se liguent contre lui, et quand voir la suite sur TF1.","inLanguage":"fr-FR","potentialAction":[{"@type":"ReadAction","target":["https:\/\/culture-series.fr\/blog\/actualites-et-tendances\/patrick-fiori-dans-the-voice-kids-2026-pourquoi-santa-soprano-et-m-pokora-se-liguent-contre-lui\/"]}]},{"@type":"ImageObject","inLanguage":"fr-FR","@id":"https:\/\/culture-series.fr\/blog\/actualites-et-tendances\/patrick-fiori-dans-the-voice-kids-2026-pourquoi-santa-soprano-et-m-pokora-se-liguent-contre-lui\/#primaryimage","url":"https:\/\/culture-series.fr\/blog\/wp-content\/uploads\/2026\/08\/pf8251-scaled.jpg","contentUrl":"https:\/\/culture-series.fr\/blog\/wp-content\/uploads\/2026\/08\/pf8251-scaled.jpg","width":1200,"height":800},{"@type":"WebSite","@id":"https:\/\/culture-series.fr\/blog\/#website","url":"https:\/\/culture-series.fr\/blog\/","name":"culture-series.Fr","description":"Culture &amp; Series, l&#039;univers des s\u00e9ries en profondeur","publisher":{"@id":"https:\/\/culture-series.fr\/blog\/#organization"},"alternateName":"Culture & Series, l'univers des s\u00e9ries en profondeur","potentialAction":[{"@type":"SearchAction","target":{"@type":"EntryPoint","urlTemplate":"https:\/\/culture-series.fr\/blog\/?s={search_term_string}"},"query-input":{"@type":"PropertyValueSpecification","valueRequired":true,"valueName":"search_term_string"}}],"inLanguage":"fr-FR"},{"@type":"Organization","@id":"https:\/\/culture-series.fr\/blog\/#organization","name":"Foretsensations.fr","url":"https:\/\/culture-series.fr\/blog\/","logo":{"@type":"ImageObject","inLanguage":"fr-FR","@id":"https:\/\/culture-series.fr\/blog\/#\/schema\/logo\/image\/","url":"https:\/\/culture-series.fr\/blog\/wp-content\/uploads\/2024\/12\/27.png","contentUrl":"https:\/\/culture-series.fr\/blog\/wp-content\/uploads\/2024\/12\/27.png","width":500,"height":500,"caption":"Foretsensations.fr"},"image":{"@id":"https:\/\/culture-series.fr\/blog\/#\/schema\/logo\/image\/"}},{"@type":"Person","@id":"https:\/\/culture-series.fr\/blog\/#\/schema\/person\/5c0eda07620ea0e992aef4bbb770a876","name":"Sophie Martin","image":{"@type":"ImageObject","inLanguage":"fr-FR","@id":"https:\/\/culture-series.fr\/blog\/#\/schema\/person\/image\/","url":"https:\/\/secure.gravatar.com\/avatar\/?s=96&d=mm&r=g","contentUrl":"https:\/\/secure.gravatar.com\/avatar\/?s=96&d=mm&r=g","caption":"Sophie Martin"},"description":"Sophie Martin est formatrice en storytelling et sc\u00e9nariste. Elle analyse les structures narratives des s\u00e9ries populaires et propose des guides pour aider les aspirants cr\u00e9ateurs \u00e0 d\u00e9velopper leurs propres histoires captivantes.","url":"https:\/\/culture-series.fr\/blog\/auteur\/sophie-martin\/","jobTitle":"Contributrice beaut\u00e9","email":"sophie.martin@boutique-celine-pretaporter.fr"}]}},"_links":{"self":[{"href":"https:\/\/culture-series.fr\/blog\/wp-json\/wp\/v2\/posts\/8251","targetHints":{"allow":["GET"]}}],"collection":[{"href":"https:\/\/culture-series.fr\/blog\/wp-json\/wp\/v2\/posts"}],"about":[{"href":"https:\/\/culture-series.fr\/blog\/wp-json\/wp\/v2\/types\/post"}],"author":[{"embeddable":true,"href":"https:\/\/culture-series.fr\/blog\/wp-json\/wp\/v2\/users\/41"}],"replies":[{"embeddable":true,"href":"https:\/\/culture-series.fr\/blog\/wp-json\/wp\/v2\/comments?post=8251"}],"version-history":[{"count":0,"href":"https:\/\/culture-series.fr\/blog\/wp-json\/wp\/v2\/posts\/8251\/revisions"}],"wp:featuredmedia":[{"embeddable":true,"href":"https:\/\/culture-series.fr\/blog\/wp-json\/wp\/v2\/media\/8252"}],"wp:attachment":[{"href":"https:\/\/culture-series.fr\/blog\/wp-json\/wp\/v2\/media?parent=8251"}],"wp:term":[{"taxonomy":"category","embeddable":true,"href":"https:\/\/culture-series.fr\/blog\/wp-json\/wp\/v2\/categories?post=8251"},{"taxonomy":"post_tag","embeddable":true,"href":"https:\/\/culture-series.fr\/blog\/wp-json\/wp\/v2\/tags?post=8251"}],"curies":[{"name":"wp","href":"https:\/\/api.w.org\/{rel}","templated":true}]}}