{"id":8176,"date":"2026-07-14T00:39:39","date_gmt":"2026-07-13T22:39:39","guid":{"rendered":"https:\/\/culture-series.fr\/blog\/guides-de-visionnage\/prisoner-canal-plus-tahar-rahim\/"},"modified":"2026-08-10T20:35:02","modified_gmt":"2026-08-10T18:35:02","slug":"prisoner-canal-plus-tahar-rahim","status":"publish","type":"post","link":"https:\/\/culture-series.fr\/blog\/guides-de-visionnage\/prisoner-canal-plus-tahar-rahim\/","title":{"rendered":"Prisoner sur Canal+ : le final avec Tahar Rahim ce lundi 10 ao\u00fbt"},"content":{"rendered":"<link rel=\"stylesheet\" href=\"https:\/\/fonts.googleapis.com\/css2?family=Space+Grotesk:wght@500;600;700&#038;family=Inter:wght@400;500;600&#038;family=JetBrains+Mono:wght@500&#038;display=swap\">\n<style>\n.csr-ib-wrap{font-family:'Inter',-apple-system,BlinkMacSystemFont,sans-serif;color:#1b1c19;line-height:1.65;}\n.csr-ib-wrap p{font-size:17px;line-height:1.68;color:#26271f;}\n.csr-ib-wrap h2{font-family:'Space Grotesk','Inter',sans-serif;font-size:clamp(24px,3.2vw,33px);font-weight:700;letter-spacing:-0.02em;color:#10110f;margin:50px 0 14px;line-height:1.18;}\n.csr-ib-wrap h3{font-family:'Space Grotesk','Inter',sans-serif;font-size:20px;font-weight:600;letter-spacing:-0.01em;color:#15170f;margin:26px 0 8px;}\n.csr-ib-lead{font-family:'Inter',sans-serif;font-size:19px;line-height:1.58;color:#2a2c24;font-weight:500;margin:6px 0 26px;}\n.csr-ib-kicker{font-family:'JetBrains Mono',monospace;font-size:12px;font-weight:500;text-transform:uppercase;letter-spacing:2.4px;color:#1f7a4d;}\n.csr-ib-badge{display:inline-flex;flex-wrap:wrap;align-items:center;gap:8px;background:#eef7f1;border:1px solid #cfe5d6;border-radius:999px;padding:9px 18px;margin:0 0 20px;font-family:'JetBrains Mono',monospace;font-size:12px;letter-spacing:.4px;color:#2c4a38;}\n.csr-ib-badge strong{color:#155c39;font-weight:500;}\n.csr-ib-badge .csr-ib-dot{width:8px;height:8px;border-radius:50%;background:#1f7a4d;flex:0 0 auto;animation:csribpulse 2s infinite;}\n@keyframes csribpulse{0%,100%{opacity:1}50%{opacity:.35}}\n.csr-ib-brief{background:#0f1310;border-left:5px solid #5ed68f;border-radius:0 10px 10px 0;padding:24px 28px;margin:0 0 30px;box-shadow:0 1px 2px rgba(10,16,12,.06),0 16px 34px -20px rgba(10,16,12,.5);}\n.csr-ib-brief .csr-ib-kicker{color:#5ed68f;}\n.csr-ib-ans{font-size:18px;line-height:1.62;color:#eef4ee;font-weight:500;margin:10px 0 16px;}\n.csr-ib-blist{margin:0;padding:0;list-style:none;display:grid;gap:9px;}\n.csr-ib-blist li{display:flex;gap:11px;align-items:flex-start;font-size:14.5px;line-height:1.5;color:#cdd6cd;}\n.csr-ib-blist li span{flex:0 0 auto;color:#5ed68f;font-weight:700;}\n.csr-ib-grid{display:grid;grid-template-columns:repeat(auto-fit,minmax(230px,1fr));gap:16px;margin:28px 0;}\n.csr-ib-card{background:#fff;border:1px solid #e2e7e0;border-top:3px solid #1f7a4d;border-radius:8px;padding:20px 20px 18px;transition:.25s ease;}\n.csr-ib-card:hover{transform:translateY(-3px);box-shadow:0 1px 2px rgba(16,24,20,.05),0 14px 30px -16px rgba(16,24,20,.28);}\n.csr-ib-card .csr-ib-num{font-family:'JetBrains Mono',monospace;font-size:13px;font-weight:500;color:#1f7a4d;}\n.csr-ib-card h3{margin:8px 0 6px;font-size:17px;}\n.csr-ib-card .csr-ib-txt{font-size:14px;line-height:1.55;color:#48504a;}\n.csr-ib-note{background:#eef7f1;border-left:4px solid #1f7a4d;border-radius:0 6px 6px 0;padding:15px 20px;margin:22px 0;}\n.csr-ib-note strong{display:inline-block;font-family:'JetBrains Mono',monospace;color:#155c39;font-size:12px;text-transform:uppercase;letter-spacing:1.6px;margin-right:8px;}\n.csr-ib-note span{font-size:15px;line-height:1.58;color:#2c322c;}\n.csr-ib-table{margin:28px 0;overflow-x:auto;border:1px solid #e2e7e0;border-radius:8px;}\n.csr-ib-table table{width:100%;border-collapse:collapse;font-size:14.5px;color:#26271f;min-width:520px;}\n.csr-ib-table th{background:#10110f;color:#eef4ee;text-align:left;padding:13px 17px;font-family:'JetBrains Mono',monospace;font-size:11px;font-weight:500;text-transform:uppercase;letter-spacing:1.4px;}\n.csr-ib-table td{padding:13px 17px;border-bottom:1px solid #eef2ec;}\n.csr-ib-table tr:nth-child(even) td{background:#f8faf7;}\n.csr-ib-table td:first-child{font-weight:600;color:#15170f;}\n.csr-ib-video{position:relative;padding-bottom:56.25%;height:0;margin:26px 0;border-radius:10px;overflow:hidden;background:#0f1310;box-shadow:0 16px 34px -20px rgba(10,16,12,.5);}\n.csr-ib-video iframe{position:absolute;inset:0;width:100%;height:100%;border:0;}\n.csr-ib-cap{font-size:13px;color:#6a7168;margin:-16px 0 26px;}\n.csr-ib-retenir{background:#f7faf6;border:1px solid #dfe7dc;border-radius:10px;padding:24px 26px 26px;margin:40px 0;}\n.csr-ib-rgrid{display:grid;grid-template-columns:repeat(auto-fit,minmax(245px,1fr));gap:10px;}\n.csr-ib-ritem{display:flex;gap:12px;background:#fff;border:1px solid #e7ece4;border-radius:7px;padding:13px 15px;align-items:flex-start;}\n.csr-ib-ritem .csr-ib-rn{flex:0 0 26px;width:26px;height:26px;background:#1f7a4d;color:#fff;border-radius:50%;display:inline-flex;align-items:center;justify-content:center;font-family:'JetBrains Mono',monospace;font-size:12px;font-weight:500;}\n.csr-ib-ritem .csr-ib-rt{font-size:14px;line-height:1.5;color:#2a2e26;}\n.csr-ib-faq{margin:36px 0 10px;}\n.csr-ib-faq .csr-ib-fd{border-bottom:1px solid #dfe4db;}\n.csr-ib-faq summary{cursor:pointer;padding:17px 0;font-family:'Space Grotesk',sans-serif;font-size:17px;font-weight:600;color:#10110f;list-style:none;display:flex;justify-content:space-between;align-items:center;gap:14px;}\n.csr-ib-faq summary::-webkit-details-marker{display:none;}\n.csr-ib-faq summary .csr-ib-pl{font-size:22px;font-weight:300;color:#1f7a4d;line-height:1;transition:.25s ease;}\n.csr-ib-faq details[open] summary .csr-ib-pl{transform:rotate(45deg);}\n.csr-ib-faq .csr-ib-fa{padding:0 0 18px;font-size:15.5px;line-height:1.7;color:#454b44;}\n\/*RENDERFIX2*\/.csr-ib-brief{color:#eef3f9!important}.csr-ib-brief p,.csr-ib-brief li,.csr-ib-brief strong,.csr-ib-brief em,.csr-ib-brief a,.csr-ib-brief span,.csr-ib-brief b,.csr-ib-brief td,.csr-ib-brief th,.csr-ib-brief h2,.csr-ib-brief h3,.csr-ib-brief h4{color:#eef3f9!important}.csr-ib-brief strong,.csr-ib-brief b{color:#ffffff!important}.csr-ib-brief a{text-decoration:underline}.csr-ib-table th{color:#eef3f9!important}.csr-ib-table th strong,.csr-ib-table th b{color:#ffffff!important}.csr-ib-ritem .csr-ib-rn{color:#eef3f9!important}\n<\/style>\n<div class=\"csr-ib-wrap\">\n<div class=\"csr-ib-badge\"><span class=\"csr-ib-dot\"><\/span><strong>Derni\u00e8re mise \u00e0 jour : 10 ao\u00fbt 2026<\/strong>&nbsp;\u00b7 Page suivie \u2014 actualis\u00e9e \u00e0 chaque annonce officielle<\/div>\n<div class=\"csr-ib-lead\"><strong>Le sixi\u00e8me et dernier \u00e9pisode de Prisoner, le thriller de Tahar Rahim, est diffus\u00e9 ce lundi 10 ao\u00fbt 2026 sur Canal+ \u00e0 partir de 21h : la mini-s\u00e9rie s&rsquo;ach\u00e8ve ce soir au terme de six \u00e9pisodes.<\/strong> Cr\u00e9\u00e9e par Matt Charman, elle suit la cavale d&rsquo;une agente p\u00e9nitentiaire et d&rsquo;un ancien tueur d&rsquo;\u00e9lite menott\u00e9s l&rsquo;un \u00e0 l&rsquo;autre.<\/div>\n<div class=\"csr-ib-brief\">\n<div class=\"csr-ib-kicker\">En bref<\/div>\n<div class=\"csr-ib-ans\"><strong>Prisoner<\/strong> se termine ce <strong>lundi 10 ao\u00fbt 2026<\/strong> sur <strong>Canal+<\/strong> avec l&rsquo;<strong>\u00e9pisode 6 sur 6<\/strong>, programm\u00e9 \u00e0 partir de 21h (21h06 pr\u00e9cis\u00e9ment selon <a href=\"https:\/\/www.serie-news.com\/tnt\/canal\/34919-prisoner-sur-canal-tahar-rahim-menotte-a-sa-gardienne-pour-un-final-sous-haute-tension-10-08-2026\/\" rel=\"nofollow noopener\" target=\"_blank\">serie-news<\/a>). Lanc\u00e9e le 13 juillet 2026, la mini-s\u00e9rie de <strong>Matt Charman<\/strong> r\u00e9unit <strong>Tahar Rahim<\/strong> (Tibor Stone) et <strong>Izuka Hoyle<\/strong> (Amber Todd).<\/div>\n<ul class=\"csr-ib-blist\">\n<li><span>&#9656;<\/span> Une saison 2 est confirm\u00e9e par Sky depuis le 14 mai 2026, avec le retour d&rsquo;Izuka Hoyle \u2014 aucune date fran\u00e7aise n&rsquo;a \u00e9t\u00e9 annonc\u00e9e.<\/li>\n<li><span>&#9656;<\/span> Six \u00e9pisodes diffus\u00e9s en cinq lundis : la soir\u00e9e de lancement du 13 juillet en proposait deux d&rsquo;affil\u00e9e.<\/li>\n<li><span>&#9656;<\/span> Cr\u00e9ation originale britannique d\u00e9j\u00e0 diffus\u00e9e au Royaume-Uni sur Sky Atlantic depuis le 30 avril 2026.<\/li>\n<\/ul>\n<\/div>\n<div class=\"csr-ib-note\" id=\"maj-2026-08-10\"><strong>Mise \u00e0 jour du 10 ao\u00fbt 2026<\/strong> <span>Page bascul\u00e9e en fin de diffusion. Le final (\u00e9pisode 6\/6) passe ce soir \u00e0 partir de 21h sur Canal+ : la s\u00e9rie n&rsquo;est plus \u00ab en cours \u00bb, elle se termine. Nous n&rsquo;\u00e9crivons rien du d\u00e9nouement, l&rsquo;\u00e9pisode n&rsquo;\u00e9tant pas encore diffus\u00e9 \u00e0 l&rsquo;heure de cette mise \u00e0 jour, et aucun chiffre d&rsquo;audience n&rsquo;est disponible avant demain. Ajout d&rsquo;une section compl\u00e8te sur la saison 2.<\/span><\/div>\n<h2>Prisoner : le r\u00e9cap express<\/h2>\n<div class=\"csr-ib-table\">\n<table>\n<tr>\n<th>\u00c9l\u00e9ment<\/th>\n<th>D\u00e9tail<\/th>\n<th>Fiabilit\u00e9<\/th>\n<\/tr>\n<tr>\n<td>Titre<\/td>\n<td>Prisoner<\/td>\n<td>V\u00e9rifi\u00e9<\/td>\n<\/tr>\n<tr>\n<td>Genre<\/td>\n<td>Thriller d&rsquo;action, s\u00e9rie britannique<\/td>\n<td>V\u00e9rifi\u00e9<\/td>\n<\/tr>\n<tr>\n<td>Cr\u00e9ateur<\/td>\n<td>Matt Charman (cr\u00e9ateur et sc\u00e9nariste)<\/td>\n<td>V\u00e9rifi\u00e9<\/td>\n<\/tr>\n<tr>\n<td>R\u00e9alisation<\/td>\n<td>Otto Bathurst (\u00e9pisodes d&rsquo;ouverture), Pia Strietmann<\/td>\n<td>V\u00e9rifi\u00e9<\/td>\n<\/tr>\n<tr>\n<td>Nombre d&rsquo;\u00e9pisodes<\/td>\n<td>6 \u00e9pisodes, saison 1 compl\u00e8te<\/td>\n<td>V\u00e9rifi\u00e9<\/td>\n<\/tr>\n<tr>\n<td>Dur\u00e9e d&rsquo;un \u00e9pisode<\/td>\n<td>Environ 52 minutes selon serie-news et tv-programme.com ; la fiche AlloCin\u00e9 indique elle aussi 52 minutes, mais nous ne nous en servons pas pour trancher (voir plus bas)<\/td>\n<td>Attribu\u00e9e<\/td>\n<\/tr>\n<tr>\n<td>Diffuseur France<\/td>\n<td>Canal+ (et myCANAL \u00e0 la demande)<\/td>\n<td>V\u00e9rifi\u00e9<\/td>\n<\/tr>\n<tr>\n<td>Lancement France<\/td>\n<td>Lundi 13 juillet 2026 \u00e0 partir de 21h<\/td>\n<td>V\u00e9rifi\u00e9<\/td>\n<\/tr>\n<tr>\n<td>Final France<\/td>\n<td>Lundi 10 ao\u00fbt 2026, \u00e9pisode 6\/6, \u00e0 partir de 21h (21h06 selon serie-news)<\/td>\n<td>V\u00e9rifi\u00e9<\/td>\n<\/tr>\n<tr>\n<td>Rythme de diffusion<\/td>\n<td>Deux \u00e9pisodes le soir du lancement (13 juillet), puis un \u00e9pisode in\u00e9dit par lundi jusqu&rsquo;au 10 ao\u00fbt<\/td>\n<td>V\u00e9rifi\u00e9<\/td>\n<\/tr>\n<tr>\n<td>Casting principal<\/td>\n<td>Tahar Rahim (Tibor Stone), Izuka Hoyle (Amber Todd), Finn Bennett (Olly Hatton), Eddie Marsan (Alex Tebbit), Catherine McCormack (Josephine Campbell), Leonie Benesch, Br\u00edan F. O&rsquo;Byrne, Laurie Davidson<\/td>\n<td>V\u00e9rifi\u00e9<\/td>\n<\/tr>\n<tr>\n<td>Saison 2<\/td>\n<td>Confirm\u00e9e par Sky le 14 mai 2026 ; tournage annonc\u00e9 avant la fin 2026 ; aucune date fran\u00e7aise<\/td>\n<td>V\u00e9rifi\u00e9<\/td>\n<\/tr>\n<\/table>\n<\/div>\n<h2>Le final de Prisoner ce soir sur Canal+ : ce que l&rsquo;on sait avant 21h<\/h2>\n<p>C&rsquo;est l&rsquo;\u00e9pisode 6 sur 6, celui qui referme la saison 1. Canal+ le programme ce <strong>lundi 10 ao\u00fbt 2026 \u00e0 partir de 21h<\/strong> ; <a href=\"https:\/\/www.serie-news.com\/tnt\/canal\/34919-prisoner-sur-canal-tahar-rahim-menotte-a-sa-gardienne-pour-un-final-sous-haute-tension-10-08-2026\/\" rel=\"nofollow noopener\" target=\"_blank\">serie-news<\/a> donne l&rsquo;horaire pr\u00e9cis de <strong>21h06<\/strong>, un d\u00e9calage habituel des grilles de la cha\u00eene en prime time. Un seul \u00e9pisode est au programme ce soir, et non deux comme lors de la soir\u00e9e de lancement.<\/p>\n<p>Sur l&rsquo;enjeu, la cha\u00eene s&rsquo;en tient \u00e0 une ligne : le plan d&rsquo;Amber pour conduire Tibor jusqu&rsquo;au tribunal se retrouve compromis, et c&rsquo;est une traque \u00e0 travers Londres qui doit d\u00e9cider si le t\u00e9moin atteindra la barre. <strong>Nous n&rsquo;\u00e9crivons rien de l&rsquo;issue<\/strong> : \u00e0 l&rsquo;heure de cette mise \u00e0 jour, l&rsquo;\u00e9pisode n&rsquo;est pas encore diffus\u00e9, et un d\u00e9nouement racont\u00e9 avant l&rsquo;antenne serait au mieux une supposition. M\u00eame chose pour les audiences, qui ne seront pas publi\u00e9es avant demain.<\/p>\n<p>Pour les abonn\u00e9s qui n&rsquo;ont pas suivi la diffusion lin\u00e9aire, les six \u00e9pisodes restent accessibles \u00e0 la demande sur myCANAL apr\u00e8s leur passage \u00e0 l&rsquo;antenne.<\/p>\n<h2>Six \u00e9pisodes, cinq lundis : l&rsquo;erreur de calcul que tout le monde recopie<\/h2>\n<p>La phrase revient partout depuis un mois : \u00ab six \u00e9pisodes, un par lundi, du 13 juillet au 10 ao\u00fbt \u00bb. <strong>Elle ne tombe pas juste.<\/strong> Entre ces deux dates incluses, il n&rsquo;y a que <strong>cinq lundis<\/strong> : 13 juillet, 20 juillet, 27 juillet, 3 ao\u00fbt et 10 ao\u00fbt. \u00c0 raison d&rsquo;un \u00e9pisode par semaine, la saison se serait termin\u00e9e sur le cinqui\u00e8me \u2014 il manque une case pour le sixi\u00e8me.<\/p>\n<p>L&rsquo;explication tient \u00e0 la <strong>soir\u00e9e de lancement<\/strong> : le 13 juillet, Canal+ a diffus\u00e9 <strong>les deux premiers \u00e9pisodes d&rsquo;affil\u00e9e<\/strong>. Le compte retombe alors exactement sur ses pieds : 2 \u00e9pisodes le 13 juillet, puis 1 par lundi les 20 juillet, 27 juillet, 3 ao\u00fbt et 10 ao\u00fbt, soit 6 au total en 5 soir\u00e9es. Ce point n&rsquo;est pas une d\u00e9duction de notre part : le calendrier \u00e9pisode par \u00e9pisode publi\u00e9 par <a href=\"https:\/\/www.serie-news.com\/canal-plus\/29441-prisoner-sur-canal-quand-sortiront-les-prochains-episodes-de-la-serie-avec-tahar-rahim-10-08-2026\/\" rel=\"nofollow noopener\" target=\"_blank\">serie-news<\/a> fait bien d\u00e9marrer la s\u00e9rie sur \u00ab \u00e9pisodes 1 et 2 \u00bb le 13 juillet, et la d\u00e9p\u00eache publi\u00e9e le jour du lancement annon\u00e7ait d\u00e9j\u00e0 \u00ab les deux premiers \u00e9pisodes \u00bb d\u00e8s 21h05.<\/p>\n<div class=\"csr-ib-note\"><strong>\u00c0 noter<\/strong> <span>Au Royaume-Uni, le mod\u00e8le \u00e9tait tout autre : Sky a mis les six \u00e9pisodes en ligne d&rsquo;un coup le 30 avril 2026 sur Sky Atlantic et NOW. Le d\u00e9coupage hebdomadaire est un choix propre \u00e0 la diffusion fran\u00e7aise.<\/span><\/div>\n<h3>Et la dur\u00e9e des \u00e9pisodes ? Deux versions, aucune source primaire<\/h3>\n<p>Nous indiquions jusqu&rsquo;ici \u00ab 44 \u00e0 50 minutes \u00bb. La presse sp\u00e9cialis\u00e9e fran\u00e7aise annonce plut\u00f4t <strong>environ 52 minutes<\/strong> (<a href=\"https:\/\/www.serie-news.com\/canal-plus\/29441-prisoner-sur-canal-quand-sortiront-les-prochains-episodes-de-la-serie-avec-tahar-rahim-10-08-2026\/\" rel=\"nofollow noopener\" target=\"_blank\">serie-news<\/a>, <a href=\"https:\/\/tv-programme.com\/news\/prisoner-tahar-rahim-en-cavale-dans-une-serie-thriller-intense-sur-canal-plus-a06127\" rel=\"nofollow noopener\" target=\"_blank\">tv-programme.com<\/a>). La fiche <a href=\"https:\/\/www.allocine.fr\/\" rel=\"nofollow noopener\" target=\"_blank\">AlloCin\u00e9<\/a> affiche \u00e9galement 52 minutes, mais nous ne nous appuyons pas dessus : elle se contredit elle-m\u00eame, en datant la premi\u00e8re diffusion fran\u00e7aise du 13 ao\u00fbt 2026 alors que le lancement du 13 juillet est \u00e9tabli, et en listant d\u00e9j\u00e0 \u00ab 2 saisons, 12 \u00e9pisodes \u00bb pour une saison 2 qui n&rsquo;est pas tourn\u00e9e. Faute de dossier de presse Canal+ public sur ce point, nous <strong>attribuons la dur\u00e9e \u00e0 ses sources<\/strong> plut\u00f4t que d&rsquo;imposer un chiffre unique.<\/p>\n<h2>Tahar Rahim en cavale : le pitch de Prisoner<\/h2>\n<p>Le concept de <strong>Prisoner<\/strong> tient en une image&nbsp;: un convoi p\u00e9nitentiaire attaqu\u00e9, une jeune agente et un ancien tueur d&rsquo;\u00e9lite menott\u00e9s ensemble, et une cavale qui vire \u00e0 la chasse \u00e0 l&rsquo;homme face \u00e0 un r\u00e9seau criminel. Amber Todd, agente de transport p\u00e9nitentiaire, doit escorter jusqu&rsquo;au tribunal de Londres Tibor Stone, un d\u00e9tenu dangereux devenu t\u00e9moin cl\u00e9 contre <strong>Pegasus<\/strong>, l&rsquo;organisation criminelle qu&rsquo;il a jadis servie et qui n&rsquo;a aucune intention de le laisser parler.<\/p>\n<p>Sur une route isol\u00e9e, le fourgon blind\u00e9 est pris d&rsquo;assaut. Pour emp\u00eacher Tibor de dispara\u00eetre dans la nature, Amber se retrouve menott\u00e9e \u00e0 lui, et le transfert bascule en fuite. \u00c0 partir de l\u00e0, le duo est pourchass\u00e9 \u00e0 la fois par Pegasus et par des relais institutionnels corrompus. Thriller d&rsquo;action \u00e0 la tension continue, la s\u00e9rie avance sur les routes britanniques entre sc\u00e8nes de fuite, pression morale et dilemmes de loyaut\u00e9.<\/p>\n<p>La bande-annonce officielle, diffus\u00e9e par Sky, donne un aper\u00e7u du ton et du rythme de la s\u00e9rie&nbsp;:<\/p>\n<figure style=\"margin:24px auto;max-width:560px;\">\n<div style=\"position:relative;padding-bottom:56.25%;height:0;max-width:560px;margin:0 auto;\"><iframe src=\"https:\/\/www.youtube-nocookie.com\/embed\/-dNbPQbTDYw\" style=\"position:absolute;top:0;left:0;width:100%;height:100%;border:none;border-radius:12px;\" loading=\"lazy\" title=\"Bande-annonce officielle de Prisoner\" allowfullscreen><\/iframe><\/div><figcaption style=\"text-align:center;font-size:13px;color:#666;margin-top:8px;\">Bande-annonce officielle de Prisoner \u2014 cha\u00eene Sky TV (YouTube)<\/figcaption><\/figure>\n<h2>Un casting britannique quatre \u00e9toiles<\/h2>\n<p>La t\u00eate d&rsquo;affiche est <strong>Tahar Rahim<\/strong>. L&rsquo;acteur fran\u00e7ais, r\u00e9v\u00e9l\u00e9 au grand public avec <em>Un proph\u00e8te<\/em>, incarne Tibor Stone, un ancien tueur d&rsquo;\u00e9lite pass\u00e9 du c\u00f4t\u00e9 des t\u00e9moins de la justice. Son personnage porte une bonne part de la tension psychologique du r\u00e9cit&nbsp;: dangereux, aguerri \u00e0 la violence, mais devenu la cl\u00e9 potentielle pour faire tomber Pegasus.<\/p>\n<p>Face \u00e0 lui, <strong>Izuka Hoyle<\/strong> joue Amber Todd, une jeune agente de transport p\u00e9nitentiaire d\u00e9termin\u00e9e. Leur duo menott\u00e9 est la colonne vert\u00e9brale du thriller&nbsp;: m\u00e9fiance au d\u00e9part, coop\u00e9ration forc\u00e9e pour rester en vie, puis alliance qui \u00e9volue au fil de la cavale.<\/p>\n<p>Autour de ce bin\u00f4me, la distribution aligne <strong>Finn Bennett<\/strong> (Olly Hatton), <strong>Eddie Marsan<\/strong> (Alex Tebbit), <strong>Catherine McCormack<\/strong> (Josephine Campbell), <strong>Leonie Benesch<\/strong>, ainsi que <strong>Br\u00edan F. O&rsquo;Byrne<\/strong> et <strong>Laurie Davidson<\/strong>, pr\u00e9sent\u00e9s comme le p\u00e8re et le fils \u00e0 la t\u00eate de Pegasus. Sky cr\u00e9dite \u00e9galement Sam Troughton, Ken Nwosu et Youssef Kerkour au g\u00e9n\u00e9rique. La r\u00e9alisation revient \u00e0 <strong>Otto Bathurst<\/strong>, qui signe l&rsquo;ouverture de la saison, relay\u00e9 par Pia Strietmann sur les \u00e9pisodes suivants.<\/p>\n<h2>Y aura-t-il une saison 2 de Prisoner ?<\/h2>\n<p><strong>Oui, et c&rsquo;est act\u00e9 depuis longtemps : Sky a confirm\u00e9 le renouvellement de Prisoner pour une saison 2 le 14 mai 2026<\/strong>, soit deux semaines seulement apr\u00e8s la mise en ligne britannique. La s\u00e9rie ne s&rsquo;arr\u00eate donc pas au final de ce soir, m\u00eame si celui-ci referme un arc complet.<\/p>\n<p>Ce que l&rsquo;annonce contient r\u00e9ellement, et qu&rsquo;il faut lire de pr\u00e8s :<\/p>\n<div class=\"csr-ib-grid\">\n<div class=\"csr-ib-card\">\n<div class=\"csr-ib-num\">01<\/div>\n<h3>Izuka Hoyle rempile<\/h3>\n<div class=\"csr-ib-txt\">C&rsquo;est le seul nom confirm\u00e9 \u00e0 ce stade. L&rsquo;actrice reprendra son r\u00f4le d&rsquo;Amber Todd, l&rsquo;agente de transport p\u00e9nitentiaire. Sky pr\u00e9sente d&rsquo;ailleurs la suite comme une s\u00e9rie port\u00e9e par elle.<\/div>\n<\/div>\n<div class=\"csr-ib-card\">\n<div class=\"csr-ib-num\">02<\/div>\n<h3>Le retour de Tahar Rahim n&rsquo;est pas confirm\u00e9<\/h3>\n<div class=\"csr-ib-txt\">Aucune communication officielle ne l&rsquo;annonce au casting de la saison 2, et le reste de la distribution n&rsquo;a pas \u00e9t\u00e9 d\u00e9voil\u00e9. Toute affirmation contraire rel\u00e8ve de la sp\u00e9culation.<\/div>\n<\/div>\n<div class=\"csr-ib-card\">\n<div class=\"csr-ib-num\">03<\/div>\n<h3>Tournage avant la fin 2026<\/h3>\n<div class=\"csr-ib-txt\">La production doit d\u00e9marrer avant la fin de l&rsquo;ann\u00e9e 2026. C&rsquo;est le seul jalon de calendrier officiellement pos\u00e9.<\/div>\n<\/div>\n<div class=\"csr-ib-card\">\n<div class=\"csr-ib-num\">04<\/div>\n<h3>Aucune date fran\u00e7aise<\/h3>\n<div class=\"csr-ib-txt\">Ni Sky ni Canal+ n&rsquo;ont annonc\u00e9 de fen\u00eatre de diffusion. Les projections de presse \u00e9voquent 2027, mais il s&rsquo;agit d&rsquo;une hypoth\u00e8se d\u00e9duite du calendrier de tournage, pas d&rsquo;une date annonc\u00e9e.<\/div>\n<\/div>\n<\/div>\n<p>En clair&nbsp;: la suite existe, son h\u00e9ro\u00efne est connue, son tournage a une \u00e9ch\u00e9ance \u2014 et tout le reste, \u00e0 commencer par la pr\u00e9sence de Tahar Rahim et par la date de diffusion en France, reste ouvert. Nous mettrons cette page \u00e0 jour d\u00e8s qu&rsquo;une annonce officielle tombera.<\/p>\n<div class=\"csr-ib-retenir\">\n<div class=\"csr-ib-rgrid\">\n<div class=\"csr-ib-ritem\"><span class=\"csr-ib-rn\">1<\/span><span class=\"csr-ib-rt\">Le final de Prisoner (\u00e9pisode 6\/6) est diffus\u00e9 ce lundi 10 ao\u00fbt 2026 sur Canal+ \u00e0 partir de 21h, 21h06 selon serie-news.<\/span><\/div>\n<div class=\"csr-ib-ritem\"><span class=\"csr-ib-rn\">2<\/span><span class=\"csr-ib-rt\">Six \u00e9pisodes en cinq lundis : la soir\u00e9e du 13 juillet en proposait deux, puis un \u00e9pisode in\u00e9dit par semaine.<\/span><\/div>\n<div class=\"csr-ib-ritem\"><span class=\"csr-ib-rn\">3<\/span><span class=\"csr-ib-rt\">Mini-s\u00e9rie britannique cr\u00e9\u00e9e par Matt Charman, avec Tahar Rahim (Tibor Stone) et Izuka Hoyle (Amber Todd).<\/span><\/div>\n<div class=\"csr-ib-ritem\"><span class=\"csr-ib-rn\">4<\/span><span class=\"csr-ib-rt\">Saison 2 confirm\u00e9e par Sky le 14 mai 2026, Izuka Hoyle de retour, tournage avant fin 2026, aucune date fran\u00e7aise.<\/span><\/div>\n<\/div>\n<\/div>\n<div class=\"csr-ib-faq\">\n<details class=\"csr-ib-fd\">\n<summary>\u00c0 quelle heure passe le dernier \u00e9pisode de Prisoner ce soir ?<span class=\"csr-ib-pl\">+<\/span><\/summary>\n<div class=\"csr-ib-fa\">Le sixi\u00e8me et dernier \u00e9pisode de la saison 1 est diffus\u00e9 le lundi 10 ao\u00fbt 2026 sur Canal+ \u00e0 partir de 21h, avec un horaire pr\u00e9cis de 21h06 selon serie-news. Un seul \u00e9pisode est programm\u00e9 ce soir, et il est ensuite disponible \u00e0 la demande sur myCANAL.<\/div>\n<\/details>\n<details class=\"csr-ib-fd\">\n<summary>Combien d&rsquo;\u00e9pisodes compte Prisoner et \u00e0 quel rythme ont-ils \u00e9t\u00e9 diffus\u00e9s ?<span class=\"csr-ib-pl\">+<\/span><\/summary>\n<div class=\"csr-ib-fa\">La saison 1 compte six \u00e9pisodes, d&rsquo;environ 52 minutes selon serie-news et tv-programme.com. Ils ont \u00e9t\u00e9 diffus\u00e9s en cinq lundis seulement : les \u00e9pisodes 1 et 2 lors de la soir\u00e9e de lancement du 13 juillet 2026, puis un \u00e9pisode in\u00e9dit les 20 juillet, 27 juillet, 3 ao\u00fbt et 10 ao\u00fbt.<\/div>\n<\/details>\n<details class=\"csr-ib-fd\">\n<summary>O\u00f9 voir Prisoner en France ?<span class=\"csr-ib-pl\">+<\/span><\/summary>\n<div class=\"csr-ib-fa\">Prisoner est diffus\u00e9e en exclusivit\u00e9 sur Canal+. Les \u00e9pisodes sont \u00e9galement disponibles \u00e0 la demande sur myCANAL pour les abonn\u00e9s apr\u00e8s leur passage \u00e0 l&rsquo;antenne. Au Royaume-Uni, la s\u00e9rie est propos\u00e9e par Sky Atlantic et NOW depuis le 30 avril 2026.<\/div>\n<\/details>\n<details class=\"csr-ib-fd\">\n<summary>Y aura-t-il une saison 2 de Prisoner ?<span class=\"csr-ib-pl\">+<\/span><\/summary>\n<div class=\"csr-ib-fa\">Oui. Sky a confirm\u00e9 le renouvellement le 14 mai 2026, avec le retour d&rsquo;Izuka Hoyle dans le r\u00f4le d&rsquo;Amber Todd et un tournage annonc\u00e9 avant la fin 2026. En revanche, le retour de Tahar Rahim n&rsquo;est pas confirm\u00e9 \u00e0 ce jour, le reste du casting n&rsquo;est pas d\u00e9voil\u00e9 et aucune date de diffusion fran\u00e7aise n&rsquo;a \u00e9t\u00e9 annonc\u00e9e.<\/div>\n<\/details>\n<\/div>\n<p>Pour situer Prisoner parmi les autres sorties, notre <a href=\"https:\/\/culture-series.fr\/blog\/guides-de-visionnage\/calendrier-series-2026-2027\/\">calendrier des s\u00e9ries 2026-2027<\/a> est mis \u00e0 jour \u00e0 chaque annonce officielle. C\u00f4t\u00e9 nouveaut\u00e9s tr\u00e8s attendues, retrouvez aussi notre point sur <a href=\"https:\/\/culture-series.fr\/blog\/guides-de-visionnage\/maxton-hall-saison-3\/\">la saison 3 de Maxton Hall<\/a>, pr\u00e9vue en d\u00e9cembre sur Prime Video, et notre s\u00e9lection des <a href=\"https:\/\/culture-series.fr\/blog\/a-la-une\/meilleures-mini-series-netflix\/\">meilleures mini-s\u00e9ries \u00e0 binger en un week-end<\/a> si le format court de Prisoner vous a convaincu.<\/p>\n<\/div>\n<p><script type=\"application\/ld+json\">{\"@context\": \"https:\/\/schema.org\", \"@type\": \"FAQPage\", \"mainEntity\": [{\"@type\": \"Question\", \"name\": \"\u00c0 quelle heure passe le dernier \u00e9pisode de Prisoner ce soir ?\", \"acceptedAnswer\": {\"@type\": \"Answer\", \"text\": \"Le sixi\u00e8me et dernier \u00e9pisode de la saison 1 est diffus\u00e9 le lundi 10 ao\u00fbt 2026 sur Canal+ \u00e0 partir de 21h, avec un horaire pr\u00e9cis de 21h06 selon serie-news. Un seul \u00e9pisode est programm\u00e9 ce soir, et il est ensuite disponible \u00e0 la demande sur myCANAL.\"}}, {\"@type\": \"Question\", \"name\": \"Combien d'\u00e9pisodes compte Prisoner et \u00e0 quel rythme ont-ils \u00e9t\u00e9 diffus\u00e9s ?\", \"acceptedAnswer\": {\"@type\": \"Answer\", \"text\": \"La saison 1 compte six \u00e9pisodes, d'environ 52 minutes selon serie-news et tv-programme.com. Ils ont \u00e9t\u00e9 diffus\u00e9s en cinq lundis seulement : les \u00e9pisodes 1 et 2 lors de la soir\u00e9e de lancement du 13 juillet 2026, puis un \u00e9pisode in\u00e9dit les 20 juillet, 27 juillet, 3 ao\u00fbt et 10 ao\u00fbt.\"}}, {\"@type\": \"Question\", \"name\": \"O\u00f9 voir Prisoner en France ?\", \"acceptedAnswer\": {\"@type\": \"Answer\", \"text\": \"Prisoner est diffus\u00e9e en exclusivit\u00e9 sur Canal+. Les \u00e9pisodes sont \u00e9galement disponibles \u00e0 la demande sur myCANAL pour les abonn\u00e9s apr\u00e8s leur passage \u00e0 l'antenne. Au Royaume-Uni, la s\u00e9rie est propos\u00e9e par Sky Atlantic et NOW depuis le 30 avril 2026.\"}}, {\"@type\": \"Question\", \"name\": \"Y aura-t-il une saison 2 de Prisoner ?\", \"acceptedAnswer\": {\"@type\": \"Answer\", \"text\": \"Oui. Sky a confirm\u00e9 le renouvellement le 14 mai 2026, avec le retour d'Izuka Hoyle dans le r\u00f4le d'Amber Todd et un tournage annonc\u00e9 avant la fin 2026. En revanche, le retour de Tahar Rahim n'est pas confirm\u00e9 \u00e0 ce jour, le reste du casting n'est pas d\u00e9voil\u00e9 et aucune date de diffusion fran\u00e7aise n'a \u00e9t\u00e9 annonc\u00e9e.\"}}]}<\/script><\/p>\n","protected":false},"excerpt":{"rendered":"","protected":false},"author":39,"featured_media":8177,"comment_status":"open","ping_status":"open","sticky":false,"template":"","format":"standard","meta":{"_acf_changed":false,"manual_indexmenow":false,"indexmenow_id_project":0,"footnotes":""},"categories":[4522],"tags":[],"class_list":["post-8176","post","type-post","status-publish","format-standard","has-post-thumbnail","hentry","category-guides-de-visionnage","generate-columns","tablet-grid-50","mobile-grid-100","grid-parent","grid-25"],"acf":[],"yoast_head":"<!-- This site is optimized with the Yoast SEO Premium plugin v21.3 (Yoast SEO v25.6) - https:\/\/yoast.com\/wordpress\/plugins\/seo\/ -->\n<title>Prisoner sur Canal+ : le final ce lundi 10 ao\u00fbt 2026<\/title>\n<meta name=\"description\" content=\"Le 6e et dernier \u00e9pisode de Prisoner est diffus\u00e9 ce lundi 10 ao\u00fbt 2026 sur Canal+ \u00e0 partir de 21h. Six \u00e9pisodes, Tahar Rahim, et une saison 2 confirm\u00e9e.\" \/>\n<meta name=\"robots\" content=\"index, follow, max-snippet:-1, max-image-preview:large, max-video-preview:-1\" \/>\n<link rel=\"canonical\" href=\"https:\/\/culture-series.fr\/blog\/guides-de-visionnage\/prisoner-canal-plus-tahar-rahim\/\" \/>\n<meta property=\"og:locale\" content=\"fr_FR\" \/>\n<meta property=\"og:type\" content=\"article\" \/>\n<meta property=\"og:title\" content=\"Prisoner sur Canal+ : le final ce lundi 10 ao\u00fbt 2026\" \/>\n<meta property=\"og:description\" content=\"Le 6e et dernier \u00e9pisode de Prisoner est diffus\u00e9 ce lundi 10 ao\u00fbt 2026 sur Canal+ \u00e0 partir de 21h. Six \u00e9pisodes, Tahar Rahim, et une saison 2 confirm\u00e9e.\" \/>\n<meta property=\"og:url\" content=\"https:\/\/culture-series.fr\/blog\/guides-de-visionnage\/prisoner-canal-plus-tahar-rahim\/\" \/>\n<meta property=\"og:site_name\" content=\"culture-series\" \/>\n<meta property=\"og:image\" content=\"https:\/\/culture-series.fr\/blog\/wp-content\/uploads\/2026\/07\/prisoner-canal-plus-thriller.jpg\" \/>\n<meta name=\"author\" content=\"Elodie Laurent\" \/>\n<meta name=\"twitter:card\" content=\"summary_large_image\" \/>\n<meta name=\"twitter:image\" content=\"https:\/\/culture-series.fr\/blog\/wp-content\/uploads\/2026\/07\/prisoner-canal-plus-thriller.jpg\" \/>\n<script type=\"application\/ld+json\" class=\"yoast-schema-graph\">{\"@context\":\"https:\/\/schema.org\",\"@graph\":[{\"@type\":\"NewsArticle\",\"@id\":\"https:\/\/culture-series.fr\/blog\/guides-de-visionnage\/prisoner-canal-plus-tahar-rahim\/#article\",\"isPartOf\":{\"@id\":\"https:\/\/culture-series.fr\/blog\/guides-de-visionnage\/prisoner-canal-plus-tahar-rahim\/\"},\"author\":{\"name\":\"Elodie Laurent\",\"@id\":\"https:\/\/culture-series.fr\/blog\/#\/schema\/person\/b411c17f1d7ac78e63d36540a75859b5\"},\"headline\":\"Prisoner sur Canal+ : le final avec Tahar Rahim ce lundi 10 ao\u00fbt\",\"datePublished\":\"2026-07-13T22:39:39+00:00\",\"dateModified\":\"2026-08-10T18:35:02+00:00\",\"mainEntityOfPage\":{\"@id\":\"https:\/\/culture-series.fr\/blog\/guides-de-visionnage\/prisoner-canal-plus-tahar-rahim\/\"},\"wordCount\":2029,\"commentCount\":0,\"publisher\":{\"@id\":\"https:\/\/culture-series.fr\/blog\/#organization\"},\"image\":{\"@id\":\"https:\/\/culture-series.fr\/blog\/guides-de-visionnage\/prisoner-canal-plus-tahar-rahim\/#primaryimage\"},\"thumbnailUrl\":\"https:\/\/culture-series.fr\/blog\/wp-content\/uploads\/2026\/07\/prisoner-canal-plus-thriller.jpg\",\"articleSection\":[\"Guides de Visionnage\"],\"inLanguage\":\"fr-FR\",\"potentialAction\":[{\"@type\":\"CommentAction\",\"name\":\"Comment\",\"target\":[\"https:\/\/culture-series.fr\/blog\/guides-de-visionnage\/prisoner-canal-plus-tahar-rahim\/#respond\"]}]},{\"@type\":\"WebPage\",\"@id\":\"https:\/\/culture-series.fr\/blog\/guides-de-visionnage\/prisoner-canal-plus-tahar-rahim\/\",\"url\":\"https:\/\/culture-series.fr\/blog\/guides-de-visionnage\/prisoner-canal-plus-tahar-rahim\/\",\"name\":\"Prisoner sur Canal+ : le final ce lundi 10 ao\u00fbt 2026\",\"isPartOf\":{\"@id\":\"https:\/\/culture-series.fr\/blog\/#website\"},\"primaryImageOfPage\":{\"@id\":\"https:\/\/culture-series.fr\/blog\/guides-de-visionnage\/prisoner-canal-plus-tahar-rahim\/#primaryimage\"},\"image\":{\"@id\":\"https:\/\/culture-series.fr\/blog\/guides-de-visionnage\/prisoner-canal-plus-tahar-rahim\/#primaryimage\"},\"thumbnailUrl\":\"https:\/\/culture-series.fr\/blog\/wp-content\/uploads\/2026\/07\/prisoner-canal-plus-thriller.jpg\",\"datePublished\":\"2026-07-13T22:39:39+00:00\",\"dateModified\":\"2026-08-10T18:35:02+00:00\",\"description\":\"Le 6e et dernier \u00e9pisode de Prisoner est diffus\u00e9 ce lundi 10 ao\u00fbt 2026 sur Canal+ \u00e0 partir de 21h. Six \u00e9pisodes, Tahar Rahim, et une saison 2 confirm\u00e9e.\",\"inLanguage\":\"fr-FR\",\"potentialAction\":[{\"@type\":\"ReadAction\",\"target\":[\"https:\/\/culture-series.fr\/blog\/guides-de-visionnage\/prisoner-canal-plus-tahar-rahim\/\"]}]},{\"@type\":\"ImageObject\",\"inLanguage\":\"fr-FR\",\"@id\":\"https:\/\/culture-series.fr\/blog\/guides-de-visionnage\/prisoner-canal-plus-tahar-rahim\/#primaryimage\",\"url\":\"https:\/\/culture-series.fr\/blog\/wp-content\/uploads\/2026\/07\/prisoner-canal-plus-thriller.jpg\",\"contentUrl\":\"https:\/\/culture-series.fr\/blog\/wp-content\/uploads\/2026\/07\/prisoner-canal-plus-thriller.jpg\",\"width\":1200,\"height\":675,\"caption\":\"Illustration generique - couloir de prison. Photo : Xiaoyi \/ Pexels.\"},{\"@type\":\"WebSite\",\"@id\":\"https:\/\/culture-series.fr\/blog\/#website\",\"url\":\"https:\/\/culture-series.fr\/blog\/\",\"name\":\"culture-series.Fr\",\"description\":\"Culture &amp; Series, l&#039;univers des s\u00e9ries en profondeur\",\"publisher\":{\"@id\":\"https:\/\/culture-series.fr\/blog\/#organization\"},\"alternateName\":\"Culture & Series, l'univers des s\u00e9ries en profondeur\",\"potentialAction\":[{\"@type\":\"SearchAction\",\"target\":{\"@type\":\"EntryPoint\",\"urlTemplate\":\"https:\/\/culture-series.fr\/blog\/?s={search_term_string}\"},\"query-input\":{\"@type\":\"PropertyValueSpecification\",\"valueRequired\":true,\"valueName\":\"search_term_string\"}}],\"inLanguage\":\"fr-FR\"},{\"@type\":\"Organization\",\"@id\":\"https:\/\/culture-series.fr\/blog\/#organization\",\"name\":\"Foretsensations.fr\",\"url\":\"https:\/\/culture-series.fr\/blog\/\",\"logo\":{\"@type\":\"ImageObject\",\"inLanguage\":\"fr-FR\",\"@id\":\"https:\/\/culture-series.fr\/blog\/#\/schema\/logo\/image\/\",\"url\":\"https:\/\/culture-series.fr\/blog\/wp-content\/uploads\/2024\/12\/27.png\",\"contentUrl\":\"https:\/\/culture-series.fr\/blog\/wp-content\/uploads\/2024\/12\/27.png\",\"width\":500,\"height\":500,\"caption\":\"Foretsensations.fr\"},\"image\":{\"@id\":\"https:\/\/culture-series.fr\/blog\/#\/schema\/logo\/image\/\"}},{\"@type\":\"Person\",\"@id\":\"https:\/\/culture-series.fr\/blog\/#\/schema\/person\/b411c17f1d7ac78e63d36540a75859b5\",\"name\":\"Elodie Laurent\",\"image\":{\"@type\":\"ImageObject\",\"inLanguage\":\"fr-FR\",\"@id\":\"https:\/\/culture-series.fr\/blog\/#\/schema\/person\/image\/\",\"url\":\"https:\/\/secure.gravatar.com\/avatar\/?s=96&d=mm&r=g\",\"contentUrl\":\"https:\/\/secure.gravatar.com\/avatar\/?s=96&d=mm&r=g\",\"caption\":\"Elodie Laurent\"},\"description\":\"\u00c9lodie Laurent est critique de s\u00e9ries et analyste culturelle avec plus de 8 ans d'exp\u00e9rience. Passionn\u00e9e par les narratives complexes et les personnages profonds, elle offre des critiques d\u00e9taill\u00e9es et des analyses perspicaces pour aider les lecteurs \u00e0 mieux comprendre les s\u00e9ries qu'ils regardent.\",\"url\":\"https:\/\/culture-series.fr\/blog\/auteur\/elodie-laurent\/\"}]}<\/script>\n<!-- \/ Yoast SEO Premium plugin. -->","yoast_head_json":{"title":"Prisoner sur Canal+ : le final ce lundi 10 ao\u00fbt 2026","description":"Le 6e et dernier \u00e9pisode de Prisoner est diffus\u00e9 ce lundi 10 ao\u00fbt 2026 sur Canal+ \u00e0 partir de 21h. Six \u00e9pisodes, Tahar Rahim, et une saison 2 confirm\u00e9e.","robots":{"index":"index","follow":"follow","max-snippet":"max-snippet:-1","max-image-preview":"max-image-preview:large","max-video-preview":"max-video-preview:-1"},"canonical":"https:\/\/culture-series.fr\/blog\/guides-de-visionnage\/prisoner-canal-plus-tahar-rahim\/","og_locale":"fr_FR","og_type":"article","og_title":"Prisoner sur Canal+ : le final ce lundi 10 ao\u00fbt 2026","og_description":"Le 6e et dernier \u00e9pisode de Prisoner est diffus\u00e9 ce lundi 10 ao\u00fbt 2026 sur Canal+ \u00e0 partir de 21h. Six \u00e9pisodes, Tahar Rahim, et une saison 2 confirm\u00e9e.","og_url":"https:\/\/culture-series.fr\/blog\/guides-de-visionnage\/prisoner-canal-plus-tahar-rahim\/","og_site_name":"culture-series","og_image":[{"url":"https:\/\/culture-series.fr\/blog\/wp-content\/uploads\/2026\/07\/prisoner-canal-plus-thriller.jpg","type":"","width":"","height":""}],"author":"Elodie Laurent","twitter_card":"summary_large_image","twitter_image":"https:\/\/culture-series.fr\/blog\/wp-content\/uploads\/2026\/07\/prisoner-canal-plus-thriller.jpg","schema":{"@context":"https:\/\/schema.org","@graph":[{"@type":"NewsArticle","@id":"https:\/\/culture-series.fr\/blog\/guides-de-visionnage\/prisoner-canal-plus-tahar-rahim\/#article","isPartOf":{"@id":"https:\/\/culture-series.fr\/blog\/guides-de-visionnage\/prisoner-canal-plus-tahar-rahim\/"},"author":{"name":"Elodie Laurent","@id":"https:\/\/culture-series.fr\/blog\/#\/schema\/person\/b411c17f1d7ac78e63d36540a75859b5"},"headline":"Prisoner sur Canal+ : le final avec Tahar Rahim ce lundi 10 ao\u00fbt","datePublished":"2026-07-13T22:39:39+00:00","dateModified":"2026-08-10T18:35:02+00:00","mainEntityOfPage":{"@id":"https:\/\/culture-series.fr\/blog\/guides-de-visionnage\/prisoner-canal-plus-tahar-rahim\/"},"wordCount":2029,"commentCount":0,"publisher":{"@id":"https:\/\/culture-series.fr\/blog\/#organization"},"image":{"@id":"https:\/\/culture-series.fr\/blog\/guides-de-visionnage\/prisoner-canal-plus-tahar-rahim\/#primaryimage"},"thumbnailUrl":"https:\/\/culture-series.fr\/blog\/wp-content\/uploads\/2026\/07\/prisoner-canal-plus-thriller.jpg","articleSection":["Guides de Visionnage"],"inLanguage":"fr-FR","potentialAction":[{"@type":"CommentAction","name":"Comment","target":["https:\/\/culture-series.fr\/blog\/guides-de-visionnage\/prisoner-canal-plus-tahar-rahim\/#respond"]}]},{"@type":"WebPage","@id":"https:\/\/culture-series.fr\/blog\/guides-de-visionnage\/prisoner-canal-plus-tahar-rahim\/","url":"https:\/\/culture-series.fr\/blog\/guides-de-visionnage\/prisoner-canal-plus-tahar-rahim\/","name":"Prisoner sur Canal+ : le final ce lundi 10 ao\u00fbt 2026","isPartOf":{"@id":"https:\/\/culture-series.fr\/blog\/#website"},"primaryImageOfPage":{"@id":"https:\/\/culture-series.fr\/blog\/guides-de-visionnage\/prisoner-canal-plus-tahar-rahim\/#primaryimage"},"image":{"@id":"https:\/\/culture-series.fr\/blog\/guides-de-visionnage\/prisoner-canal-plus-tahar-rahim\/#primaryimage"},"thumbnailUrl":"https:\/\/culture-series.fr\/blog\/wp-content\/uploads\/2026\/07\/prisoner-canal-plus-thriller.jpg","datePublished":"2026-07-13T22:39:39+00:00","dateModified":"2026-08-10T18:35:02+00:00","description":"Le 6e et dernier \u00e9pisode de Prisoner est diffus\u00e9 ce lundi 10 ao\u00fbt 2026 sur Canal+ \u00e0 partir de 21h. Six \u00e9pisodes, Tahar Rahim, et une saison 2 confirm\u00e9e.","inLanguage":"fr-FR","potentialAction":[{"@type":"ReadAction","target":["https:\/\/culture-series.fr\/blog\/guides-de-visionnage\/prisoner-canal-plus-tahar-rahim\/"]}]},{"@type":"ImageObject","inLanguage":"fr-FR","@id":"https:\/\/culture-series.fr\/blog\/guides-de-visionnage\/prisoner-canal-plus-tahar-rahim\/#primaryimage","url":"https:\/\/culture-series.fr\/blog\/wp-content\/uploads\/2026\/07\/prisoner-canal-plus-thriller.jpg","contentUrl":"https:\/\/culture-series.fr\/blog\/wp-content\/uploads\/2026\/07\/prisoner-canal-plus-thriller.jpg","width":1200,"height":675,"caption":"Illustration generique - couloir de prison. Photo : Xiaoyi \/ Pexels."},{"@type":"WebSite","@id":"https:\/\/culture-series.fr\/blog\/#website","url":"https:\/\/culture-series.fr\/blog\/","name":"culture-series.Fr","description":"Culture &amp; Series, l&#039;univers des s\u00e9ries en profondeur","publisher":{"@id":"https:\/\/culture-series.fr\/blog\/#organization"},"alternateName":"Culture & Series, l'univers des s\u00e9ries en profondeur","potentialAction":[{"@type":"SearchAction","target":{"@type":"EntryPoint","urlTemplate":"https:\/\/culture-series.fr\/blog\/?s={search_term_string}"},"query-input":{"@type":"PropertyValueSpecification","valueRequired":true,"valueName":"search_term_string"}}],"inLanguage":"fr-FR"},{"@type":"Organization","@id":"https:\/\/culture-series.fr\/blog\/#organization","name":"Foretsensations.fr","url":"https:\/\/culture-series.fr\/blog\/","logo":{"@type":"ImageObject","inLanguage":"fr-FR","@id":"https:\/\/culture-series.fr\/blog\/#\/schema\/logo\/image\/","url":"https:\/\/culture-series.fr\/blog\/wp-content\/uploads\/2024\/12\/27.png","contentUrl":"https:\/\/culture-series.fr\/blog\/wp-content\/uploads\/2024\/12\/27.png","width":500,"height":500,"caption":"Foretsensations.fr"},"image":{"@id":"https:\/\/culture-series.fr\/blog\/#\/schema\/logo\/image\/"}},{"@type":"Person","@id":"https:\/\/culture-series.fr\/blog\/#\/schema\/person\/b411c17f1d7ac78e63d36540a75859b5","name":"Elodie Laurent","image":{"@type":"ImageObject","inLanguage":"fr-FR","@id":"https:\/\/culture-series.fr\/blog\/#\/schema\/person\/image\/","url":"https:\/\/secure.gravatar.com\/avatar\/?s=96&d=mm&r=g","contentUrl":"https:\/\/secure.gravatar.com\/avatar\/?s=96&d=mm&r=g","caption":"Elodie Laurent"},"description":"\u00c9lodie Laurent est critique de s\u00e9ries et analyste culturelle avec plus de 8 ans d'exp\u00e9rience. Passionn\u00e9e par les narratives complexes et les personnages profonds, elle offre des critiques d\u00e9taill\u00e9es et des analyses perspicaces pour aider les lecteurs \u00e0 mieux comprendre les s\u00e9ries qu'ils regardent.","url":"https:\/\/culture-series.fr\/blog\/auteur\/elodie-laurent\/"}]}},"_links":{"self":[{"href":"https:\/\/culture-series.fr\/blog\/wp-json\/wp\/v2\/posts\/8176","targetHints":{"allow":["GET"]}}],"collection":[{"href":"https:\/\/culture-series.fr\/blog\/wp-json\/wp\/v2\/posts"}],"about":[{"href":"https:\/\/culture-series.fr\/blog\/wp-json\/wp\/v2\/types\/post"}],"author":[{"embeddable":true,"href":"https:\/\/culture-series.fr\/blog\/wp-json\/wp\/v2\/users\/39"}],"replies":[{"embeddable":true,"href":"https:\/\/culture-series.fr\/blog\/wp-json\/wp\/v2\/comments?post=8176"}],"version-history":[{"count":0,"href":"https:\/\/culture-series.fr\/blog\/wp-json\/wp\/v2\/posts\/8176\/revisions"}],"wp:featuredmedia":[{"embeddable":true,"href":"https:\/\/culture-series.fr\/blog\/wp-json\/wp\/v2\/media\/8177"}],"wp:attachment":[{"href":"https:\/\/culture-series.fr\/blog\/wp-json\/wp\/v2\/media?parent=8176"}],"wp:term":[{"taxonomy":"category","embeddable":true,"href":"https:\/\/culture-series.fr\/blog\/wp-json\/wp\/v2\/categories?post=8176"},{"taxonomy":"post_tag","embeddable":true,"href":"https:\/\/culture-series.fr\/blog\/wp-json\/wp\/v2\/tags?post=8176"}],"curies":[{"name":"wp","href":"https:\/\/api.w.org\/{rel}","templated":true}]}}