{"id":8173,"date":"2026-07-13T11:03:06","date_gmt":"2026-07-13T09:03:06","guid":{"rendered":"https:\/\/culture-series.fr\/blog\/guides-de-visionnage\/maxton-hall-saison-3\/"},"modified":"2026-07-13T11:03:06","modified_gmt":"2026-07-13T09:03:06","slug":"maxton-hall-saison-3","status":"publish","type":"post","link":"https:\/\/culture-series.fr\/blog\/guides-de-visionnage\/maxton-hall-saison-3\/","title":{"rendered":"Maxton Hall saison 3 : sortie en d\u00e9cembre 2026, ce que l&rsquo;on sait de la saison finale"},"content":{"rendered":"<link rel=\"stylesheet\" href=\"https:\/\/fonts.googleapis.com\/css2?family=Space+Grotesk:wght@500;600;700&#038;family=Inter:wght@400;500;600&#038;family=JetBrains+Mono:wght@500&#038;display=swap\">\n<style>\n.csr-ib-wrap{font-family:'Inter',-apple-system,BlinkMacSystemFont,sans-serif;color:#1b1c19;line-height:1.65;}\n.csr-ib-wrap p{font-size:17px;line-height:1.68;color:#26271f;}\n.csr-ib-wrap h2{font-family:'Space Grotesk','Inter',sans-serif;font-size:clamp(24px,3.2vw,33px);font-weight:700;letter-spacing:-0.02em;color:#10110f;margin:50px 0 14px;line-height:1.18;}\n.csr-ib-wrap h3{font-family:'Space Grotesk','Inter',sans-serif;font-size:20px;font-weight:600;letter-spacing:-0.01em;color:#15170f;margin:26px 0 8px;}\n.csr-ib-lead{font-family:'Inter',sans-serif;font-size:19px;line-height:1.58;color:#2a2c24;font-weight:500;margin:6px 0 26px;}\n.csr-ib-kicker{font-family:'JetBrains Mono',monospace;font-size:12px;font-weight:500;text-transform:uppercase;letter-spacing:2.4px;color:#1f7a4d;}\n.csr-ib-badge{display:inline-flex;flex-wrap:wrap;align-items:center;gap:8px;background:#eef7f1;border:1px solid #cfe5d6;border-radius:999px;padding:9px 18px;margin:0 0 20px;font-family:'JetBrains Mono',monospace;font-size:12px;letter-spacing:.4px;color:#2c4a38;}\n.csr-ib-badge strong{color:#155c39;font-weight:500;}\n.csr-ib-badge .csr-ib-dot{width:8px;height:8px;border-radius:50%;background:#1f7a4d;flex:0 0 auto;animation:csribpulse 2s infinite;}\n@keyframes csribpulse{0%,100%{opacity:1}50%{opacity:.35}}\n.csr-ib-brief{background:#0f1310;border-left:5px solid #5ed68f;border-radius:0 10px 10px 0;padding:24px 28px;margin:0 0 30px;box-shadow:0 1px 2px rgba(10,16,12,.06),0 16px 34px -20px rgba(10,16,12,.5);}\n.csr-ib-brief .csr-ib-kicker{color:#5ed68f;}\n.csr-ib-ans{font-size:18px;line-height:1.62;color:#eef4ee;font-weight:500;margin:10px 0 16px;}\n.csr-ib-blist{margin:0;padding:0;list-style:none;display:grid;gap:9px;}\n.csr-ib-blist li{display:flex;gap:11px;align-items:flex-start;font-size:14.5px;line-height:1.5;color:#cdd6cd;}\n.csr-ib-blist li span{flex:0 0 auto;color:#5ed68f;font-weight:700;}\n.csr-ib-grid{display:grid;grid-template-columns:repeat(auto-fit,minmax(230px,1fr));gap:16px;margin:28px 0;}\n.csr-ib-card{background:#fff;border:1px solid #e2e7e0;border-top:3px solid #1f7a4d;border-radius:8px;padding:20px 20px 18px;transition:.25s ease;}\n.csr-ib-card:hover{transform:translateY(-3px);box-shadow:0 1px 2px rgba(16,24,20,.05),0 14px 30px -16px rgba(16,24,20,.28);}\n.csr-ib-card .csr-ib-num{font-family:'JetBrains Mono',monospace;font-size:13px;font-weight:500;color:#1f7a4d;}\n.csr-ib-card h3{margin:8px 0 6px;font-size:17px;}\n.csr-ib-card .csr-ib-txt{font-size:14px;line-height:1.55;color:#48504a;}\n.csr-ib-note{background:#eef7f1;border-left:4px solid #1f7a4d;border-radius:0 6px 6px 0;padding:15px 20px;margin:22px 0;}\n.csr-ib-note strong{display:inline-block;font-family:'JetBrains Mono',monospace;color:#155c39;font-size:12px;text-transform:uppercase;letter-spacing:1.6px;margin-right:8px;}\n.csr-ib-note span{font-size:15px;line-height:1.58;color:#2c322c;}\n.csr-ib-table{margin:28px 0;overflow-x:auto;border:1px solid #e2e7e0;border-radius:8px;}\n.csr-ib-table table{width:100%;border-collapse:collapse;font-size:14.5px;color:#26271f;min-width:520px;}\n.csr-ib-table th{background:#10110f;color:#eef4ee;text-align:left;padding:13px 17px;font-family:'JetBrains Mono',monospace;font-size:11px;font-weight:500;text-transform:uppercase;letter-spacing:1.4px;}\n.csr-ib-table td{padding:13px 17px;border-bottom:1px solid #eef2ec;}\n.csr-ib-table tr:nth-child(even) td{background:#f8faf7;}\n.csr-ib-table td:first-child{font-weight:600;color:#15170f;}\n.csr-ib-video{position:relative;padding-bottom:56.25%;height:0;margin:26px 0;border-radius:10px;overflow:hidden;background:#0f1310;box-shadow:0 16px 34px -20px rgba(10,16,12,.5);}\n.csr-ib-video iframe{position:absolute;inset:0;width:100%;height:100%;border:0;}\n.csr-ib-cap{font-size:13px;color:#6a7168;margin:-16px 0 26px;}\n.csr-ib-retenir{background:#f7faf6;border:1px solid #dfe7dc;border-radius:10px;padding:24px 26px 26px;margin:40px 0;}\n.csr-ib-rgrid{display:grid;grid-template-columns:repeat(auto-fit,minmax(245px,1fr));gap:10px;}\n.csr-ib-ritem{display:flex;gap:12px;background:#fff;border:1px solid #e7ece4;border-radius:7px;padding:13px 15px;align-items:flex-start;}\n.csr-ib-ritem .csr-ib-rn{flex:0 0 26px;width:26px;height:26px;background:#1f7a4d;color:#fff;border-radius:50%;display:inline-flex;align-items:center;justify-content:center;font-family:'JetBrains Mono',monospace;font-size:12px;font-weight:500;}\n.csr-ib-ritem .csr-ib-rt{font-size:14px;line-height:1.5;color:#2a2e26;}\n.csr-ib-faq{margin:36px 0 10px;}\n.csr-ib-faq .csr-ib-fd{border-bottom:1px solid #dfe4db;}\n.csr-ib-faq summary{cursor:pointer;padding:17px 0;font-family:'Space Grotesk',sans-serif;font-size:17px;font-weight:600;color:#10110f;list-style:none;display:flex;justify-content:space-between;align-items:center;gap:14px;}\n.csr-ib-faq summary::-webkit-details-marker{display:none;}\n.csr-ib-faq summary .csr-ib-pl{font-size:22px;font-weight:300;color:#1f7a4d;line-height:1;transition:.25s ease;}\n.csr-ib-faq details[open] summary .csr-ib-pl{transform:rotate(45deg);}\n.csr-ib-faq .csr-ib-fa{padding:0 0 18px;font-size:15.5px;line-height:1.7;color:#454b44;}\n\/*RENDERFIX2*\/.csr-ib-brief{color:#eef3f9!important}.csr-ib-brief p,.csr-ib-brief li,.csr-ib-brief strong,.csr-ib-brief em,.csr-ib-brief a,.csr-ib-brief span,.csr-ib-brief b,.csr-ib-brief td,.csr-ib-brief th,.csr-ib-brief h2,.csr-ib-brief h3,.csr-ib-brief h4{color:#eef3f9!important}.csr-ib-brief strong,.csr-ib-brief b{color:#ffffff!important}.csr-ib-brief a{text-decoration:underline}.csr-ib-table th{color:#eef3f9!important}.csr-ib-table th strong,.csr-ib-table th b{color:#ffffff!important}.csr-ib-ritem .csr-ib-rn{color:#eef3f9!important}\n<\/style>\n<div class=\"csr-ib-wrap\">\n<div class=\"csr-ib-badge\"><span class=\"csr-ib-dot\"><\/span><strong>Derni\u00e8re mise \u00e0 jour : 13 juillet 2026<\/strong>&nbsp;\u00b7 Page vivante \u2014 mise \u00e0 jour \u00e0 chaque annonce officielle<\/div>\n<div class=\"csr-ib-lead\"><strong>Maxton Hall saison 3 sortira en d\u00e9cembre 2026 sur Prime Video \u2014 le mois est officiel, mais aucun jour pr\u00e9cis n&rsquo;est annonc\u00e9 au 13 juillet 2026.<\/strong> Ce sera la saison finale de la s\u00e9rie allemande : 6 \u00e9pisodes adapt\u00e9s de <em>Save Us<\/em>, le troisi\u00e8me et dernier tome de la trilogie de Mona Kasten, pour conclure l&rsquo;histoire de Ruby et James.<\/div>\n<div class=\"csr-ib-brief\">\n<div class=\"csr-ib-kicker\">En bref<\/div>\n<div class=\"csr-ib-ans\">Prime Video a annonc\u00e9 lors de son <strong>Obsessed Fest<\/strong> de Los Angeles (27-28 juin 2026) que la <strong>saison 3 de Maxton Hall<\/strong> \u2014 troisi\u00e8me et <strong>dernier chapitre<\/strong> de la s\u00e9rie \u2014 sortira en <strong>d\u00e9cembre 2026<\/strong>, dans plus de 240 pays et territoires. Harriet Herbig-Matten (Ruby) et Damian Hardung (James) reprennent leurs r\u00f4les pour cette conclusion adapt\u00e9e du roman <em>Save Us<\/em>.<\/div>\n<ul class=\"csr-ib-blist\">\n<li><span>\u25b8<\/span> Saison finale confirm\u00e9e \u2014 6 \u00e9pisodes, comme les saisons 1 et 2.<\/li>\n<li><span>\u25b8<\/span> C&rsquo;est Damian Hardung lui-m\u00eame qui a annonc\u00e9 la date sur sc\u00e8ne, devant les fans.<\/li>\n<li><span>\u25b8<\/span> Jour de lancement exact et rythme de diffusion : pas encore communiqu\u00e9s.<\/li>\n<\/ul>\n<\/div>\n<h2>Maxton Hall saison 3 : le r\u00e9cap express<\/h2>\n<div class=\"csr-ib-table\">\n<table>\n<tr>\n<th>\u00c9l\u00e9ment<\/th>\n<th>D\u00e9tail<\/th>\n<th>Fiabilit\u00e9<\/th>\n<\/tr>\n<tr>\n<td>Saison<\/td>\n<td>Saison 3 \u2014 la derni\u00e8re de la s\u00e9rie<\/td>\n<td>V\u00e9rifi\u00e9<\/td>\n<\/tr>\n<tr>\n<td>\u00c9pisodes<\/td>\n<td>6 \u00e9pisodes<\/td>\n<td>V\u00e9rifi\u00e9<\/td>\n<\/tr>\n<tr>\n<td>Plateforme<\/td>\n<td>Prime Video (plus de 240 pays et territoires)<\/td>\n<td>V\u00e9rifi\u00e9<\/td>\n<\/tr>\n<tr>\n<td>Date de sortie<\/td>\n<td>D\u00e9cembre 2026 \u2014 jour exact non annonc\u00e9<\/td>\n<td>Mois officiel<\/td>\n<\/tr>\n<tr>\n<td>Livre adapt\u00e9<\/td>\n<td><em>Save Us<\/em>, 3e tome de la trilogie de Mona Kasten<\/td>\n<td>V\u00e9rifi\u00e9<\/td>\n<\/tr>\n<tr>\n<td>Casting principal<\/td>\n<td>Harriet Herbig-Matten (Ruby Bell), Damian Hardung (James Beaufort)<\/td>\n<td>V\u00e9rifi\u00e9<\/td>\n<\/tr>\n<\/table>\n<\/div>\n<h2>Une annonce officielle \u00e0 l&rsquo;Obsessed Fest<\/h2>\n<p>La confirmation ne vient pas d&rsquo;une rumeur : elle a \u00e9t\u00e9 faite en direct devant les fans, lors de l&rsquo;<strong>Obsessed Fest<\/strong>, le tout premier festival organis\u00e9 par Prime Video autour de ses s\u00e9ries romance et young adult, \u00e0 Los Angeles fin juin 2026 (le week-end du 27-28 juin). Sur sc\u00e8ne, <strong>Damian Hardung<\/strong> a annonc\u00e9 lui-m\u00eame que la troisi\u00e8me saison arriverait en <strong>d\u00e9cembre 2026<\/strong> \u2014 \u00ab une derni\u00e8re fois, retour \u00e0 l&rsquo;\u00e9cole \u00bb. Le communiqu\u00e9 officiel d&rsquo;Amazon MGM Studios reprend exactement la m\u00eame information : un \u00ab troisi\u00e8me et dernier chapitre \u00bb, diffus\u00e9 en d\u00e9cembre 2026 dans plus de 240 pays et territoires, accompagn\u00e9 de premi\u00e8res images fa\u00e7on album de promo (yearbook) avec les deux acteurs principaux.<\/p>\n<p>Deux points restent en suspens \u00e0 ce stade : le <strong>jour de lancement exact<\/strong>, que la plateforme n&rsquo;a pas d\u00e9voil\u00e9, et le <strong>rythme de diffusion<\/strong> \u2014 sortie des 6 \u00e9pisodes d&rsquo;un coup ou mise en ligne \u00e9chelonn\u00e9e, comme la saison 2 qui avait d\u00e9marr\u00e9 avec 3 \u00e9pisodes avant un final hebdomadaire. En clair : on sait quand le retour \u00e0 Maxton Hall aura lieu (d\u00e9cembre), pas encore comment il sera d\u00e9coup\u00e9.<\/p>\n<h2>L&rsquo;intrigue : \u00ab Save Us \u00bb, le dernier acte de Ruby et James<\/h2>\n<div class=\"csr-ib-note\"><strong>Sans spoiler<\/strong> <span>Cette section s&rsquo;appuie sur le synopsis officiel et le point de d\u00e9part du roman \u2014 sans r\u00e9v\u00e9ler le d\u00e9nouement du livre.<\/span><\/div>\n<p>La saison 3 adapte <em>Save Us<\/em>, troisi\u00e8me et dernier tome de la trilogie de <strong>Mona Kasten<\/strong>, apr\u00e8s <em>Save Me<\/em> (saison 1) et <em>Save You<\/em> (saison 2). Le synopsis officiel pose un point de d\u00e9part brutal : <strong>Ruby Bell est suspendue de Maxton Hall<\/strong>, et son r\u00eave d&rsquo;int\u00e9grer Oxford s&rsquo;\u00e9loigne dangereusement. Refusant d&rsquo;abandonner, elle se bat aux c\u00f4t\u00e9s de James pour prouver son innocence \u2014 dans un dernier acte o\u00f9 les amiti\u00e9s sont mises \u00e0 l&rsquo;\u00e9preuve, o\u00f9 des secrets inattendus remontent \u00e0 la surface, et o\u00f9 une question r\u00e9sume tout : l&rsquo;amour suffit-il ?<\/p>\n<p>Derri\u00e8re la cam\u00e9ra, le communiqu\u00e9 officiel confirme le retour du r\u00e9alisateur Martin Schreier, avec Sandra St\u00f6ckmann et Ceylan Yildirim \u00e0 l&rsquo;\u00e9criture. De quoi conclure la romance la plus regard\u00e9e de Prime Video hors \u00c9tats-Unis dans la continuit\u00e9 des deux premi\u00e8res saisons.<\/p>\n<h2>Casting : qui revient pour la saison finale ?<\/h2>\n<p>Le duo central est confirm\u00e9 noir sur blanc par Prime Video : <strong>Harriet Herbig-Matten<\/strong> reprend le r\u00f4le de Ruby Bell et <strong>Damian Hardung<\/strong> celui de James Beaufort. Le communiqu\u00e9 officiel cite \u00e9galement le retour de Sonja Wei\u00dfer (Lydia Beaufort) et Justus Riesner (Alistair Ellington), aux c\u00f4t\u00e9s du reste de l&rsquo;ensemble du lyc\u00e9e. Pour les seconds r\u00f4les non mentionn\u00e9s explicitement, la prudence reste de mise tant que la liste compl\u00e8te du casting n&rsquo;a pas \u00e9t\u00e9 publi\u00e9e.<\/p>\n<h2>O\u00f9 regarder les saisons 1 et 2 avant d\u00e9cembre ?<\/h2>\n<p>Tout se passe sur <strong>Prime Video<\/strong>. La saison 1 (<em>Maxton Hall \u2013 The World Between Us<\/em>), sortie le 9 mai 2024, avait sign\u00e9 le meilleur lancement d&rsquo;une s\u00e9rie non am\u00e9ricaine sur la plateforme, avec une place de num\u00e9ro 1 dans plus de 120 pays. La saison 2 a suivi le 7 novembre 2025 \u2014 et la s\u00e9rie avait \u00e9t\u00e9 renouvel\u00e9e pour cette troisi\u00e8me saison d\u00e8s juin 2025, avant m\u00eame la diffusion de la deuxi\u00e8me. Avec 12 \u00e9pisodes au total \u00e0 rattraper (6 + 6), la remise \u00e0 niveau avant le final est tout \u00e0 fait jouable en un week-end.<\/p>\n<p>Pour caler cette sortie parmi toutes les autres, notre <a href=\"https:\/\/culture-series.fr\/blog\/guides-de-visionnage\/calendrier-series-2026-2027\/\">calendrier des s\u00e9ries 2026-2027<\/a> est mis \u00e0 jour \u00e0 chaque annonce officielle. D\u00e9cembre 2026 s&rsquo;annonce d&rsquo;ailleurs charg\u00e9 c\u00f4t\u00e9 conclusions : c&rsquo;est aussi la fen\u00eatre la plus probable pour <a href=\"https:\/\/culture-series.fr\/blog\/guides-de-visionnage\/the-witcher-saison-5\/\">la saison finale de The Witcher<\/a> \u2014 et pour ceux qui aiment les histoires qui savent se terminer, <a href=\"https:\/\/culture-series.fr\/blog\/guides-de-visionnage\/euphoria-saison-3\/\">Euphoria a montr\u00e9 la voie au printemps<\/a>.<\/p>\n<div class=\"csr-ib-retenir\">\n<div class=\"csr-ib-rgrid\">\n<div class=\"csr-ib-ritem\"><span class=\"csr-ib-rn\">1<\/span><span class=\"csr-ib-rt\">Maxton Hall saison 3 sort en d\u00e9cembre 2026 sur Prime Video \u2014 6 \u00e9pisodes, jour exact encore inconnu.<\/span><\/div>\n<div class=\"csr-ib-ritem\"><span class=\"csr-ib-rn\">2<\/span><span class=\"csr-ib-rt\">C&rsquo;est la saison finale : elle adapte Save Us, dernier tome de la trilogie de Mona Kasten, et conclut l&rsquo;histoire de Ruby et James.<\/span><\/div>\n<div class=\"csr-ib-ritem\"><span class=\"csr-ib-rn\">3<\/span><span class=\"csr-ib-rt\">Ruby, suspendue de Maxton Hall, voit Oxford s&rsquo;\u00e9loigner \u2014 le rattrapage des saisons 1 et 2 (12 \u00e9pisodes) se fait en un week-end.<\/span><\/div>\n<\/div>\n<\/div>\n<div class=\"csr-ib-faq\">\n<details class=\"csr-ib-fd\">\n<summary>Quand sort Maxton Hall saison 3 sur Prime Video ?<span class=\"csr-ib-pl\">+<\/span><\/summary>\n<div class=\"csr-ib-fa\">En d\u00e9cembre 2026, dans plus de 240 pays et territoires. Le mois a \u00e9t\u00e9 annonc\u00e9 officiellement \u00e0 l&rsquo;Obsessed Fest de Los Angeles fin juin 2026, mais Prime Video n&rsquo;a pas encore communiqu\u00e9 de jour pr\u00e9cis ni de rythme de diffusion.<\/div>\n<\/details>\n<details class=\"csr-ib-fd\">\n<summary>Combien d&rsquo;\u00e9pisodes compte la saison 3 de Maxton Hall ?<span class=\"csr-ib-pl\">+<\/span><\/summary>\n<div class=\"csr-ib-fa\">Six \u00e9pisodes, comme les saisons 1 et 2. La mani\u00e8re dont ils seront mis en ligne (d&rsquo;un bloc ou de fa\u00e7on \u00e9chelonn\u00e9e) n&rsquo;a pas encore \u00e9t\u00e9 pr\u00e9cis\u00e9e par la plateforme.<\/div>\n<\/details>\n<details class=\"csr-ib-fd\">\n<summary>Maxton Hall saison 3 est-elle la derni\u00e8re saison ?<span class=\"csr-ib-pl\">+<\/span><\/summary>\n<div class=\"csr-ib-fa\">Oui. Prime Video pr\u00e9sente la saison 3 comme le troisi\u00e8me et dernier chapitre de la s\u00e9rie. Elle adapte Save Us, dernier tome de la trilogie de Mona Kasten, et conclut d\u00e9finitivement l&rsquo;histoire de Ruby Bell et James Beaufort.<\/div>\n<\/details>\n<\/div>\n<p><script type=\"application\/ld+json\">{\"@context\": \"https:\/\/schema.org\", \"@type\": \"FAQPage\", \"mainEntity\": [{\"@type\": \"Question\", \"name\": \"Quand sort Maxton Hall saison 3 sur Prime Video ?\", \"acceptedAnswer\": {\"@type\": \"Answer\", \"text\": \"En d\u00e9cembre 2026, dans plus de 240 pays et territoires. Le mois a \u00e9t\u00e9 annonc\u00e9 officiellement \u00e0 l'Obsessed Fest de Los Angeles fin juin 2026, mais Prime Video n'a pas encore communiqu\u00e9 de jour pr\u00e9cis ni de rythme de diffusion.\"}}, {\"@type\": \"Question\", \"name\": \"Combien d'\u00e9pisodes compte la saison 3 de Maxton Hall ?\", \"acceptedAnswer\": {\"@type\": \"Answer\", \"text\": \"Six \u00e9pisodes, comme les saisons 1 et 2. La mani\u00e8re dont ils seront mis en ligne (d'un bloc ou de fa\u00e7on \u00e9chelonn\u00e9e) n'a pas encore \u00e9t\u00e9 pr\u00e9cis\u00e9e par la plateforme.\"}}, {\"@type\": \"Question\", \"name\": \"Maxton Hall saison 3 est-elle la derni\u00e8re saison ?\", \"acceptedAnswer\": {\"@type\": \"Answer\", \"text\": \"Oui. Prime Video pr\u00e9sente la saison 3 comme le troisi\u00e8me et dernier chapitre de la s\u00e9rie. Elle adapte Save Us, dernier tome de la trilogie de Mona Kasten, et conclut d\u00e9finitivement l'histoire de Ruby Bell et James Beaufort.\"}}]}<\/script>\n<\/div>\n","protected":false},"excerpt":{"rendered":"","protected":false},"author":39,"featured_media":999999999,"comment_status":"open","ping_status":"open","sticky":false,"template":"","format":"standard","meta":{"_acf_changed":false,"manual_indexmenow":false,"indexmenow_id_project":0,"footnotes":""},"categories":[4522],"tags":[],"class_list":["post-8173","post","type-post","status-publish","format-standard","has-post-thumbnail","hentry","category-guides-de-visionnage","generate-columns","tablet-grid-50","mobile-grid-100","grid-parent","grid-25"],"acf":[],"yoast_head":"<!-- This site is optimized with the Yoast SEO Premium plugin v21.3 (Yoast SEO v25.6) - https:\/\/yoast.com\/wordpress\/plugins\/seo\/ -->\n<title>Maxton Hall saison 3 : sortie d\u00e9cembre 2026, saison finale<\/title>\n<meta name=\"description\" content=\"Maxton Hall saison 3 sortira en d\u00e9cembre 2026 sur Prime Video : 6 \u00e9pisodes, saison finale adapt\u00e9e de Save Us, avec Harriet Herbig-Matten et Damian Hardung.\" \/>\n<meta name=\"robots\" content=\"index, follow, max-snippet:-1, max-image-preview:large, max-video-preview:-1\" \/>\n<link rel=\"canonical\" href=\"https:\/\/culture-series.fr\/blog\/guides-de-visionnage\/maxton-hall-saison-3\/\" \/>\n<meta property=\"og:locale\" content=\"fr_FR\" \/>\n<meta property=\"og:type\" content=\"article\" \/>\n<meta property=\"og:title\" content=\"Maxton Hall saison 3 : sortie d\u00e9cembre 2026, saison finale\" \/>\n<meta property=\"og:description\" content=\"Maxton Hall saison 3 sortira en d\u00e9cembre 2026 sur Prime Video : 6 \u00e9pisodes, saison finale adapt\u00e9e de Save Us, avec Harriet Herbig-Matten et Damian Hardung.\" \/>\n<meta property=\"og:url\" content=\"https:\/\/culture-series.fr\/blog\/guides-de-visionnage\/maxton-hall-saison-3\/\" \/>\n<meta property=\"og:site_name\" content=\"culture-series\" \/>\n<meta property=\"og:image\" content=\"https:\/\/images.pexels.com\/photos\/29889925\/pexels-photo-29889925.jpeg?auto=compress&cs=tinysrgb&fit=crop&h=627&w=1200\" \/>\n<meta name=\"author\" content=\"Elodie Laurent\" \/>\n<meta name=\"twitter:card\" content=\"summary_large_image\" \/>\n<meta name=\"twitter:image\" content=\"https:\/\/images.pexels.com\/photos\/29889925\/pexels-photo-29889925.jpeg?auto=compress&cs=tinysrgb&fit=crop&h=627&w=1200\" \/>\n<script type=\"application\/ld+json\" class=\"yoast-schema-graph\">{\"@context\":\"https:\/\/schema.org\",\"@graph\":[{\"@type\":\"NewsArticle\",\"@id\":\"https:\/\/culture-series.fr\/blog\/guides-de-visionnage\/maxton-hall-saison-3\/#article\",\"isPartOf\":{\"@id\":\"https:\/\/culture-series.fr\/blog\/guides-de-visionnage\/maxton-hall-saison-3\/\"},\"author\":{\"name\":\"Elodie Laurent\",\"@id\":\"https:\/\/culture-series.fr\/blog\/#\/schema\/person\/b411c17f1d7ac78e63d36540a75859b5\"},\"headline\":\"Maxton Hall saison 3 : sortie en d\u00e9cembre 2026, ce que l&rsquo;on sait de la saison finale\",\"datePublished\":\"2026-07-13T09:03:06+00:00\",\"mainEntityOfPage\":{\"@id\":\"https:\/\/culture-series.fr\/blog\/guides-de-visionnage\/maxton-hall-saison-3\/\"},\"wordCount\":1096,\"commentCount\":0,\"publisher\":{\"@id\":\"https:\/\/culture-series.fr\/blog\/#organization\"},\"image\":{\"@id\":\"https:\/\/culture-series.fr\/blog\/guides-de-visionnage\/maxton-hall-saison-3\/#primaryimage\"},\"thumbnailUrl\":\"https:\/\/images.pexels.com\/photos\/29889925\/pexels-photo-29889925.jpeg?auto=compress&cs=tinysrgb&fit=crop&h=627&w=1200\",\"articleSection\":[\"Guides de Visionnage\"],\"inLanguage\":\"fr-FR\",\"potentialAction\":[{\"@type\":\"CommentAction\",\"name\":\"Comment\",\"target\":[\"https:\/\/culture-series.fr\/blog\/guides-de-visionnage\/maxton-hall-saison-3\/#respond\"]}]},{\"@type\":\"WebPage\",\"@id\":\"https:\/\/culture-series.fr\/blog\/guides-de-visionnage\/maxton-hall-saison-3\/\",\"url\":\"https:\/\/culture-series.fr\/blog\/guides-de-visionnage\/maxton-hall-saison-3\/\",\"name\":\"Maxton Hall saison 3 : sortie d\u00e9cembre 2026, saison finale\",\"isPartOf\":{\"@id\":\"https:\/\/culture-series.fr\/blog\/#website\"},\"primaryImageOfPage\":{\"@id\":\"https:\/\/culture-series.fr\/blog\/guides-de-visionnage\/maxton-hall-saison-3\/#primaryimage\"},\"image\":{\"@id\":\"https:\/\/culture-series.fr\/blog\/guides-de-visionnage\/maxton-hall-saison-3\/#primaryimage\"},\"thumbnailUrl\":\"https:\/\/images.pexels.com\/photos\/29889925\/pexels-photo-29889925.jpeg?auto=compress&cs=tinysrgb&fit=crop&h=627&w=1200\",\"datePublished\":\"2026-07-13T09:03:06+00:00\",\"description\":\"Maxton Hall saison 3 sortira en d\u00e9cembre 2026 sur Prime Video : 6 \u00e9pisodes, saison finale adapt\u00e9e de Save Us, avec Harriet Herbig-Matten et Damian Hardung.\",\"inLanguage\":\"fr-FR\",\"potentialAction\":[{\"@type\":\"ReadAction\",\"target\":[\"https:\/\/culture-series.fr\/blog\/guides-de-visionnage\/maxton-hall-saison-3\/\"]}]},{\"@type\":\"ImageObject\",\"inLanguage\":\"fr-FR\",\"@id\":\"https:\/\/culture-series.fr\/blog\/guides-de-visionnage\/maxton-hall-saison-3\/#primaryimage\",\"url\":\"https:\/\/images.pexels.com\/photos\/29889925\/pexels-photo-29889925.jpeg?auto=compress&cs=tinysrgb&fit=crop&h=627&w=1200\",\"contentUrl\":\"https:\/\/images.pexels.com\/photos\/29889925\/pexels-photo-29889925.jpeg?auto=compress&cs=tinysrgb&fit=crop&h=627&w=1200\"},{\"@type\":\"WebSite\",\"@id\":\"https:\/\/culture-series.fr\/blog\/#website\",\"url\":\"https:\/\/culture-series.fr\/blog\/\",\"name\":\"culture-series.Fr\",\"description\":\"Culture &amp; Series, l&#039;univers des s\u00e9ries en profondeur\",\"publisher\":{\"@id\":\"https:\/\/culture-series.fr\/blog\/#organization\"},\"alternateName\":\"Culture & Series, l'univers des s\u00e9ries en profondeur\",\"potentialAction\":[{\"@type\":\"SearchAction\",\"target\":{\"@type\":\"EntryPoint\",\"urlTemplate\":\"https:\/\/culture-series.fr\/blog\/?s={search_term_string}\"},\"query-input\":{\"@type\":\"PropertyValueSpecification\",\"valueRequired\":true,\"valueName\":\"search_term_string\"}}],\"inLanguage\":\"fr-FR\"},{\"@type\":\"Organization\",\"@id\":\"https:\/\/culture-series.fr\/blog\/#organization\",\"name\":\"Foretsensations.fr\",\"url\":\"https:\/\/culture-series.fr\/blog\/\",\"logo\":{\"@type\":\"ImageObject\",\"inLanguage\":\"fr-FR\",\"@id\":\"https:\/\/culture-series.fr\/blog\/#\/schema\/logo\/image\/\",\"url\":\"https:\/\/culture-series.fr\/blog\/wp-content\/uploads\/2024\/12\/27.png\",\"contentUrl\":\"https:\/\/culture-series.fr\/blog\/wp-content\/uploads\/2024\/12\/27.png\",\"width\":500,\"height\":500,\"caption\":\"Foretsensations.fr\"},\"image\":{\"@id\":\"https:\/\/culture-series.fr\/blog\/#\/schema\/logo\/image\/\"}},{\"@type\":\"Person\",\"@id\":\"https:\/\/culture-series.fr\/blog\/#\/schema\/person\/b411c17f1d7ac78e63d36540a75859b5\",\"name\":\"Elodie Laurent\",\"image\":{\"@type\":\"ImageObject\",\"inLanguage\":\"fr-FR\",\"@id\":\"https:\/\/culture-series.fr\/blog\/#\/schema\/person\/image\/\",\"url\":\"https:\/\/secure.gravatar.com\/avatar\/?s=96&d=mm&r=g\",\"contentUrl\":\"https:\/\/secure.gravatar.com\/avatar\/?s=96&d=mm&r=g\",\"caption\":\"Elodie Laurent\"},\"description\":\"\u00c9lodie Laurent est critique de s\u00e9ries et analyste culturelle avec plus de 8 ans d'exp\u00e9rience. Passionn\u00e9e par les narratives complexes et les personnages profonds, elle offre des critiques d\u00e9taill\u00e9es et des analyses perspicaces pour aider les lecteurs \u00e0 mieux comprendre les s\u00e9ries qu'ils regardent.\",\"url\":\"https:\/\/culture-series.fr\/blog\/auteur\/elodie-laurent\/\"}]}<\/script>\n<!-- \/ Yoast SEO Premium plugin. -->","yoast_head_json":{"title":"Maxton Hall saison 3 : sortie d\u00e9cembre 2026, saison finale","description":"Maxton Hall saison 3 sortira en d\u00e9cembre 2026 sur Prime Video : 6 \u00e9pisodes, saison finale adapt\u00e9e de Save Us, avec Harriet Herbig-Matten et Damian Hardung.","robots":{"index":"index","follow":"follow","max-snippet":"max-snippet:-1","max-image-preview":"max-image-preview:large","max-video-preview":"max-video-preview:-1"},"canonical":"https:\/\/culture-series.fr\/blog\/guides-de-visionnage\/maxton-hall-saison-3\/","og_locale":"fr_FR","og_type":"article","og_title":"Maxton Hall saison 3 : sortie d\u00e9cembre 2026, saison finale","og_description":"Maxton Hall saison 3 sortira en d\u00e9cembre 2026 sur Prime Video : 6 \u00e9pisodes, saison finale adapt\u00e9e de Save Us, avec Harriet Herbig-Matten et Damian Hardung.","og_url":"https:\/\/culture-series.fr\/blog\/guides-de-visionnage\/maxton-hall-saison-3\/","og_site_name":"culture-series","og_image":[{"url":"https:\/\/images.pexels.com\/photos\/29889925\/pexels-photo-29889925.jpeg?auto=compress&cs=tinysrgb&fit=crop&h=627&w=1200","type":"","width":"","height":""}],"author":"Elodie Laurent","twitter_card":"summary_large_image","twitter_image":"https:\/\/images.pexels.com\/photos\/29889925\/pexels-photo-29889925.jpeg?auto=compress&cs=tinysrgb&fit=crop&h=627&w=1200","schema":{"@context":"https:\/\/schema.org","@graph":[{"@type":"NewsArticle","@id":"https:\/\/culture-series.fr\/blog\/guides-de-visionnage\/maxton-hall-saison-3\/#article","isPartOf":{"@id":"https:\/\/culture-series.fr\/blog\/guides-de-visionnage\/maxton-hall-saison-3\/"},"author":{"name":"Elodie Laurent","@id":"https:\/\/culture-series.fr\/blog\/#\/schema\/person\/b411c17f1d7ac78e63d36540a75859b5"},"headline":"Maxton Hall saison 3 : sortie en d\u00e9cembre 2026, ce que l&rsquo;on sait de la saison finale","datePublished":"2026-07-13T09:03:06+00:00","mainEntityOfPage":{"@id":"https:\/\/culture-series.fr\/blog\/guides-de-visionnage\/maxton-hall-saison-3\/"},"wordCount":1096,"commentCount":0,"publisher":{"@id":"https:\/\/culture-series.fr\/blog\/#organization"},"image":{"@id":"https:\/\/culture-series.fr\/blog\/guides-de-visionnage\/maxton-hall-saison-3\/#primaryimage"},"thumbnailUrl":"https:\/\/images.pexels.com\/photos\/29889925\/pexels-photo-29889925.jpeg?auto=compress&cs=tinysrgb&fit=crop&h=627&w=1200","articleSection":["Guides de Visionnage"],"inLanguage":"fr-FR","potentialAction":[{"@type":"CommentAction","name":"Comment","target":["https:\/\/culture-series.fr\/blog\/guides-de-visionnage\/maxton-hall-saison-3\/#respond"]}]},{"@type":"WebPage","@id":"https:\/\/culture-series.fr\/blog\/guides-de-visionnage\/maxton-hall-saison-3\/","url":"https:\/\/culture-series.fr\/blog\/guides-de-visionnage\/maxton-hall-saison-3\/","name":"Maxton Hall saison 3 : sortie d\u00e9cembre 2026, saison finale","isPartOf":{"@id":"https:\/\/culture-series.fr\/blog\/#website"},"primaryImageOfPage":{"@id":"https:\/\/culture-series.fr\/blog\/guides-de-visionnage\/maxton-hall-saison-3\/#primaryimage"},"image":{"@id":"https:\/\/culture-series.fr\/blog\/guides-de-visionnage\/maxton-hall-saison-3\/#primaryimage"},"thumbnailUrl":"https:\/\/images.pexels.com\/photos\/29889925\/pexels-photo-29889925.jpeg?auto=compress&cs=tinysrgb&fit=crop&h=627&w=1200","datePublished":"2026-07-13T09:03:06+00:00","description":"Maxton Hall saison 3 sortira en d\u00e9cembre 2026 sur Prime Video : 6 \u00e9pisodes, saison finale adapt\u00e9e de Save Us, avec Harriet Herbig-Matten et Damian Hardung.","inLanguage":"fr-FR","potentialAction":[{"@type":"ReadAction","target":["https:\/\/culture-series.fr\/blog\/guides-de-visionnage\/maxton-hall-saison-3\/"]}]},{"@type":"ImageObject","inLanguage":"fr-FR","@id":"https:\/\/culture-series.fr\/blog\/guides-de-visionnage\/maxton-hall-saison-3\/#primaryimage","url":"https:\/\/images.pexels.com\/photos\/29889925\/pexels-photo-29889925.jpeg?auto=compress&cs=tinysrgb&fit=crop&h=627&w=1200","contentUrl":"https:\/\/images.pexels.com\/photos\/29889925\/pexels-photo-29889925.jpeg?auto=compress&cs=tinysrgb&fit=crop&h=627&w=1200"},{"@type":"WebSite","@id":"https:\/\/culture-series.fr\/blog\/#website","url":"https:\/\/culture-series.fr\/blog\/","name":"culture-series.Fr","description":"Culture &amp; Series, l&#039;univers des s\u00e9ries en profondeur","publisher":{"@id":"https:\/\/culture-series.fr\/blog\/#organization"},"alternateName":"Culture & Series, l'univers des s\u00e9ries en profondeur","potentialAction":[{"@type":"SearchAction","target":{"@type":"EntryPoint","urlTemplate":"https:\/\/culture-series.fr\/blog\/?s={search_term_string}"},"query-input":{"@type":"PropertyValueSpecification","valueRequired":true,"valueName":"search_term_string"}}],"inLanguage":"fr-FR"},{"@type":"Organization","@id":"https:\/\/culture-series.fr\/blog\/#organization","name":"Foretsensations.fr","url":"https:\/\/culture-series.fr\/blog\/","logo":{"@type":"ImageObject","inLanguage":"fr-FR","@id":"https:\/\/culture-series.fr\/blog\/#\/schema\/logo\/image\/","url":"https:\/\/culture-series.fr\/blog\/wp-content\/uploads\/2024\/12\/27.png","contentUrl":"https:\/\/culture-series.fr\/blog\/wp-content\/uploads\/2024\/12\/27.png","width":500,"height":500,"caption":"Foretsensations.fr"},"image":{"@id":"https:\/\/culture-series.fr\/blog\/#\/schema\/logo\/image\/"}},{"@type":"Person","@id":"https:\/\/culture-series.fr\/blog\/#\/schema\/person\/b411c17f1d7ac78e63d36540a75859b5","name":"Elodie Laurent","image":{"@type":"ImageObject","inLanguage":"fr-FR","@id":"https:\/\/culture-series.fr\/blog\/#\/schema\/person\/image\/","url":"https:\/\/secure.gravatar.com\/avatar\/?s=96&d=mm&r=g","contentUrl":"https:\/\/secure.gravatar.com\/avatar\/?s=96&d=mm&r=g","caption":"Elodie Laurent"},"description":"\u00c9lodie Laurent est critique de s\u00e9ries et analyste culturelle avec plus de 8 ans d'exp\u00e9rience. Passionn\u00e9e par les narratives complexes et les personnages profonds, elle offre des critiques d\u00e9taill\u00e9es et des analyses perspicaces pour aider les lecteurs \u00e0 mieux comprendre les s\u00e9ries qu'ils regardent.","url":"https:\/\/culture-series.fr\/blog\/auteur\/elodie-laurent\/"}]}},"_links":{"self":[{"href":"https:\/\/culture-series.fr\/blog\/wp-json\/wp\/v2\/posts\/8173","targetHints":{"allow":["GET"]}}],"collection":[{"href":"https:\/\/culture-series.fr\/blog\/wp-json\/wp\/v2\/posts"}],"about":[{"href":"https:\/\/culture-series.fr\/blog\/wp-json\/wp\/v2\/types\/post"}],"author":[{"embeddable":true,"href":"https:\/\/culture-series.fr\/blog\/wp-json\/wp\/v2\/users\/39"}],"replies":[{"embeddable":true,"href":"https:\/\/culture-series.fr\/blog\/wp-json\/wp\/v2\/comments?post=8173"}],"version-history":[{"count":0,"href":"https:\/\/culture-series.fr\/blog\/wp-json\/wp\/v2\/posts\/8173\/revisions"}],"wp:attachment":[{"href":"https:\/\/culture-series.fr\/blog\/wp-json\/wp\/v2\/media?parent=8173"}],"wp:term":[{"taxonomy":"category","embeddable":true,"href":"https:\/\/culture-series.fr\/blog\/wp-json\/wp\/v2\/categories?post=8173"},{"taxonomy":"post_tag","embeddable":true,"href":"https:\/\/culture-series.fr\/blog\/wp-json\/wp\/v2\/tags?post=8173"}],"curies":[{"name":"wp","href":"https:\/\/api.w.org\/{rel}","templated":true}]}}