{"id":8171,"date":"2026-07-12T16:20:00","date_gmt":"2026-07-12T14:20:00","guid":{"rendered":"https:\/\/culture-series.fr\/blog\/guides-de-visionnage\/the-witcher-combien-de-saisons-sans-cavill\/"},"modified":"2026-07-12T16:20:00","modified_gmt":"2026-07-12T14:20:00","slug":"the-witcher-combien-de-saisons-sans-cavill","status":"publish","type":"post","link":"https:\/\/culture-series.fr\/blog\/guides-de-visionnage\/the-witcher-combien-de-saisons-sans-cavill\/","title":{"rendered":"Combien de saisons pour The Witcher et faut-il continuer sans Cavill"},"content":{"rendered":"<link rel=\"stylesheet\" href=\"https:\/\/fonts.googleapis.com\/css2?family=Space+Grotesk:wght@500;600;700&#038;family=Inter:wght@400;500;600&#038;family=JetBrains+Mono:wght@500&#038;display=swap\">\n<style>\n.csr-ib-wrap{font-family:'Inter',-apple-system,BlinkMacSystemFont,sans-serif;color:#1b1c19;line-height:1.65;}\n.csr-ib-wrap p{font-size:17px;line-height:1.68;color:#26271f;}\n.csr-ib-wrap h2{font-family:'Space Grotesk','Inter',sans-serif;font-size:clamp(24px,3.2vw,33px);font-weight:700;letter-spacing:-0.02em;color:#10110f;margin:50px 0 14px;line-height:1.18;}\n.csr-ib-wrap h3{font-family:'Space Grotesk','Inter',sans-serif;font-size:20px;font-weight:600;letter-spacing:-0.01em;color:#15170f;margin:26px 0 8px;}\n.csr-ib-lead{font-family:'Inter',sans-serif;font-size:19px;line-height:1.58;color:#2a2c24;font-weight:500;margin:6px 0 26px;}\n.csr-ib-kicker{font-family:'JetBrains Mono',monospace;font-size:12px;font-weight:500;text-transform:uppercase;letter-spacing:2.4px;color:#1f7a4d;}\n.csr-ib-badge{display:inline-flex;flex-wrap:wrap;align-items:center;gap:8px;background:#eef7f1;border:1px solid #cfe5d6;border-radius:999px;padding:9px 18px;margin:0 0 20px;font-family:'JetBrains Mono',monospace;font-size:12px;letter-spacing:.4px;color:#2c4a38;}\n.csr-ib-badge strong{color:#155c39;font-weight:500;}\n.csr-ib-badge .csr-ib-dot{width:8px;height:8px;border-radius:50%;background:#1f7a4d;flex:0 0 auto;animation:csribpulse 2s infinite;}\n@keyframes csribpulse{0%,100%{opacity:1}50%{opacity:.35}}\n.csr-ib-brief{background:#0f1310;border-left:5px solid #5ed68f;border-radius:0 10px 10px 0;padding:24px 28px;margin:0 0 30px;box-shadow:0 1px 2px rgba(10,16,12,.06),0 16px 34px -20px rgba(10,16,12,.5);}\n.csr-ib-brief .csr-ib-kicker{color:#5ed68f;}\n.csr-ib-ans{font-size:18px;line-height:1.62;color:#eef4ee;font-weight:500;margin:10px 0 16px;}\n.csr-ib-blist{margin:0;padding:0;list-style:none;display:grid;gap:9px;}\n.csr-ib-blist li{display:flex;gap:11px;align-items:flex-start;font-size:14.5px;line-height:1.5;color:#cdd6cd;}\n.csr-ib-blist li span{flex:0 0 auto;color:#5ed68f;font-weight:700;}\n.csr-ib-grid{display:grid;grid-template-columns:repeat(auto-fit,minmax(230px,1fr));gap:16px;margin:28px 0;}\n.csr-ib-card{background:#fff;border:1px solid #e2e7e0;border-top:3px solid #1f7a4d;border-radius:8px;padding:20px 20px 18px;transition:.25s ease;}\n.csr-ib-card:hover{transform:translateY(-3px);box-shadow:0 1px 2px rgba(16,24,20,.05),0 14px 30px -16px rgba(16,24,20,.28);}\n.csr-ib-card .csr-ib-num{font-family:'JetBrains Mono',monospace;font-size:13px;font-weight:500;color:#1f7a4d;}\n.csr-ib-card h3{margin:8px 0 6px;font-size:17px;}\n.csr-ib-card .csr-ib-txt{font-size:14px;line-height:1.55;color:#48504a;}\n.csr-ib-note{background:#eef7f1;border-left:4px solid #1f7a4d;border-radius:0 6px 6px 0;padding:15px 20px;margin:22px 0;}\n.csr-ib-note strong{display:inline-block;font-family:'JetBrains Mono',monospace;color:#155c39;font-size:12px;text-transform:uppercase;letter-spacing:1.6px;margin-right:8px;}\n.csr-ib-note span{font-size:15px;line-height:1.58;color:#2c322c;}\n.csr-ib-table{margin:28px 0;overflow-x:auto;border:1px solid #e2e7e0;border-radius:8px;}\n.csr-ib-table table{width:100%;border-collapse:collapse;font-size:14.5px;color:#26271f;min-width:520px;}\n.csr-ib-table th{background:#10110f;color:#eef4ee;text-align:left;padding:13px 17px;font-family:'JetBrains Mono',monospace;font-size:11px;font-weight:500;text-transform:uppercase;letter-spacing:1.4px;}\n.csr-ib-table td{padding:13px 17px;border-bottom:1px solid #eef2ec;}\n.csr-ib-table tr:nth-child(even) td{background:#f8faf7;}\n.csr-ib-table td:first-child{font-weight:600;color:#15170f;}\n.csr-ib-video{position:relative;padding-bottom:56.25%;height:0;margin:26px 0;border-radius:10px;overflow:hidden;background:#0f1310;box-shadow:0 16px 34px -20px rgba(10,16,12,.5);}\n.csr-ib-video iframe{position:absolute;inset:0;width:100%;height:100%;border:0;}\n.csr-ib-cap{font-size:13px;color:#6a7168;margin:-16px 0 26px;}\n.csr-ib-retenir{background:#f7faf6;border:1px solid #dfe7dc;border-radius:10px;padding:24px 26px 26px;margin:40px 0;}\n.csr-ib-rgrid{display:grid;grid-template-columns:repeat(auto-fit,minmax(245px,1fr));gap:10px;}\n.csr-ib-ritem{display:flex;gap:12px;background:#fff;border:1px solid #e7ece4;border-radius:7px;padding:13px 15px;align-items:flex-start;}\n.csr-ib-ritem .csr-ib-rn{flex:0 0 26px;width:26px;height:26px;background:#1f7a4d;color:#fff;border-radius:50%;display:inline-flex;align-items:center;justify-content:center;font-family:'JetBrains Mono',monospace;font-size:12px;font-weight:500;}\n.csr-ib-ritem .csr-ib-rt{font-size:14px;line-height:1.5;color:#2a2e26;}\n.csr-ib-faq{margin:36px 0 10px;}\n.csr-ib-faq .csr-ib-fd{border-bottom:1px solid #dfe4db;}\n.csr-ib-faq summary{cursor:pointer;padding:17px 0;font-family:'Space Grotesk',sans-serif;font-size:17px;font-weight:600;color:#10110f;list-style:none;display:flex;justify-content:space-between;align-items:center;gap:14px;}\n.csr-ib-faq summary::-webkit-details-marker{display:none;}\n.csr-ib-faq summary .csr-ib-pl{font-size:22px;font-weight:300;color:#1f7a4d;line-height:1;transition:.25s ease;}\n.csr-ib-faq details[open] summary .csr-ib-pl{transform:rotate(45deg);}\n.csr-ib-faq .csr-ib-fa{padding:0 0 18px;font-size:15.5px;line-height:1.7;color:#454b44;}\n\/*RENDERFIX2*\/.csr-ib-brief{color:#eef3f9!important}.csr-ib-brief p,.csr-ib-brief li,.csr-ib-brief strong,.csr-ib-brief em,.csr-ib-brief a,.csr-ib-brief span,.csr-ib-brief b,.csr-ib-brief td,.csr-ib-brief th,.csr-ib-brief h2,.csr-ib-brief h3,.csr-ib-brief h4{color:#eef3f9!important}.csr-ib-brief strong,.csr-ib-brief b{color:#ffffff!important}.csr-ib-brief a{text-decoration:underline}.csr-ib-table th{color:#eef3f9!important}.csr-ib-table th strong,.csr-ib-table th b{color:#ffffff!important}.csr-ib-ritem .csr-ib-rn{color:#eef3f9!important}\n<\/style>\n<div class=\"csr-ib-wrap\">\n<div class=\"csr-ib-lead\"><strong>The Witcher comptera 5 saisons au total sur Netflix, la saison 5 \u00e9tant annonc\u00e9e comme la derni\u00e8re, et Liam Hemsworth a remplac\u00e9 Henry Cavill en Geralt de Riv d\u00e8s la saison 4.<\/strong> Quatre saisons sont d\u00e9j\u00e0 disponibles ; la cinqui\u00e8me, d\u00e9j\u00e0 tourn\u00e9e, refermera la saga.<\/div>\n<div class=\"csr-ib-brief\">\n<div class=\"csr-ib-kicker\">En bref<\/div>\n<div class=\"csr-ib-ans\">Netflix a command\u00e9 <strong>5 saisons<\/strong> pour adapter l&rsquo;int\u00e9gralit\u00e9 de la saga d&rsquo;Andrzej Sapkowski. La <strong>saison 4<\/strong> est sortie le 30 octobre 2025 avec <strong>Liam Hemsworth<\/strong> dans le r\u00f4le de Geralt, et la <strong>saison 5<\/strong> \u2014 d\u00e9j\u00e0 tourn\u00e9e dos \u00e0 dos avec la pr\u00e9c\u00e9dente \u2014 sera la conclusion de la s\u00e9rie.<\/div>\n<ul class=\"csr-ib-blist\">\n<li><span>\u25b8<\/span> 5 saisons au total, la saison 5 est officiellement la derni\u00e8re<\/li>\n<li><span>\u25b8<\/span> Liam Hemsworth reprend Geralt \u00e0 partir de la saison 4 (Henry Cavill part apr\u00e8s la saison 3)<\/li>\n<li><span>\u25b8<\/span> Saisons 4 et 5 tourn\u00e9es dos \u00e0 dos, adaptant les trois derniers romans<\/li>\n<\/ul>\n<\/div>\n<h2>Combien de saisons pour The Witcher ?<\/h2>\n<p><strong>The Witcher<\/strong> s&rsquo;arr\u00eatera \u00e0 cinq saisons. Adapt\u00e9e de la saga d&rsquo;Andrzej Sapkowski, la s\u00e9rie est arriv\u00e9e en 2019 avec Henry Cavill en t\u00eate d&rsquo;affiche avant de devenir la grosse licence fantasy de Netflix. Les saisons 4 et 5 couvrent les trois derniers romans \u2014 <em>Le Bapt\u00eame du feu<\/em>, <em>La Tour de l&rsquo;hirondelle<\/em> et <em>La Dame du lac<\/em> \u2014 pour refermer proprement l&rsquo;arc Geralt-Ciri-Yennefer. Notre <a href=\"https:\/\/culture-series.fr\/blog\/guides-de-visionnage\/the-witcher-saison-5\/\">fiche The Witcher saison 5<\/a> d\u00e9taille cette conclusion.<\/p>\n<div class=\"csr-ib-table\">\n<table>\n<tr>\n<th>Saison<\/th>\n<th>Ann\u00e9e<\/th>\n<th>Statut<\/th>\n<\/tr>\n<tr>\n<td>Saison 1<\/td>\n<td>D\u00e9cembre 2019<\/td>\n<td>Sortie (8 \u00e9pisodes)<\/td>\n<\/tr>\n<tr>\n<td>Saison 2<\/td>\n<td>D\u00e9cembre 2021<\/td>\n<td>Sortie (8 \u00e9pisodes)<\/td>\n<\/tr>\n<tr>\n<td>Saison 3<\/td>\n<td>\u00c9t\u00e9 2023<\/td>\n<td>Sortie (8 \u00e9pisodes, 2 volumes)<\/td>\n<\/tr>\n<tr>\n<td>Saison 4<\/td>\n<td>30 octobre 2025<\/td>\n<td>Sortie (8 \u00e9pisodes, Liam Hemsworth)<\/td>\n<\/tr>\n<tr>\n<td>Saison 5<\/td>\n<td>Attendue 2026<\/td>\n<td>D\u00e9j\u00e0 tourn\u00e9e, derni\u00e8re saison<\/td>\n<\/tr>\n<\/table>\n<\/div>\n<h2>Pourquoi Henry Cavill est parti<\/h2>\n<p>Henry Cavill a laiss\u00e9 une vraie empreinte : pr\u00e9sence physique, voix grave, retenue quasi min\u00e9rale, et surtout une sinc\u00e9rit\u00e9 per\u00e7ue par le public \u2014 lecteur des romans, proche de la communaut\u00e9 des jeux vid\u00e9o. Son d\u00e9part, annonc\u00e9 en 2022 apr\u00e8s la saison 3, a provoqu\u00e9 col\u00e8re et d\u00e9ception, jusqu&rsquo;aux appels au boycott sur certaines communaut\u00e9s de fans. Les raisons exactes n&rsquo;ont jamais \u00e9t\u00e9 d\u00e9taill\u00e9es officiellement, mais des divergences sur la direction cr\u00e9ative de la s\u00e9rie et le respect du mat\u00e9riau d&rsquo;origine ont largement \u00e9t\u00e9 \u00e9voqu\u00e9es. Sa stature reste d&rsquo;ailleurs l&rsquo;un des sujets les plus recherch\u00e9s autour de l&rsquo;acteur, comme le rappelle sa <a href=\"https:\/\/starstory.fr\/blog\/celebrites-et-influence-en-france\/taille-des-stars\/quelle-taille-fait-henry-cavill\/\">fiche taille<\/a>.<\/p>\n<h2>Faut-il continuer sans Cavill ?<\/h2>\n<p><strong>Liam Hemsworth<\/strong> arrive avec un profil diff\u00e9rent : plus jeune, connu surtout pour <em>Hunger Games<\/em>. Son enjeu n&rsquo;est pas d&rsquo;imiter Cavill mais d&rsquo;imposer un autre Geralt, cr\u00e9dible \u00e0 sa mani\u00e8re \u2014 un pari que sa <a href=\"https:\/\/starstory.fr\/blog\/celebrites-et-influence-en-france\/taille-des-stars\/quelle-taille-fait-liam-hemsworth\/\">fiche taille<\/a> montre comparable physiquement \u00e0 son pr\u00e9d\u00e9cesseur. La saison 4 repositionne Geralt, Yennefer et Ciri dans une intrigue de guerre et de s\u00e9paration, avec un ton plus sombre tourn\u00e9 vers les derniers livres. Faut-il continuer ? Cela d\u00e9pend de votre attachement :<\/p>\n<ul>\n<li><strong>Fan de Cavill avant tout<\/strong> \u2014 le d\u00e9crochage est compr\u00e9hensible : vous risquez de regarder en voyant surtout ce qui manque.<\/li>\n<li><strong>Amateur de l&rsquo;univers<\/strong> (magie, politique des royaumes, monstres) \u2014 il y a de quoi tenir, d&rsquo;autant que Ciri prend une place plus centrale.<\/li>\n<li><strong>Spectateur occasionnel<\/strong> \u2014 la saison 4 sert de test honn\u00eate avant la conclusion en saison 5.<\/li>\n<\/ul>\n<div class=\"csr-ib-note\"><strong>\u00c0 noter<\/strong> <span>Les saisons 4 et 5 ayant \u00e9t\u00e9 tourn\u00e9es dos \u00e0 dos, le changement d&rsquo;acteur est verrouill\u00e9 jusqu&rsquo;\u00e0 la fin : Liam Hemsworth portera Geralt sur les deux derniers chapitres, sans nouvelle transition \u00e0 pr\u00e9voir.<\/span><\/div>\n<h2>Quand voir la saison 5 ?<\/h2>\n<p>La saison 5 a termin\u00e9 son tournage et est annonc\u00e9e comme le point final de la s\u00e9rie, avec une sortie attendue courant 2026. Pour ne pas rater sa date de diffusion, suivez notre <a href=\"https:\/\/culture-series.fr\/blog\/guides-de-visionnage\/calendrier-series-2026-2027\/\">calendrier des s\u00e9ries 2026-2027<\/a>, mis \u00e0 jour \u00e0 chaque annonce de Netflix.<\/p>\n<div class=\"csr-ib-retenir\">\n<div class=\"csr-ib-rgrid\">\n<div class=\"csr-ib-ritem\"><span class=\"csr-ib-rn\">1<\/span><span class=\"csr-ib-rt\">5 saisons au total, la saison 5 est la derni\u00e8re et adapte la fin de la saga<\/span><\/div>\n<div class=\"csr-ib-ritem\"><span class=\"csr-ib-rn\">2<\/span><span class=\"csr-ib-rt\">Liam Hemsworth remplace Henry Cavill en Geralt d\u00e8s la saison 4 (30 octobre 2025)<\/span><\/div>\n<div class=\"csr-ib-ritem\"><span class=\"csr-ib-rn\">3<\/span><span class=\"csr-ib-rt\">Saisons 4 et 5 tourn\u00e9es dos \u00e0 dos : la saison 5 est d\u00e9j\u00e0 boucl\u00e9e, sortie attendue en 2026<\/span><\/div>\n<\/div>\n<\/div>\n<div class=\"csr-ib-faq\">\n<details class=\"csr-ib-fd\">\n<summary>Combien de saisons compte The Witcher au total ?<span class=\"csr-ib-pl\">+<\/span><\/summary>\n<div class=\"csr-ib-fa\">The Witcher comptera 5 saisons au total sur Netflix. La saison 5 est annonc\u00e9e comme la derni\u00e8re et vient refermer l&rsquo;adaptation de la saga d&rsquo;Andrzej Sapkowski.<\/div>\n<\/details>\n<details class=\"csr-ib-fd\">\n<summary>Qui remplace Henry Cavill en Geralt ?<span class=\"csr-ib-pl\">+<\/span><\/summary>\n<div class=\"csr-ib-fa\">Liam Hemsworth reprend le r\u00f4le de Geralt de Riv \u00e0 partir de la saison 4, sortie le 30 octobre 2025. Henry Cavill avait tenu le r\u00f4le sur les trois premi\u00e8res saisons.<\/div>\n<\/details>\n<details class=\"csr-ib-fd\">\n<summary>Faut-il continuer The Witcher sans Cavill ?<span class=\"csr-ib-pl\">+<\/span><\/summary>\n<div class=\"csr-ib-fa\">Si vous aimez surtout l&rsquo;univers, la magie et la place croissante de Ciri, la s\u00e9rie garde du potentiel. Si Henry Cavill \u00e9tait votre seul moteur, la comparaison risque de peser. La saison 4 fait office de test avant la conclusion en saison 5.<\/div>\n<\/details>\n<\/div>\n<p><script type=\"application\/ld+json\">{\"@context\":\"https:\/\/schema.org\",\"@type\":\"FAQPage\",\"mainEntity\":[{\"@type\":\"Question\",\"name\":\"Combien de saisons compte The Witcher au total ?\",\"acceptedAnswer\":{\"@type\":\"Answer\",\"text\":\"The Witcher comptera 5 saisons au total sur Netflix. La saison 5 est annonc\u00e9e comme la derni\u00e8re et vient refermer l'adaptation de la saga d'Andrzej Sapkowski.\"}},{\"@type\":\"Question\",\"name\":\"Qui remplace Henry Cavill en Geralt ?\",\"acceptedAnswer\":{\"@type\":\"Answer\",\"text\":\"Liam Hemsworth reprend le r\u00f4le de Geralt de Riv \u00e0 partir de la saison 4, sortie le 30 octobre 2025. Henry Cavill avait tenu le r\u00f4le sur les trois premi\u00e8res saisons.\"}},{\"@type\":\"Question\",\"name\":\"Faut-il continuer The Witcher sans Cavill ?\",\"acceptedAnswer\":{\"@type\":\"Answer\",\"text\":\"Si vous aimez surtout l'univers, la magie et la place croissante de Ciri, la s\u00e9rie garde du potentiel. Si Henry Cavill \u00e9tait votre seul moteur, la comparaison risque de peser. La saison 4 fait office de test avant la conclusion en saison 5.\"}}]}<\/script>\n<\/div>\n","protected":false},"excerpt":{"rendered":"","protected":false},"author":40,"featured_media":999999999,"comment_status":"closed","ping_status":"open","sticky":false,"template":"","format":"standard","meta":{"_acf_changed":false,"manual_indexmenow":false,"indexmenow_id_project":0,"footnotes":""},"categories":[4522],"tags":[],"class_list":["post-8171","post","type-post","status-publish","format-standard","has-post-thumbnail","hentry","category-guides-de-visionnage","generate-columns","tablet-grid-50","mobile-grid-100","grid-parent","grid-25"],"acf":[],"yoast_head":"<!-- This site is optimized with the Yoast SEO Premium plugin v21.3 (Yoast SEO v25.6) - https:\/\/yoast.com\/wordpress\/plugins\/seo\/ -->\n<title>The Witcher : combien de saisons, faut-il continuer ?<\/title>\n<meta name=\"description\" content=\"The Witcher compte 5 saisons, la saison 5 sera la derni\u00e8re. Liam Hemsworth remplace Henry Cavill d\u00e8s la saison 4 : faut-il continuer ? Tableau et r\u00e9ponses.\" \/>\n<meta name=\"robots\" content=\"index, follow, max-snippet:-1, max-image-preview:large, max-video-preview:-1\" \/>\n<link rel=\"canonical\" href=\"https:\/\/culture-series.fr\/blog\/guides-de-visionnage\/the-witcher-combien-de-saisons-sans-cavill\/\" \/>\n<meta property=\"og:locale\" content=\"fr_FR\" \/>\n<meta property=\"og:type\" content=\"article\" \/>\n<meta property=\"og:title\" content=\"The Witcher : combien de saisons, faut-il continuer ?\" \/>\n<meta property=\"og:description\" content=\"The Witcher compte 5 saisons, la saison 5 sera la derni\u00e8re. Liam Hemsworth remplace Henry Cavill d\u00e8s la saison 4 : faut-il continuer ? Tableau et r\u00e9ponses.\" \/>\n<meta property=\"og:url\" content=\"https:\/\/culture-series.fr\/blog\/guides-de-visionnage\/the-witcher-combien-de-saisons-sans-cavill\/\" \/>\n<meta property=\"og:site_name\" content=\"culture-series\" \/>\n<meta property=\"og:image\" content=\"https:\/\/images.pexels.com\/photos\/8422953\/pexels-photo-8422953.jpeg?auto=compress&cs=tinysrgb&fit=crop&h=627&w=1200\" \/>\n<meta name=\"author\" content=\"Marc Dubois\" \/>\n<meta name=\"twitter:card\" content=\"summary_large_image\" \/>\n<meta name=\"twitter:image\" content=\"https:\/\/images.pexels.com\/photos\/8422953\/pexels-photo-8422953.jpeg?auto=compress&cs=tinysrgb&fit=crop&h=627&w=1200\" \/>\n<script type=\"application\/ld+json\" class=\"yoast-schema-graph\">{\"@context\":\"https:\/\/schema.org\",\"@graph\":[{\"@type\":\"NewsArticle\",\"@id\":\"https:\/\/culture-series.fr\/blog\/guides-de-visionnage\/the-witcher-combien-de-saisons-sans-cavill\/#article\",\"isPartOf\":{\"@id\":\"https:\/\/culture-series.fr\/blog\/guides-de-visionnage\/the-witcher-combien-de-saisons-sans-cavill\/\"},\"author\":{\"name\":\"Marc Dubois\",\"@id\":\"https:\/\/culture-series.fr\/blog\/#\/schema\/person\/a75898758abdcdf03730c199a993cd6e\"},\"headline\":\"Combien de saisons pour The Witcher et faut-il continuer sans Cavill\",\"datePublished\":\"2026-07-12T14:20:00+00:00\",\"mainEntityOfPage\":{\"@id\":\"https:\/\/culture-series.fr\/blog\/guides-de-visionnage\/the-witcher-combien-de-saisons-sans-cavill\/\"},\"wordCount\":783,\"publisher\":{\"@id\":\"https:\/\/culture-series.fr\/blog\/#organization\"},\"image\":{\"@id\":\"https:\/\/culture-series.fr\/blog\/guides-de-visionnage\/the-witcher-combien-de-saisons-sans-cavill\/#primaryimage\"},\"thumbnailUrl\":\"https:\/\/images.pexels.com\/photos\/8422953\/pexels-photo-8422953.jpeg?auto=compress&cs=tinysrgb&fit=crop&h=627&w=1200\",\"articleSection\":[\"Guides de Visionnage\"],\"inLanguage\":\"fr-FR\"},{\"@type\":\"WebPage\",\"@id\":\"https:\/\/culture-series.fr\/blog\/guides-de-visionnage\/the-witcher-combien-de-saisons-sans-cavill\/\",\"url\":\"https:\/\/culture-series.fr\/blog\/guides-de-visionnage\/the-witcher-combien-de-saisons-sans-cavill\/\",\"name\":\"The Witcher : combien de saisons, faut-il continuer ?\",\"isPartOf\":{\"@id\":\"https:\/\/culture-series.fr\/blog\/#website\"},\"primaryImageOfPage\":{\"@id\":\"https:\/\/culture-series.fr\/blog\/guides-de-visionnage\/the-witcher-combien-de-saisons-sans-cavill\/#primaryimage\"},\"image\":{\"@id\":\"https:\/\/culture-series.fr\/blog\/guides-de-visionnage\/the-witcher-combien-de-saisons-sans-cavill\/#primaryimage\"},\"thumbnailUrl\":\"https:\/\/images.pexels.com\/photos\/8422953\/pexels-photo-8422953.jpeg?auto=compress&cs=tinysrgb&fit=crop&h=627&w=1200\",\"datePublished\":\"2026-07-12T14:20:00+00:00\",\"description\":\"The Witcher compte 5 saisons, la saison 5 sera la derni\u00e8re. Liam Hemsworth remplace Henry Cavill d\u00e8s la saison 4 : faut-il continuer ? Tableau et r\u00e9ponses.\",\"inLanguage\":\"fr-FR\",\"potentialAction\":[{\"@type\":\"ReadAction\",\"target\":[\"https:\/\/culture-series.fr\/blog\/guides-de-visionnage\/the-witcher-combien-de-saisons-sans-cavill\/\"]}]},{\"@type\":\"ImageObject\",\"inLanguage\":\"fr-FR\",\"@id\":\"https:\/\/culture-series.fr\/blog\/guides-de-visionnage\/the-witcher-combien-de-saisons-sans-cavill\/#primaryimage\",\"url\":\"https:\/\/images.pexels.com\/photos\/8422953\/pexels-photo-8422953.jpeg?auto=compress&cs=tinysrgb&fit=crop&h=627&w=1200\",\"contentUrl\":\"https:\/\/images.pexels.com\/photos\/8422953\/pexels-photo-8422953.jpeg?auto=compress&cs=tinysrgb&fit=crop&h=627&w=1200\"},{\"@type\":\"WebSite\",\"@id\":\"https:\/\/culture-series.fr\/blog\/#website\",\"url\":\"https:\/\/culture-series.fr\/blog\/\",\"name\":\"culture-series.Fr\",\"description\":\"Culture &amp; Series, l&#039;univers des s\u00e9ries en profondeur\",\"publisher\":{\"@id\":\"https:\/\/culture-series.fr\/blog\/#organization\"},\"alternateName\":\"Culture & Series, l'univers des s\u00e9ries en profondeur\",\"potentialAction\":[{\"@type\":\"SearchAction\",\"target\":{\"@type\":\"EntryPoint\",\"urlTemplate\":\"https:\/\/culture-series.fr\/blog\/?s={search_term_string}\"},\"query-input\":{\"@type\":\"PropertyValueSpecification\",\"valueRequired\":true,\"valueName\":\"search_term_string\"}}],\"inLanguage\":\"fr-FR\"},{\"@type\":\"Organization\",\"@id\":\"https:\/\/culture-series.fr\/blog\/#organization\",\"name\":\"Foretsensations.fr\",\"url\":\"https:\/\/culture-series.fr\/blog\/\",\"logo\":{\"@type\":\"ImageObject\",\"inLanguage\":\"fr-FR\",\"@id\":\"https:\/\/culture-series.fr\/blog\/#\/schema\/logo\/image\/\",\"url\":\"https:\/\/culture-series.fr\/blog\/wp-content\/uploads\/2024\/12\/27.png\",\"contentUrl\":\"https:\/\/culture-series.fr\/blog\/wp-content\/uploads\/2024\/12\/27.png\",\"width\":500,\"height\":500,\"caption\":\"Foretsensations.fr\"},\"image\":{\"@id\":\"https:\/\/culture-series.fr\/blog\/#\/schema\/logo\/image\/\"}},{\"@type\":\"Person\",\"@id\":\"https:\/\/culture-series.fr\/blog\/#\/schema\/person\/a75898758abdcdf03730c199a993cd6e\",\"name\":\"Marc Dubois\",\"image\":{\"@type\":\"ImageObject\",\"inLanguage\":\"fr-FR\",\"@id\":\"https:\/\/culture-series.fr\/blog\/#\/schema\/person\/image\/\",\"url\":\"https:\/\/secure.gravatar.com\/avatar\/?s=96&d=mm&r=g\",\"contentUrl\":\"https:\/\/secure.gravatar.com\/avatar\/?s=96&d=mm&r=g\",\"caption\":\"Marc Dubois\"},\"description\":\"Marc Dubois est journaliste sp\u00e9cialis\u00e9 dans l'industrie t\u00e9l\u00e9visuelle. Avec une exp\u00e9rience de plus de 10 ans, il couvre les derni\u00e8res tendances, les nouvelles sorties et interviewe les cr\u00e9ateurs et acteurs pour fournir des contenus exclusifs \u00e0 ses lecteurs.\",\"url\":\"https:\/\/culture-series.fr\/blog\/auteur\/marc-dubois\/\"}]}<\/script>\n<!-- \/ Yoast SEO Premium plugin. -->","yoast_head_json":{"title":"The Witcher : combien de saisons, faut-il continuer ?","description":"The Witcher compte 5 saisons, la saison 5 sera la derni\u00e8re. Liam Hemsworth remplace Henry Cavill d\u00e8s la saison 4 : faut-il continuer ? Tableau et r\u00e9ponses.","robots":{"index":"index","follow":"follow","max-snippet":"max-snippet:-1","max-image-preview":"max-image-preview:large","max-video-preview":"max-video-preview:-1"},"canonical":"https:\/\/culture-series.fr\/blog\/guides-de-visionnage\/the-witcher-combien-de-saisons-sans-cavill\/","og_locale":"fr_FR","og_type":"article","og_title":"The Witcher : combien de saisons, faut-il continuer ?","og_description":"The Witcher compte 5 saisons, la saison 5 sera la derni\u00e8re. Liam Hemsworth remplace Henry Cavill d\u00e8s la saison 4 : faut-il continuer ? Tableau et r\u00e9ponses.","og_url":"https:\/\/culture-series.fr\/blog\/guides-de-visionnage\/the-witcher-combien-de-saisons-sans-cavill\/","og_site_name":"culture-series","og_image":[{"url":"https:\/\/images.pexels.com\/photos\/8422953\/pexels-photo-8422953.jpeg?auto=compress&cs=tinysrgb&fit=crop&h=627&w=1200","type":"","width":"","height":""}],"author":"Marc Dubois","twitter_card":"summary_large_image","twitter_image":"https:\/\/images.pexels.com\/photos\/8422953\/pexels-photo-8422953.jpeg?auto=compress&cs=tinysrgb&fit=crop&h=627&w=1200","schema":{"@context":"https:\/\/schema.org","@graph":[{"@type":"NewsArticle","@id":"https:\/\/culture-series.fr\/blog\/guides-de-visionnage\/the-witcher-combien-de-saisons-sans-cavill\/#article","isPartOf":{"@id":"https:\/\/culture-series.fr\/blog\/guides-de-visionnage\/the-witcher-combien-de-saisons-sans-cavill\/"},"author":{"name":"Marc Dubois","@id":"https:\/\/culture-series.fr\/blog\/#\/schema\/person\/a75898758abdcdf03730c199a993cd6e"},"headline":"Combien de saisons pour The Witcher et faut-il continuer sans Cavill","datePublished":"2026-07-12T14:20:00+00:00","mainEntityOfPage":{"@id":"https:\/\/culture-series.fr\/blog\/guides-de-visionnage\/the-witcher-combien-de-saisons-sans-cavill\/"},"wordCount":783,"publisher":{"@id":"https:\/\/culture-series.fr\/blog\/#organization"},"image":{"@id":"https:\/\/culture-series.fr\/blog\/guides-de-visionnage\/the-witcher-combien-de-saisons-sans-cavill\/#primaryimage"},"thumbnailUrl":"https:\/\/images.pexels.com\/photos\/8422953\/pexels-photo-8422953.jpeg?auto=compress&cs=tinysrgb&fit=crop&h=627&w=1200","articleSection":["Guides de Visionnage"],"inLanguage":"fr-FR"},{"@type":"WebPage","@id":"https:\/\/culture-series.fr\/blog\/guides-de-visionnage\/the-witcher-combien-de-saisons-sans-cavill\/","url":"https:\/\/culture-series.fr\/blog\/guides-de-visionnage\/the-witcher-combien-de-saisons-sans-cavill\/","name":"The Witcher : combien de saisons, faut-il continuer ?","isPartOf":{"@id":"https:\/\/culture-series.fr\/blog\/#website"},"primaryImageOfPage":{"@id":"https:\/\/culture-series.fr\/blog\/guides-de-visionnage\/the-witcher-combien-de-saisons-sans-cavill\/#primaryimage"},"image":{"@id":"https:\/\/culture-series.fr\/blog\/guides-de-visionnage\/the-witcher-combien-de-saisons-sans-cavill\/#primaryimage"},"thumbnailUrl":"https:\/\/images.pexels.com\/photos\/8422953\/pexels-photo-8422953.jpeg?auto=compress&cs=tinysrgb&fit=crop&h=627&w=1200","datePublished":"2026-07-12T14:20:00+00:00","description":"The Witcher compte 5 saisons, la saison 5 sera la derni\u00e8re. Liam Hemsworth remplace Henry Cavill d\u00e8s la saison 4 : faut-il continuer ? Tableau et r\u00e9ponses.","inLanguage":"fr-FR","potentialAction":[{"@type":"ReadAction","target":["https:\/\/culture-series.fr\/blog\/guides-de-visionnage\/the-witcher-combien-de-saisons-sans-cavill\/"]}]},{"@type":"ImageObject","inLanguage":"fr-FR","@id":"https:\/\/culture-series.fr\/blog\/guides-de-visionnage\/the-witcher-combien-de-saisons-sans-cavill\/#primaryimage","url":"https:\/\/images.pexels.com\/photos\/8422953\/pexels-photo-8422953.jpeg?auto=compress&cs=tinysrgb&fit=crop&h=627&w=1200","contentUrl":"https:\/\/images.pexels.com\/photos\/8422953\/pexels-photo-8422953.jpeg?auto=compress&cs=tinysrgb&fit=crop&h=627&w=1200"},{"@type":"WebSite","@id":"https:\/\/culture-series.fr\/blog\/#website","url":"https:\/\/culture-series.fr\/blog\/","name":"culture-series.Fr","description":"Culture &amp; Series, l&#039;univers des s\u00e9ries en profondeur","publisher":{"@id":"https:\/\/culture-series.fr\/blog\/#organization"},"alternateName":"Culture & Series, l'univers des s\u00e9ries en profondeur","potentialAction":[{"@type":"SearchAction","target":{"@type":"EntryPoint","urlTemplate":"https:\/\/culture-series.fr\/blog\/?s={search_term_string}"},"query-input":{"@type":"PropertyValueSpecification","valueRequired":true,"valueName":"search_term_string"}}],"inLanguage":"fr-FR"},{"@type":"Organization","@id":"https:\/\/culture-series.fr\/blog\/#organization","name":"Foretsensations.fr","url":"https:\/\/culture-series.fr\/blog\/","logo":{"@type":"ImageObject","inLanguage":"fr-FR","@id":"https:\/\/culture-series.fr\/blog\/#\/schema\/logo\/image\/","url":"https:\/\/culture-series.fr\/blog\/wp-content\/uploads\/2024\/12\/27.png","contentUrl":"https:\/\/culture-series.fr\/blog\/wp-content\/uploads\/2024\/12\/27.png","width":500,"height":500,"caption":"Foretsensations.fr"},"image":{"@id":"https:\/\/culture-series.fr\/blog\/#\/schema\/logo\/image\/"}},{"@type":"Person","@id":"https:\/\/culture-series.fr\/blog\/#\/schema\/person\/a75898758abdcdf03730c199a993cd6e","name":"Marc Dubois","image":{"@type":"ImageObject","inLanguage":"fr-FR","@id":"https:\/\/culture-series.fr\/blog\/#\/schema\/person\/image\/","url":"https:\/\/secure.gravatar.com\/avatar\/?s=96&d=mm&r=g","contentUrl":"https:\/\/secure.gravatar.com\/avatar\/?s=96&d=mm&r=g","caption":"Marc Dubois"},"description":"Marc Dubois est journaliste sp\u00e9cialis\u00e9 dans l'industrie t\u00e9l\u00e9visuelle. Avec une exp\u00e9rience de plus de 10 ans, il couvre les derni\u00e8res tendances, les nouvelles sorties et interviewe les cr\u00e9ateurs et acteurs pour fournir des contenus exclusifs \u00e0 ses lecteurs.","url":"https:\/\/culture-series.fr\/blog\/auteur\/marc-dubois\/"}]}},"_links":{"self":[{"href":"https:\/\/culture-series.fr\/blog\/wp-json\/wp\/v2\/posts\/8171","targetHints":{"allow":["GET"]}}],"collection":[{"href":"https:\/\/culture-series.fr\/blog\/wp-json\/wp\/v2\/posts"}],"about":[{"href":"https:\/\/culture-series.fr\/blog\/wp-json\/wp\/v2\/types\/post"}],"author":[{"embeddable":true,"href":"https:\/\/culture-series.fr\/blog\/wp-json\/wp\/v2\/users\/40"}],"replies":[{"embeddable":true,"href":"https:\/\/culture-series.fr\/blog\/wp-json\/wp\/v2\/comments?post=8171"}],"version-history":[{"count":0,"href":"https:\/\/culture-series.fr\/blog\/wp-json\/wp\/v2\/posts\/8171\/revisions"}],"wp:attachment":[{"href":"https:\/\/culture-series.fr\/blog\/wp-json\/wp\/v2\/media?parent=8171"}],"wp:term":[{"taxonomy":"category","embeddable":true,"href":"https:\/\/culture-series.fr\/blog\/wp-json\/wp\/v2\/categories?post=8171"},{"taxonomy":"post_tag","embeddable":true,"href":"https:\/\/culture-series.fr\/blog\/wp-json\/wp\/v2\/tags?post=8171"}],"curies":[{"name":"wp","href":"https:\/\/api.w.org\/{rel}","templated":true}]}}