{"id":8170,"date":"2026-07-12T16:00:00","date_gmt":"2026-07-12T14:00:00","guid":{"rendered":"https:\/\/culture-series.fr\/blog\/guides-de-visionnage\/one-piece-saison-2-netflix-date-casting\/"},"modified":"2026-07-12T16:00:00","modified_gmt":"2026-07-12T14:00:00","slug":"one-piece-saison-2-netflix-date-casting","status":"publish","type":"post","link":"https:\/\/culture-series.fr\/blog\/guides-de-visionnage\/one-piece-saison-2-netflix-date-casting\/","title":{"rendered":"One Piece saison 2 Netflix : date, casting et arc adapt\u00e9"},"content":{"rendered":"<link rel=\"stylesheet\" href=\"https:\/\/fonts.googleapis.com\/css2?family=Space+Grotesk:wght@500;600;700&#038;family=Inter:wght@400;500;600&#038;family=JetBrains+Mono:wght@500&#038;display=swap\">\n<style>\n.csr-ib-wrap{font-family:'Inter',-apple-system,BlinkMacSystemFont,sans-serif;color:#1b1c19;line-height:1.65;}\n.csr-ib-wrap p{font-size:17px;line-height:1.68;color:#26271f;}\n.csr-ib-wrap h2{font-family:'Space Grotesk','Inter',sans-serif;font-size:clamp(24px,3.2vw,33px);font-weight:700;letter-spacing:-0.02em;color:#10110f;margin:50px 0 14px;line-height:1.18;}\n.csr-ib-wrap h3{font-family:'Space Grotesk','Inter',sans-serif;font-size:20px;font-weight:600;letter-spacing:-0.01em;color:#15170f;margin:26px 0 8px;}\n.csr-ib-lead{font-family:'Inter',sans-serif;font-size:19px;line-height:1.58;color:#2a2c24;font-weight:500;margin:6px 0 26px;}\n.csr-ib-kicker{font-family:'JetBrains Mono',monospace;font-size:12px;font-weight:500;text-transform:uppercase;letter-spacing:2.4px;color:#1f7a4d;}\n.csr-ib-badge{display:inline-flex;flex-wrap:wrap;align-items:center;gap:8px;background:#eef7f1;border:1px solid #cfe5d6;border-radius:999px;padding:9px 18px;margin:0 0 20px;font-family:'JetBrains Mono',monospace;font-size:12px;letter-spacing:.4px;color:#2c4a38;}\n.csr-ib-badge strong{color:#155c39;font-weight:500;}\n.csr-ib-badge .csr-ib-dot{width:8px;height:8px;border-radius:50%;background:#1f7a4d;flex:0 0 auto;animation:csribpulse 2s infinite;}\n@keyframes csribpulse{0%,100%{opacity:1}50%{opacity:.35}}\n.csr-ib-brief{background:#0f1310;border-left:5px solid #5ed68f;border-radius:0 10px 10px 0;padding:24px 28px;margin:0 0 30px;box-shadow:0 1px 2px rgba(10,16,12,.06),0 16px 34px -20px rgba(10,16,12,.5);}\n.csr-ib-brief .csr-ib-kicker{color:#5ed68f;}\n.csr-ib-ans{font-size:18px;line-height:1.62;color:#eef4ee;font-weight:500;margin:10px 0 16px;}\n.csr-ib-blist{margin:0;padding:0;list-style:none;display:grid;gap:9px;}\n.csr-ib-blist li{display:flex;gap:11px;align-items:flex-start;font-size:14.5px;line-height:1.5;color:#cdd6cd;}\n.csr-ib-blist li span{flex:0 0 auto;color:#5ed68f;font-weight:700;}\n.csr-ib-grid{display:grid;grid-template-columns:repeat(auto-fit,minmax(230px,1fr));gap:16px;margin:28px 0;}\n.csr-ib-card{background:#fff;border:1px solid #e2e7e0;border-top:3px solid #1f7a4d;border-radius:8px;padding:20px 20px 18px;transition:.25s ease;}\n.csr-ib-card:hover{transform:translateY(-3px);box-shadow:0 1px 2px rgba(16,24,20,.05),0 14px 30px -16px rgba(16,24,20,.28);}\n.csr-ib-card .csr-ib-num{font-family:'JetBrains Mono',monospace;font-size:13px;font-weight:500;color:#1f7a4d;}\n.csr-ib-card h3{margin:8px 0 6px;font-size:17px;}\n.csr-ib-card .csr-ib-txt{font-size:14px;line-height:1.55;color:#48504a;}\n.csr-ib-note{background:#eef7f1;border-left:4px solid #1f7a4d;border-radius:0 6px 6px 0;padding:15px 20px;margin:22px 0;}\n.csr-ib-note strong{display:inline-block;font-family:'JetBrains Mono',monospace;color:#155c39;font-size:12px;text-transform:uppercase;letter-spacing:1.6px;margin-right:8px;}\n.csr-ib-note span{font-size:15px;line-height:1.58;color:#2c322c;}\n.csr-ib-table{margin:28px 0;overflow-x:auto;border:1px solid #e2e7e0;border-radius:8px;}\n.csr-ib-table table{width:100%;border-collapse:collapse;font-size:14.5px;color:#26271f;min-width:520px;}\n.csr-ib-table th{background:#10110f;color:#eef4ee;text-align:left;padding:13px 17px;font-family:'JetBrains Mono',monospace;font-size:11px;font-weight:500;text-transform:uppercase;letter-spacing:1.4px;}\n.csr-ib-table td{padding:13px 17px;border-bottom:1px solid #eef2ec;}\n.csr-ib-table tr:nth-child(even) td{background:#f8faf7;}\n.csr-ib-table td:first-child{font-weight:600;color:#15170f;}\n.csr-ib-video{position:relative;padding-bottom:56.25%;height:0;margin:26px 0;border-radius:10px;overflow:hidden;background:#0f1310;box-shadow:0 16px 34px -20px rgba(10,16,12,.5);}\n.csr-ib-video iframe{position:absolute;inset:0;width:100%;height:100%;border:0;}\n.csr-ib-cap{font-size:13px;color:#6a7168;margin:-16px 0 26px;}\n.csr-ib-retenir{background:#f7faf6;border:1px solid #dfe7dc;border-radius:10px;padding:24px 26px 26px;margin:40px 0;}\n.csr-ib-rgrid{display:grid;grid-template-columns:repeat(auto-fit,minmax(245px,1fr));gap:10px;}\n.csr-ib-ritem{display:flex;gap:12px;background:#fff;border:1px solid #e7ece4;border-radius:7px;padding:13px 15px;align-items:flex-start;}\n.csr-ib-ritem .csr-ib-rn{flex:0 0 26px;width:26px;height:26px;background:#1f7a4d;color:#fff;border-radius:50%;display:inline-flex;align-items:center;justify-content:center;font-family:'JetBrains Mono',monospace;font-size:12px;font-weight:500;}\n.csr-ib-ritem .csr-ib-rt{font-size:14px;line-height:1.5;color:#2a2e26;}\n.csr-ib-faq{margin:36px 0 10px;}\n.csr-ib-faq .csr-ib-fd{border-bottom:1px solid #dfe4db;}\n.csr-ib-faq summary{cursor:pointer;padding:17px 0;font-family:'Space Grotesk',sans-serif;font-size:17px;font-weight:600;color:#10110f;list-style:none;display:flex;justify-content:space-between;align-items:center;gap:14px;}\n.csr-ib-faq summary::-webkit-details-marker{display:none;}\n.csr-ib-faq summary .csr-ib-pl{font-size:22px;font-weight:300;color:#1f7a4d;line-height:1;transition:.25s ease;}\n.csr-ib-faq details[open] summary .csr-ib-pl{transform:rotate(45deg);}\n.csr-ib-faq .csr-ib-fa{padding:0 0 18px;font-size:15.5px;line-height:1.7;color:#454b44;}\n\/*RENDERFIX2*\/.csr-ib-brief{color:#eef3f9!important}.csr-ib-brief p,.csr-ib-brief li,.csr-ib-brief strong,.csr-ib-brief em,.csr-ib-brief a,.csr-ib-brief span,.csr-ib-brief b,.csr-ib-brief td,.csr-ib-brief th,.csr-ib-brief h2,.csr-ib-brief h3,.csr-ib-brief h4{color:#eef3f9!important}.csr-ib-brief strong,.csr-ib-brief b{color:#ffffff!important}.csr-ib-brief a{text-decoration:underline}.csr-ib-table th{color:#eef3f9!important}.csr-ib-table th strong,.csr-ib-table th b{color:#ffffff!important}.csr-ib-ritem .csr-ib-rn{color:#eef3f9!important}\n<\/style>\n<div class=\"csr-ib-wrap\">\n<div class=\"csr-ib-badge\"><span class=\"csr-ib-dot\"><\/span><strong>Derni\u00e8re mise \u00e0 jour : 12 juillet 2026<\/strong>&nbsp;\u00b7 Page mise \u00e0 jour \u00e0 chaque annonce officielle<\/div>\n<div class=\"csr-ib-lead\"><strong>One Piece saison 2, sous-titr\u00e9e \u00ab Into the Grand Line \u00bb, est disponible sur Netflix depuis le 10 mars 2026 et adapte l&rsquo;entr\u00e9e de l&rsquo;\u00e9quipage dans Grand Line jusqu&rsquo;\u00e0 Drum Island.<\/strong> Les dix \u00e9pisodes ont \u00e9t\u00e9 mis en ligne le m\u00eame jour, dans le monde entier.<\/div>\n<div class=\"csr-ib-brief\">\n<div class=\"csr-ib-kicker\">En bref<\/div>\n<div class=\"csr-ib-ans\">La deuxi\u00e8me saison du live-action compte <strong>10 \u00e9pisodes<\/strong> l\u00e2ch\u00e9s d&rsquo;un coup le <strong>10 mars 2026<\/strong>. Elle couvre <strong>Loguetown, Reverse Mountain, Whisky Peak, Little Garden et Drum Island<\/strong>, soit la premi\u00e8re moiti\u00e9 de la saga Baroque Works, avec l&rsquo;arriv\u00e9e de Chopper et l&rsquo;entr\u00e9e en sc\u00e8ne de Smoker et Crocodile.<\/div>\n<ul class=\"csr-ib-blist\">\n<li><span>\u25b8<\/span> Date de sortie : 10 mars 2026, sortie mondiale simultan\u00e9e<\/li>\n<li><span>\u25b8<\/span> \u00c9quipage principal reconduit + salve de nouveaux personnages<\/li>\n<li><span>\u25b8<\/span> Saison 3 d\u00e9j\u00e0 tourn\u00e9e (tournage lanc\u00e9 en novembre 2025), attendue en 2027<\/li>\n<\/ul>\n<\/div>\n<h2>Date de sortie et arc adapt\u00e9<\/h2>\n<p>La question de la date a longtemps agit\u00e9 les fans : elle est d\u00e9sormais tranch\u00e9e. <strong>One Piece: Into the Grand Line<\/strong> est sortie le <strong>10 mars 2026<\/strong> sur Netflix, avec ses dix \u00e9pisodes disponibles imm\u00e9diatement, sans attente hebdomadaire. L\u00e0 o\u00f9 la saison 1 couvrait East Blue, cette suite fait franchir \u00e0 l&rsquo;\u00e9quipage la Reverse Mountain pour plonger dans <strong>Grand Line<\/strong>. Notre <a href=\"https:\/\/culture-series.fr\/blog\/guides-de-visionnage\/one-piece-saison-2-netflix\/\">fiche One Piece saison 2<\/a> d\u00e9taille le d\u00e9coupage \u00e9pisode par \u00e9pisode.<\/p>\n<div class=\"csr-ib-table\">\n<table>\n<tr>\n<th>\u00c9l\u00e9ment<\/th>\n<th>D\u00e9tail<\/th>\n<\/tr>\n<tr>\n<td>Date de sortie<\/td>\n<td>10 mars 2026, mondiale, 10 \u00e9pisodes d&rsquo;un coup<\/td>\n<\/tr>\n<tr>\n<td>Sous-titre officiel<\/td>\n<td>One Piece: Into the Grand Line<\/td>\n<\/tr>\n<tr>\n<td>Plateforme<\/td>\n<td>Netflix (s\u00e9rie live-action)<\/td>\n<\/tr>\n<tr>\n<td>Arcs adapt\u00e9s<\/td>\n<td>Loguetown, Reverse Mountain, Whisky Peak, Little Garden, Drum Island<\/td>\n<\/tr>\n<tr>\n<td>Nouveaux personnages cl\u00e9s<\/td>\n<td>Chopper, Smoker, Crocodile\/Mr 0, Miss All-Sunday, Vivi, Dr Kureha, Wapol<\/td>\n<\/tr>\n<tr>\n<td>Statut saison 3<\/td>\n<td>D\u00e9j\u00e0 en tournage depuis novembre 2025, sortie attendue en 2027<\/td>\n<\/tr>\n<\/table>\n<\/div>\n<h2>Le casting : retours et nouveaux visages<\/h2>\n<p>L&rsquo;\u00e9quipage du Chapeau de Paille revient au complet : I\u00f1aki Godoy en Luffy, Mackenyu en Zoro, Emily Rudd en Nami, Jacob Romero en Usopp et Taz Skylar en Sanji. Autour d&rsquo;eux gravitent des figures d\u00e9j\u00e0 crois\u00e9es comme Garp, Koby ou Baggy.<\/p>\n<p>La grande nouveaut\u00e9 vient des arriv\u00e9es li\u00e9es \u00e0 Baroque Works et \u00e0 Drum Island :<\/p>\n<ul>\n<li><strong>Tony Tony Chopper<\/strong> (voix de Mikaela Hoover) rejoint l&rsquo;\u00e9quipage sur Drum Island, via un m\u00e9lange de CGI et de jeu sur le plateau.<\/li>\n<li>Baroque Works : Crocodile \/ Mr 0 (Joe Manganiello), Miss All-Sunday (Lera Abova), plus Mr 3, Mr 5, Mr 9 et Miss Valentine.<\/li>\n<li>La Marine se renforce avec Smoker (Callum Kerr) et Tashigi (Julia Rehwald), introduits \u00e0 Loguetown.<\/li>\n<li>L&rsquo;arc Alabasta s&rsquo;amorce avec Vivi \/ Miss Wednesday (Charithra Chandran) et Nefertari Cobra (Sendhil Ramamurthy).<\/li>\n<li>Sur Drum Island : Dr Kureha (Katey Sagal), Dr Hiriluk (Mark Harelik), Wapol (Rob Colletti) et Dalton (Ty Keogh).<\/li>\n<\/ul>\n<h2>Ce que la saison installe pour la suite<\/h2>\n<p>Avec la saga <strong>Baroque Works<\/strong>, la s\u00e9rie change de dimension : on passe de pirates locaux \u00e0 une organisation criminelle structur\u00e9e, dirig\u00e9e dans l&rsquo;ombre par Crocodile. Smoker et la Marine resserrent l&rsquo;\u00e9tau, ce qui donne un ton plus politique et plus tendu. La suite logique, l&rsquo;arc <strong>Alabasta<\/strong> complet, est renvoy\u00e9e \u00e0 la saison 3, d\u00e9j\u00e0 tourn\u00e9e depuis fin 2025 et attendue pour 2027. Pour ne rien rater des prochaines sorties, gardez un \u0153il sur notre <a href=\"https:\/\/culture-series.fr\/blog\/guides-de-visionnage\/calendrier-series-2026-2027\/\">calendrier des s\u00e9ries 2026-2027<\/a>.<\/p>\n<div class=\"csr-ib-note\"><strong>\u00c0 noter<\/strong> <span>Condenser cinq arcs du manga en dix \u00e9pisodes impose des r\u00e9arrangements. Certains \u00e9v\u00e9nements sont simplifi\u00e9s, mais la colonne vert\u00e9brale de l&rsquo;\u0153uvre d&rsquo;Eiichiro Oda est pr\u00e9serv\u00e9e.<\/span><\/div>\n<div class=\"csr-ib-retenir\">\n<div class=\"csr-ib-rgrid\">\n<div class=\"csr-ib-ritem\"><span class=\"csr-ib-rn\">1<\/span><span class=\"csr-ib-rt\">Sortie le 10 mars 2026, 10 \u00e9pisodes disponibles d&rsquo;un coup dans le monde entier<\/span><\/div>\n<div class=\"csr-ib-ritem\"><span class=\"csr-ib-rn\">2<\/span><span class=\"csr-ib-rt\">Adapte Loguetown \u00e0 Drum Island : entr\u00e9e dans Grand Line et d\u00e9but de Baroque Works<\/span><\/div>\n<div class=\"csr-ib-ritem\"><span class=\"csr-ib-rn\">3<\/span><span class=\"csr-ib-rt\">Chopper rejoint l&rsquo;\u00e9quipage ; Alabasta et Crocodile en pleine lumi\u00e8re sont r\u00e9serv\u00e9s \u00e0 la saison 3<\/span><\/div>\n<\/div>\n<\/div>\n<div class=\"csr-ib-faq\">\n<details class=\"csr-ib-fd\">\n<summary>Quand est sortie One Piece saison 2 sur Netflix ?<span class=\"csr-ib-pl\">+<\/span><\/summary>\n<div class=\"csr-ib-fa\">La saison 2 du live-action One Piece est disponible sur Netflix depuis le 10 mars 2026, avec ses dix \u00e9pisodes mis en ligne le m\u00eame jour dans le monde entier.<\/div>\n<\/details>\n<details class=\"csr-ib-fd\">\n<summary>Combien d&rsquo;\u00e9pisodes et quels arcs sont adapt\u00e9s ?<span class=\"csr-ib-pl\">+<\/span><\/summary>\n<div class=\"csr-ib-fa\">La saison 2 compte 10 \u00e9pisodes et adapte cinq arcs du manga : Loguetown, Reverse Mountain, Whisky Peak, Little Garden et Drum Island, soit la premi\u00e8re partie de la saga Baroque Works.<\/div>\n<\/details>\n<details class=\"csr-ib-fd\">\n<summary>Une saison 3 de One Piece est-elle confirm\u00e9e ?<span class=\"csr-ib-pl\">+<\/span><\/summary>\n<div class=\"csr-ib-fa\">Oui. Netflix a confirm\u00e9 une saison 3, dont le tournage a d\u00e9but\u00e9 en novembre 2025. Elle est attendue en 2027 et devrait \u00eatre centr\u00e9e sur l&rsquo;arc Alabasta et l&rsquo;affrontement avec Crocodile.<\/div>\n<\/details>\n<\/div>\n<p><script type=\"application\/ld+json\">{\"@context\":\"https:\/\/schema.org\",\"@type\":\"FAQPage\",\"mainEntity\":[{\"@type\":\"Question\",\"name\":\"Quand est sortie One Piece saison 2 sur Netflix ?\",\"acceptedAnswer\":{\"@type\":\"Answer\",\"text\":\"La saison 2 du live-action One Piece est disponible sur Netflix depuis le 10 mars 2026, avec ses dix \u00e9pisodes mis en ligne le m\u00eame jour dans le monde entier.\"}},{\"@type\":\"Question\",\"name\":\"Combien d'\u00e9pisodes et quels arcs sont adapt\u00e9s ?\",\"acceptedAnswer\":{\"@type\":\"Answer\",\"text\":\"La saison 2 compte 10 \u00e9pisodes et adapte cinq arcs du manga : Loguetown, Reverse Mountain, Whisky Peak, Little Garden et Drum Island, soit la premi\u00e8re partie de la saga Baroque Works.\"}},{\"@type\":\"Question\",\"name\":\"Une saison 3 de One Piece est-elle confirm\u00e9e ?\",\"acceptedAnswer\":{\"@type\":\"Answer\",\"text\":\"Oui. Netflix a confirm\u00e9 une saison 3, dont le tournage a d\u00e9but\u00e9 en novembre 2025. Elle est attendue en 2027 et devrait \u00eatre centr\u00e9e sur l'arc Alabasta et l'affrontement avec Crocodile.\"}}]}<\/script>\n<\/div>\n","protected":false},"excerpt":{"rendered":"","protected":false},"author":39,"featured_media":999999999,"comment_status":"closed","ping_status":"open","sticky":false,"template":"","format":"standard","meta":{"_acf_changed":false,"manual_indexmenow":false,"indexmenow_id_project":0,"footnotes":""},"categories":[4522],"tags":[],"class_list":["post-8170","post","type-post","status-publish","format-standard","has-post-thumbnail","hentry","category-guides-de-visionnage","generate-columns","tablet-grid-50","mobile-grid-100","grid-parent","grid-25"],"acf":[],"yoast_head":"<!-- This site is optimized with the Yoast SEO Premium plugin v21.3 (Yoast SEO v25.6) - https:\/\/yoast.com\/wordpress\/plugins\/seo\/ -->\n<title>One Piece saison 2 Netflix : date et casting<\/title>\n<meta name=\"description\" content=\"One Piece saison 2 sur Netflix : sortie le 10 mars 2026, 10 \u00e9pisodes, casting complet (Chopper, Smoker, Crocodile) et arcs adapt\u00e9s jusqu&#039;\u00e0 Drum Island.\" \/>\n<meta name=\"robots\" content=\"index, follow, max-snippet:-1, max-image-preview:large, max-video-preview:-1\" \/>\n<link rel=\"canonical\" href=\"https:\/\/culture-series.fr\/blog\/guides-de-visionnage\/one-piece-saison-2-netflix-date-casting\/\" \/>\n<meta property=\"og:locale\" content=\"fr_FR\" \/>\n<meta property=\"og:type\" content=\"article\" \/>\n<meta property=\"og:title\" content=\"One Piece saison 2 Netflix : date et casting\" \/>\n<meta property=\"og:description\" content=\"One Piece saison 2 sur Netflix : sortie le 10 mars 2026, 10 \u00e9pisodes, casting complet (Chopper, Smoker, Crocodile) et arcs adapt\u00e9s jusqu&#039;\u00e0 Drum Island.\" \/>\n<meta property=\"og:url\" content=\"https:\/\/culture-series.fr\/blog\/guides-de-visionnage\/one-piece-saison-2-netflix-date-casting\/\" \/>\n<meta property=\"og:site_name\" content=\"culture-series\" \/>\n<meta property=\"og:image\" content=\"https:\/\/images.pexels.com\/photos\/8095054\/pexels-photo-8095054.jpeg?auto=compress&cs=tinysrgb&fit=crop&h=627&w=1200\" \/>\n<meta name=\"author\" content=\"Elodie Laurent\" \/>\n<meta name=\"twitter:card\" content=\"summary_large_image\" \/>\n<meta name=\"twitter:image\" content=\"https:\/\/images.pexels.com\/photos\/8095054\/pexels-photo-8095054.jpeg?auto=compress&cs=tinysrgb&fit=crop&h=627&w=1200\" \/>\n<script type=\"application\/ld+json\" class=\"yoast-schema-graph\">{\"@context\":\"https:\/\/schema.org\",\"@graph\":[{\"@type\":\"NewsArticle\",\"@id\":\"https:\/\/culture-series.fr\/blog\/guides-de-visionnage\/one-piece-saison-2-netflix-date-casting\/#article\",\"isPartOf\":{\"@id\":\"https:\/\/culture-series.fr\/blog\/guides-de-visionnage\/one-piece-saison-2-netflix-date-casting\/\"},\"author\":{\"name\":\"Elodie Laurent\",\"@id\":\"https:\/\/culture-series.fr\/blog\/#\/schema\/person\/b411c17f1d7ac78e63d36540a75859b5\"},\"headline\":\"One Piece saison 2 Netflix : date, casting et arc adapt\u00e9\",\"datePublished\":\"2026-07-12T14:00:00+00:00\",\"mainEntityOfPage\":{\"@id\":\"https:\/\/culture-series.fr\/blog\/guides-de-visionnage\/one-piece-saison-2-netflix-date-casting\/\"},\"wordCount\":730,\"publisher\":{\"@id\":\"https:\/\/culture-series.fr\/blog\/#organization\"},\"image\":{\"@id\":\"https:\/\/culture-series.fr\/blog\/guides-de-visionnage\/one-piece-saison-2-netflix-date-casting\/#primaryimage\"},\"thumbnailUrl\":\"https:\/\/images.pexels.com\/photos\/8095054\/pexels-photo-8095054.jpeg?auto=compress&cs=tinysrgb&fit=crop&h=627&w=1200\",\"articleSection\":[\"Guides de Visionnage\"],\"inLanguage\":\"fr-FR\"},{\"@type\":\"WebPage\",\"@id\":\"https:\/\/culture-series.fr\/blog\/guides-de-visionnage\/one-piece-saison-2-netflix-date-casting\/\",\"url\":\"https:\/\/culture-series.fr\/blog\/guides-de-visionnage\/one-piece-saison-2-netflix-date-casting\/\",\"name\":\"One Piece saison 2 Netflix : date et casting\",\"isPartOf\":{\"@id\":\"https:\/\/culture-series.fr\/blog\/#website\"},\"primaryImageOfPage\":{\"@id\":\"https:\/\/culture-series.fr\/blog\/guides-de-visionnage\/one-piece-saison-2-netflix-date-casting\/#primaryimage\"},\"image\":{\"@id\":\"https:\/\/culture-series.fr\/blog\/guides-de-visionnage\/one-piece-saison-2-netflix-date-casting\/#primaryimage\"},\"thumbnailUrl\":\"https:\/\/images.pexels.com\/photos\/8095054\/pexels-photo-8095054.jpeg?auto=compress&cs=tinysrgb&fit=crop&h=627&w=1200\",\"datePublished\":\"2026-07-12T14:00:00+00:00\",\"description\":\"One Piece saison 2 sur Netflix : sortie le 10 mars 2026, 10 \u00e9pisodes, casting complet (Chopper, Smoker, Crocodile) et arcs adapt\u00e9s jusqu'\u00e0 Drum Island.\",\"inLanguage\":\"fr-FR\",\"potentialAction\":[{\"@type\":\"ReadAction\",\"target\":[\"https:\/\/culture-series.fr\/blog\/guides-de-visionnage\/one-piece-saison-2-netflix-date-casting\/\"]}]},{\"@type\":\"ImageObject\",\"inLanguage\":\"fr-FR\",\"@id\":\"https:\/\/culture-series.fr\/blog\/guides-de-visionnage\/one-piece-saison-2-netflix-date-casting\/#primaryimage\",\"url\":\"https:\/\/images.pexels.com\/photos\/8095054\/pexels-photo-8095054.jpeg?auto=compress&cs=tinysrgb&fit=crop&h=627&w=1200\",\"contentUrl\":\"https:\/\/images.pexels.com\/photos\/8095054\/pexels-photo-8095054.jpeg?auto=compress&cs=tinysrgb&fit=crop&h=627&w=1200\"},{\"@type\":\"WebSite\",\"@id\":\"https:\/\/culture-series.fr\/blog\/#website\",\"url\":\"https:\/\/culture-series.fr\/blog\/\",\"name\":\"culture-series.Fr\",\"description\":\"Culture &amp; Series, l&#039;univers des s\u00e9ries en profondeur\",\"publisher\":{\"@id\":\"https:\/\/culture-series.fr\/blog\/#organization\"},\"alternateName\":\"Culture & Series, l'univers des s\u00e9ries en profondeur\",\"potentialAction\":[{\"@type\":\"SearchAction\",\"target\":{\"@type\":\"EntryPoint\",\"urlTemplate\":\"https:\/\/culture-series.fr\/blog\/?s={search_term_string}\"},\"query-input\":{\"@type\":\"PropertyValueSpecification\",\"valueRequired\":true,\"valueName\":\"search_term_string\"}}],\"inLanguage\":\"fr-FR\"},{\"@type\":\"Organization\",\"@id\":\"https:\/\/culture-series.fr\/blog\/#organization\",\"name\":\"Foretsensations.fr\",\"url\":\"https:\/\/culture-series.fr\/blog\/\",\"logo\":{\"@type\":\"ImageObject\",\"inLanguage\":\"fr-FR\",\"@id\":\"https:\/\/culture-series.fr\/blog\/#\/schema\/logo\/image\/\",\"url\":\"https:\/\/culture-series.fr\/blog\/wp-content\/uploads\/2024\/12\/27.png\",\"contentUrl\":\"https:\/\/culture-series.fr\/blog\/wp-content\/uploads\/2024\/12\/27.png\",\"width\":500,\"height\":500,\"caption\":\"Foretsensations.fr\"},\"image\":{\"@id\":\"https:\/\/culture-series.fr\/blog\/#\/schema\/logo\/image\/\"}},{\"@type\":\"Person\",\"@id\":\"https:\/\/culture-series.fr\/blog\/#\/schema\/person\/b411c17f1d7ac78e63d36540a75859b5\",\"name\":\"Elodie Laurent\",\"image\":{\"@type\":\"ImageObject\",\"inLanguage\":\"fr-FR\",\"@id\":\"https:\/\/culture-series.fr\/blog\/#\/schema\/person\/image\/\",\"url\":\"https:\/\/secure.gravatar.com\/avatar\/?s=96&d=mm&r=g\",\"contentUrl\":\"https:\/\/secure.gravatar.com\/avatar\/?s=96&d=mm&r=g\",\"caption\":\"Elodie Laurent\"},\"description\":\"\u00c9lodie Laurent est critique de s\u00e9ries et analyste culturelle avec plus de 8 ans d'exp\u00e9rience. Passionn\u00e9e par les narratives complexes et les personnages profonds, elle offre des critiques d\u00e9taill\u00e9es et des analyses perspicaces pour aider les lecteurs \u00e0 mieux comprendre les s\u00e9ries qu'ils regardent.\",\"url\":\"https:\/\/culture-series.fr\/blog\/auteur\/elodie-laurent\/\"}]}<\/script>\n<!-- \/ Yoast SEO Premium plugin. -->","yoast_head_json":{"title":"One Piece saison 2 Netflix : date et casting","description":"One Piece saison 2 sur Netflix : sortie le 10 mars 2026, 10 \u00e9pisodes, casting complet (Chopper, Smoker, Crocodile) et arcs adapt\u00e9s jusqu'\u00e0 Drum Island.","robots":{"index":"index","follow":"follow","max-snippet":"max-snippet:-1","max-image-preview":"max-image-preview:large","max-video-preview":"max-video-preview:-1"},"canonical":"https:\/\/culture-series.fr\/blog\/guides-de-visionnage\/one-piece-saison-2-netflix-date-casting\/","og_locale":"fr_FR","og_type":"article","og_title":"One Piece saison 2 Netflix : date et casting","og_description":"One Piece saison 2 sur Netflix : sortie le 10 mars 2026, 10 \u00e9pisodes, casting complet (Chopper, Smoker, Crocodile) et arcs adapt\u00e9s jusqu'\u00e0 Drum Island.","og_url":"https:\/\/culture-series.fr\/blog\/guides-de-visionnage\/one-piece-saison-2-netflix-date-casting\/","og_site_name":"culture-series","og_image":[{"url":"https:\/\/images.pexels.com\/photos\/8095054\/pexels-photo-8095054.jpeg?auto=compress&cs=tinysrgb&fit=crop&h=627&w=1200","type":"","width":"","height":""}],"author":"Elodie Laurent","twitter_card":"summary_large_image","twitter_image":"https:\/\/images.pexels.com\/photos\/8095054\/pexels-photo-8095054.jpeg?auto=compress&cs=tinysrgb&fit=crop&h=627&w=1200","schema":{"@context":"https:\/\/schema.org","@graph":[{"@type":"NewsArticle","@id":"https:\/\/culture-series.fr\/blog\/guides-de-visionnage\/one-piece-saison-2-netflix-date-casting\/#article","isPartOf":{"@id":"https:\/\/culture-series.fr\/blog\/guides-de-visionnage\/one-piece-saison-2-netflix-date-casting\/"},"author":{"name":"Elodie Laurent","@id":"https:\/\/culture-series.fr\/blog\/#\/schema\/person\/b411c17f1d7ac78e63d36540a75859b5"},"headline":"One Piece saison 2 Netflix : date, casting et arc adapt\u00e9","datePublished":"2026-07-12T14:00:00+00:00","mainEntityOfPage":{"@id":"https:\/\/culture-series.fr\/blog\/guides-de-visionnage\/one-piece-saison-2-netflix-date-casting\/"},"wordCount":730,"publisher":{"@id":"https:\/\/culture-series.fr\/blog\/#organization"},"image":{"@id":"https:\/\/culture-series.fr\/blog\/guides-de-visionnage\/one-piece-saison-2-netflix-date-casting\/#primaryimage"},"thumbnailUrl":"https:\/\/images.pexels.com\/photos\/8095054\/pexels-photo-8095054.jpeg?auto=compress&cs=tinysrgb&fit=crop&h=627&w=1200","articleSection":["Guides de Visionnage"],"inLanguage":"fr-FR"},{"@type":"WebPage","@id":"https:\/\/culture-series.fr\/blog\/guides-de-visionnage\/one-piece-saison-2-netflix-date-casting\/","url":"https:\/\/culture-series.fr\/blog\/guides-de-visionnage\/one-piece-saison-2-netflix-date-casting\/","name":"One Piece saison 2 Netflix : date et casting","isPartOf":{"@id":"https:\/\/culture-series.fr\/blog\/#website"},"primaryImageOfPage":{"@id":"https:\/\/culture-series.fr\/blog\/guides-de-visionnage\/one-piece-saison-2-netflix-date-casting\/#primaryimage"},"image":{"@id":"https:\/\/culture-series.fr\/blog\/guides-de-visionnage\/one-piece-saison-2-netflix-date-casting\/#primaryimage"},"thumbnailUrl":"https:\/\/images.pexels.com\/photos\/8095054\/pexels-photo-8095054.jpeg?auto=compress&cs=tinysrgb&fit=crop&h=627&w=1200","datePublished":"2026-07-12T14:00:00+00:00","description":"One Piece saison 2 sur Netflix : sortie le 10 mars 2026, 10 \u00e9pisodes, casting complet (Chopper, Smoker, Crocodile) et arcs adapt\u00e9s jusqu'\u00e0 Drum Island.","inLanguage":"fr-FR","potentialAction":[{"@type":"ReadAction","target":["https:\/\/culture-series.fr\/blog\/guides-de-visionnage\/one-piece-saison-2-netflix-date-casting\/"]}]},{"@type":"ImageObject","inLanguage":"fr-FR","@id":"https:\/\/culture-series.fr\/blog\/guides-de-visionnage\/one-piece-saison-2-netflix-date-casting\/#primaryimage","url":"https:\/\/images.pexels.com\/photos\/8095054\/pexels-photo-8095054.jpeg?auto=compress&cs=tinysrgb&fit=crop&h=627&w=1200","contentUrl":"https:\/\/images.pexels.com\/photos\/8095054\/pexels-photo-8095054.jpeg?auto=compress&cs=tinysrgb&fit=crop&h=627&w=1200"},{"@type":"WebSite","@id":"https:\/\/culture-series.fr\/blog\/#website","url":"https:\/\/culture-series.fr\/blog\/","name":"culture-series.Fr","description":"Culture &amp; Series, l&#039;univers des s\u00e9ries en profondeur","publisher":{"@id":"https:\/\/culture-series.fr\/blog\/#organization"},"alternateName":"Culture & Series, l'univers des s\u00e9ries en profondeur","potentialAction":[{"@type":"SearchAction","target":{"@type":"EntryPoint","urlTemplate":"https:\/\/culture-series.fr\/blog\/?s={search_term_string}"},"query-input":{"@type":"PropertyValueSpecification","valueRequired":true,"valueName":"search_term_string"}}],"inLanguage":"fr-FR"},{"@type":"Organization","@id":"https:\/\/culture-series.fr\/blog\/#organization","name":"Foretsensations.fr","url":"https:\/\/culture-series.fr\/blog\/","logo":{"@type":"ImageObject","inLanguage":"fr-FR","@id":"https:\/\/culture-series.fr\/blog\/#\/schema\/logo\/image\/","url":"https:\/\/culture-series.fr\/blog\/wp-content\/uploads\/2024\/12\/27.png","contentUrl":"https:\/\/culture-series.fr\/blog\/wp-content\/uploads\/2024\/12\/27.png","width":500,"height":500,"caption":"Foretsensations.fr"},"image":{"@id":"https:\/\/culture-series.fr\/blog\/#\/schema\/logo\/image\/"}},{"@type":"Person","@id":"https:\/\/culture-series.fr\/blog\/#\/schema\/person\/b411c17f1d7ac78e63d36540a75859b5","name":"Elodie Laurent","image":{"@type":"ImageObject","inLanguage":"fr-FR","@id":"https:\/\/culture-series.fr\/blog\/#\/schema\/person\/image\/","url":"https:\/\/secure.gravatar.com\/avatar\/?s=96&d=mm&r=g","contentUrl":"https:\/\/secure.gravatar.com\/avatar\/?s=96&d=mm&r=g","caption":"Elodie Laurent"},"description":"\u00c9lodie Laurent est critique de s\u00e9ries et analyste culturelle avec plus de 8 ans d'exp\u00e9rience. Passionn\u00e9e par les narratives complexes et les personnages profonds, elle offre des critiques d\u00e9taill\u00e9es et des analyses perspicaces pour aider les lecteurs \u00e0 mieux comprendre les s\u00e9ries qu'ils regardent.","url":"https:\/\/culture-series.fr\/blog\/auteur\/elodie-laurent\/"}]}},"_links":{"self":[{"href":"https:\/\/culture-series.fr\/blog\/wp-json\/wp\/v2\/posts\/8170","targetHints":{"allow":["GET"]}}],"collection":[{"href":"https:\/\/culture-series.fr\/blog\/wp-json\/wp\/v2\/posts"}],"about":[{"href":"https:\/\/culture-series.fr\/blog\/wp-json\/wp\/v2\/types\/post"}],"author":[{"embeddable":true,"href":"https:\/\/culture-series.fr\/blog\/wp-json\/wp\/v2\/users\/39"}],"replies":[{"embeddable":true,"href":"https:\/\/culture-series.fr\/blog\/wp-json\/wp\/v2\/comments?post=8170"}],"version-history":[{"count":0,"href":"https:\/\/culture-series.fr\/blog\/wp-json\/wp\/v2\/posts\/8170\/revisions"}],"wp:attachment":[{"href":"https:\/\/culture-series.fr\/blog\/wp-json\/wp\/v2\/media?parent=8170"}],"wp:term":[{"taxonomy":"category","embeddable":true,"href":"https:\/\/culture-series.fr\/blog\/wp-json\/wp\/v2\/categories?post=8170"},{"taxonomy":"post_tag","embeddable":true,"href":"https:\/\/culture-series.fr\/blog\/wp-json\/wp\/v2\/tags?post=8170"}],"curies":[{"name":"wp","href":"https:\/\/api.w.org\/{rel}","templated":true}]}}