{"id":8163,"date":"2026-07-12T23:10:02","date_gmt":"2026-07-12T21:10:02","guid":{"rendered":"https:\/\/culture-series.fr\/blog\/guides-de-visionnage\/the-witcher-saison-5\/"},"modified":"2026-07-12T23:10:02","modified_gmt":"2026-07-12T21:10:02","slug":"the-witcher-saison-5","status":"publish","type":"post","link":"https:\/\/culture-series.fr\/blog\/guides-de-visionnage\/the-witcher-saison-5\/","title":{"rendered":"The Witcher saison 5 : date de sortie, casting, \u00e9pisodes \u2014 ce que l&rsquo;on sait"},"content":{"rendered":"<link rel=\"stylesheet\" href=\"https:\/\/fonts.googleapis.com\/css2?family=Space+Grotesk:wght@500;600;700&#038;family=Inter:wght@400;500;600&#038;family=JetBrains+Mono:wght@500&#038;display=swap\">\n<style>\n.csr-ib-wrap{font-family:'Inter',-apple-system,BlinkMacSystemFont,sans-serif;color:#1b1c19;line-height:1.65;}\n.csr-ib-wrap p{font-size:17px;line-height:1.68;color:#26271f;}\n.csr-ib-wrap h2{font-family:'Space Grotesk','Inter',sans-serif;font-size:clamp(24px,3.2vw,33px);font-weight:700;letter-spacing:-0.02em;color:#10110f;margin:50px 0 14px;line-height:1.18;}\n.csr-ib-wrap h3{font-family:'Space Grotesk','Inter',sans-serif;font-size:20px;font-weight:600;letter-spacing:-0.01em;color:#15170f;margin:26px 0 8px;}\n.csr-ib-lead{font-family:'Inter',sans-serif;font-size:19px;line-height:1.58;color:#2a2c24;font-weight:500;margin:6px 0 26px;}\n.csr-ib-kicker{font-family:'JetBrains Mono',monospace;font-size:12px;font-weight:500;text-transform:uppercase;letter-spacing:2.4px;color:#1f7a4d;}\n.csr-ib-badge{display:inline-flex;flex-wrap:wrap;align-items:center;gap:8px;background:#eef7f1;border:1px solid #cfe5d6;border-radius:999px;padding:9px 18px;margin:0 0 20px;font-family:'JetBrains Mono',monospace;font-size:12px;letter-spacing:.4px;color:#2c4a38;}\n.csr-ib-badge strong{color:#155c39;font-weight:500;}\n.csr-ib-badge .csr-ib-dot{width:8px;height:8px;border-radius:50%;background:#1f7a4d;flex:0 0 auto;animation:csribpulse 2s infinite;}\n@keyframes csribpulse{0%,100%{opacity:1}50%{opacity:.35}}\n.csr-ib-brief{background:#0f1310;border-left:5px solid #5ed68f;border-radius:0 10px 10px 0;padding:24px 28px;margin:0 0 30px;box-shadow:0 1px 2px rgba(10,16,12,.06),0 16px 34px -20px rgba(10,16,12,.5);}\n.csr-ib-brief .csr-ib-kicker{color:#5ed68f;}\n.csr-ib-ans{font-size:18px;line-height:1.62;color:#eef4ee;font-weight:500;margin:10px 0 16px;}\n.csr-ib-blist{margin:0;padding:0;list-style:none;display:grid;gap:9px;}\n.csr-ib-blist li{display:flex;gap:11px;align-items:flex-start;font-size:14.5px;line-height:1.5;color:#cdd6cd;}\n.csr-ib-blist li span{flex:0 0 auto;color:#5ed68f;font-weight:700;}\n.csr-ib-grid{display:grid;grid-template-columns:repeat(auto-fit,minmax(230px,1fr));gap:16px;margin:28px 0;}\n.csr-ib-card{background:#fff;border:1px solid #e2e7e0;border-top:3px solid #1f7a4d;border-radius:8px;padding:20px 20px 18px;transition:.25s ease;}\n.csr-ib-card:hover{transform:translateY(-3px);box-shadow:0 1px 2px rgba(16,24,20,.05),0 14px 30px -16px rgba(16,24,20,.28);}\n.csr-ib-card .csr-ib-num{font-family:'JetBrains Mono',monospace;font-size:13px;font-weight:500;color:#1f7a4d;}\n.csr-ib-card h3{margin:8px 0 6px;font-size:17px;}\n.csr-ib-card .csr-ib-txt{font-size:14px;line-height:1.55;color:#48504a;}\n.csr-ib-note{background:#eef7f1;border-left:4px solid #1f7a4d;border-radius:0 6px 6px 0;padding:15px 20px;margin:22px 0;}\n.csr-ib-note strong{display:inline-block;font-family:'JetBrains Mono',monospace;color:#155c39;font-size:12px;text-transform:uppercase;letter-spacing:1.6px;margin-right:8px;}\n.csr-ib-note span{font-size:15px;line-height:1.58;color:#2c322c;}\n.csr-ib-table{margin:28px 0;overflow-x:auto;border:1px solid #e2e7e0;border-radius:8px;}\n.csr-ib-table table{width:100%;border-collapse:collapse;font-size:14.5px;color:#26271f;min-width:520px;}\n.csr-ib-table th{background:#10110f;color:#eef4ee;text-align:left;padding:13px 17px;font-family:'JetBrains Mono',monospace;font-size:11px;font-weight:500;text-transform:uppercase;letter-spacing:1.4px;}\n.csr-ib-table td{padding:13px 17px;border-bottom:1px solid #eef2ec;}\n.csr-ib-table tr:nth-child(even) td{background:#f8faf7;}\n.csr-ib-table td:first-child{font-weight:600;color:#15170f;}\n.csr-ib-video{position:relative;padding-bottom:56.25%;height:0;margin:26px 0;border-radius:10px;overflow:hidden;background:#0f1310;box-shadow:0 16px 34px -20px rgba(10,16,12,.5);}\n.csr-ib-video iframe{position:absolute;inset:0;width:100%;height:100%;border:0;}\n.csr-ib-cap{font-size:13px;color:#6a7168;margin:-16px 0 26px;}\n.csr-ib-retenir{background:#f7faf6;border:1px solid #dfe7dc;border-radius:10px;padding:24px 26px 26px;margin:40px 0;}\n.csr-ib-rgrid{display:grid;grid-template-columns:repeat(auto-fit,minmax(245px,1fr));gap:10px;}\n.csr-ib-ritem{display:flex;gap:12px;background:#fff;border:1px solid #e7ece4;border-radius:7px;padding:13px 15px;align-items:flex-start;}\n.csr-ib-ritem .csr-ib-rn{flex:0 0 26px;width:26px;height:26px;background:#1f7a4d;color:#fff;border-radius:50%;display:inline-flex;align-items:center;justify-content:center;font-family:'JetBrains Mono',monospace;font-size:12px;font-weight:500;}\n.csr-ib-ritem .csr-ib-rt{font-size:14px;line-height:1.5;color:#2a2e26;}\n.csr-ib-faq{margin:36px 0 10px;}\n.csr-ib-faq .csr-ib-fd{border-bottom:1px solid #dfe4db;}\n.csr-ib-faq summary{cursor:pointer;padding:17px 0;font-family:'Space Grotesk',sans-serif;font-size:17px;font-weight:600;color:#10110f;list-style:none;display:flex;justify-content:space-between;align-items:center;gap:14px;}\n.csr-ib-faq summary::-webkit-details-marker{display:none;}\n.csr-ib-faq summary .csr-ib-pl{font-size:22px;font-weight:300;color:#1f7a4d;line-height:1;transition:.25s ease;}\n.csr-ib-faq details[open] summary .csr-ib-pl{transform:rotate(45deg);}\n.csr-ib-faq .csr-ib-fa{padding:0 0 18px;font-size:15.5px;line-height:1.7;color:#454b44;}\n\/*RENDERFIX2*\/.csr-ib-brief{color:#eef3f9!important}.csr-ib-brief p,.csr-ib-brief li,.csr-ib-brief strong,.csr-ib-brief em,.csr-ib-brief a,.csr-ib-brief span,.csr-ib-brief b,.csr-ib-brief td,.csr-ib-brief th,.csr-ib-brief h2,.csr-ib-brief h3,.csr-ib-brief h4{color:#eef3f9!important}.csr-ib-brief strong,.csr-ib-brief b{color:#ffffff!important}.csr-ib-brief a{text-decoration:underline}.csr-ib-table th{color:#eef3f9!important}.csr-ib-table th strong,.csr-ib-table th b{color:#ffffff!important}.csr-ib-ritem .csr-ib-rn{color:#eef3f9!important}\n<\/style>\n<div class=\"csr-ib-wrap\">\n<div class=\"csr-ib-badge\"><span class=\"csr-ib-dot\"><\/span><strong>Derni\u00e8re mise \u00e0 jour : 12 juillet 2026<\/strong>&nbsp;\u00b7 Page vivante \u2014 mise \u00e0 jour \u00e0 chaque annonce officielle<\/div>\n<div class=\"csr-ib-lead\"><strong>The Witcher saison 5 sortira en 2026 sur Netflix \u2014 l&rsquo;ann\u00e9e est officielle, mais aucune date pr\u00e9cise n&rsquo;est annonc\u00e9e au 12 juillet 2026<\/strong> ; la post-production oriente vers la fin de l&rsquo;ann\u00e9e. Ce sera la saison finale : tourn\u00e9e dans la foul\u00e9e de la saison 4, elle adaptera les deux derniers romans de la saga, <em>La Tour de l&rsquo;Hirondelle<\/em> et <em>La Dame du Lac<\/em>.<\/div>\n<div class=\"csr-ib-brief\">\n<div class=\"csr-ib-kicker\">En bref<\/div>\n<div class=\"csr-ib-ans\">La <strong>saison 5 de The Witcher<\/strong> est <strong>en post-production<\/strong> : le tournage, men\u00e9 back-to-back avec la saison 4, s&rsquo;est achev\u00e9 en septembre 2025. Netflix a confirm\u00e9 une diffusion <strong>\u00ab en 2026 \u00bb<\/strong> sans pr\u00e9ciser de date \u2014 la fin d&rsquo;ann\u00e9e est l&rsquo;estimation la plus r\u00e9pandue. Liam Hemsworth reprend Geralt pour cette conclusion, qui promet d&rsquo;honorer la fin des livres d&rsquo;Andrzej Sapkowski.<\/div>\n<ul class=\"csr-ib-blist\">\n<li><span>\u25b8<\/span> Saison finale \u2014 l&rsquo;adaptation se termine avec les romans.<\/li>\n<li><span>\u25b8<\/span> Tournage termin\u00e9 depuis septembre 2025 ; lourde post-production d&rsquo;effets visuels en cours.<\/li>\n<li><span>\u25b8<\/span> Pas encore de trailer : sa publication pr\u00e9cisera la fen\u00eatre de sortie.<\/li>\n<\/ul>\n<\/div>\n<h2>The Witcher saison 5 : le r\u00e9cap express<\/h2>\n<div class=\"csr-ib-table\">\n<table>\n<tr>\n<th>\u00c9l\u00e9ment<\/th>\n<th>D\u00e9tail<\/th>\n<th>Fiabilit\u00e9<\/th>\n<\/tr>\n<tr>\n<td>Statut<\/td>\n<td>Post-production (tournage termin\u00e9)<\/td>\n<td>V\u00e9rifi\u00e9<\/td>\n<\/tr>\n<tr>\n<td>Date de sortie<\/td>\n<td>2026 \u2014 fin d&rsquo;ann\u00e9e probable<\/td>\n<td>Ann\u00e9e officielle, p\u00e9riode estim\u00e9e<\/td>\n<\/tr>\n<tr>\n<td>Plateforme<\/td>\n<td>Netflix<\/td>\n<td>V\u00e9rifi\u00e9<\/td>\n<\/tr>\n<tr>\n<td>\u00c9pisodes<\/td>\n<td>Non annonc\u00e9 (8 par saison jusqu&rsquo;ici)<\/td>\n<td>\u2014<\/td>\n<\/tr>\n<tr>\n<td>Casting principal<\/td>\n<td>Liam Hemsworth, Anya Chalotra, Freya Allan, Joey Batey, Laurence Fishburne<\/td>\n<td>V\u00e9rifi\u00e9<\/td>\n<\/tr>\n<tr>\n<td>Mat\u00e9riau adapt\u00e9<\/td>\n<td><em>La Tour de l&rsquo;Hirondelle<\/em> + <em>La Dame du Lac<\/em><\/td>\n<td>V\u00e9rifi\u00e9<\/td>\n<\/tr>\n<\/table>\n<\/div>\n<h2>Le contexte : une saison 4 clivante \u00e0 rattraper d&rsquo;abord<\/h2>\n<p>Sortie le 30 octobre 2025, la saison 4 marquait la prise de r\u00f4le de <strong>Liam Hemsworth<\/strong> en Geralt de Riv, apr\u00e8s le d\u00e9part d&rsquo;Henry Cavill. L&rsquo;accueil a \u00e9t\u00e9 rugueux : autour de 56-60 % de critiques positives et un score public tr\u00e8s bas sur Rotten Tomatoes \u2014 la saison la plus contest\u00e9e de la s\u00e9rie, le changement d&rsquo;interpr\u00e8te cristallisant la col\u00e8re d&rsquo;une partie des fans. Reste qu&rsquo;elle pose tout ce que la saison 5 doit d\u00e9nouer : Geralt et sa \u00ab hanse \u00bb lanc\u00e9s \u00e0 la recherche de Ciri, Yennefer face \u00e0 Vilgefortz, et l&rsquo;arriv\u00e9e savoureuse de <strong>Laurence Fishburne<\/strong> en Regis.<\/p>\n<h2>Ce que l&rsquo;on sait de l&rsquo;intrigue de la saison finale<\/h2>\n<div class=\"csr-ib-note\"><strong>Spoilers livres<\/strong> <span>Le paragraphe suivant d\u00e9crit les arcs des romans adapt\u00e9s \u2014 sans r\u00e9v\u00e9ler leur d\u00e9nouement t\u00e9l\u00e9vis\u00e9.<\/span><\/div>\n<p>La saison 5 adaptera les deux derniers romans d&rsquo;Andrzej Sapkowski : la captivit\u00e9 de Ciri aux mains du chasseur de primes Leo Bonhart et son \u00e9vasion (<em>La Tour de l&rsquo;Hirondelle<\/em>), puis la convergence finale de <em>La Dame du Lac<\/em> \u2014 Yennefer des \u00eeles Skellige \u00e0 l&rsquo;affrontement avec Vilgefortz, et la r\u00e9union tant attendue de la \u00ab famille \u00bb Geralt-Yennefer-Ciri. La showrunneuse Lauren S. Hissrich a confirm\u00e9 que la s\u00e9rie <strong>honorera la fin des livres<\/strong>. Parmi la vingtaine de nouveaux visages : Ellie Taylor en duchesse Anna Henrietta de Toussaint et Emily-Jo Young en Shani.<\/p>\n<h2>Quand sortira-t-elle exactement ?<\/h2>\n<p>La communication officielle de Netflix tient en trois mots : \u00ab hits Netflix in 2026 \u00bb. Tourn\u00e9e imm\u00e9diatement apr\u00e8s la saison 4 (clap de fin en septembre 2025), la saison est depuis en post-production \u2014 un chantier VFX consid\u00e9rable qui pousse la plupart des m\u00e9dias sp\u00e9cialis\u00e9s vers une fen\u00eatre <strong>fin 2026<\/strong>, certains \u00e9voquant m\u00eame un glissement d\u00e9but 2027 (pure sp\u00e9culation \u00e0 ce stade). Le signal fiable \u00e0 guetter : la publication du trailer officiel. Cette page \u2014 et notre <a href=\"https:\/\/culture-series.fr\/blog\/guides-de-visionnage\/calendrier-series-2026-2027\/\">calendrier des s\u00e9ries 2026-2027<\/a> \u2014 seront mis \u00e0 jour le jour m\u00eame. En attendant, l&rsquo;autre grande saga Netflix \u00e0 suivre reste <a href=\"https:\/\/culture-series.fr\/blog\/guides-de-visionnage\/one-piece-saison-2-netflix\/\">One Piece, dont la saison 3 est d\u00e9j\u00e0 tourn\u00e9e<\/a>.<\/p>\n<div class=\"csr-ib-retenir\">\n<div class=\"csr-ib-rgrid\">\n<div class=\"csr-ib-ritem\"><span class=\"csr-ib-rn\">1<\/span><span class=\"csr-ib-rt\">Saison finale confirm\u00e9e pour 2026 sur Netflix \u2014 date pr\u00e9cise inconnue, fin d&rsquo;ann\u00e9e probable.<\/span><\/div>\n<div class=\"csr-ib-ritem\"><span class=\"csr-ib-rn\">2<\/span><span class=\"csr-ib-rt\">Elle adapte les deux derniers romans et promet la vraie fin de l&rsquo;histoire de Geralt, Yennefer et Ciri.<\/span><\/div>\n<div class=\"csr-ib-ritem\"><span class=\"csr-ib-rn\">3<\/span><span class=\"csr-ib-rt\">Revoir la saison 4 avant : tout le dispositif de la conclusion s&rsquo;y met en place.<\/span><\/div>\n<\/div>\n<\/div>\n<div class=\"csr-ib-faq\">\n<details class=\"csr-ib-fd\">\n<summary>Quand sort The Witcher saison 5 ?<span class=\"csr-ib-pl\">+<\/span><\/summary>\n<div class=\"csr-ib-fa\">Netflix a confirm\u00e9 une sortie en 2026, sans date pr\u00e9cise au 12 juillet 2026. Le tournage \u00e9tant termin\u00e9 depuis septembre 2025, la post-production des effets visuels fait pencher la presse vers la fin de l&rsquo;ann\u00e9e 2026.<\/div>\n<\/details>\n<details class=\"csr-ib-fd\">\n<summary>Est-ce vraiment la derni\u00e8re saison de The Witcher ?<span class=\"csr-ib-pl\">+<\/span><\/summary>\n<div class=\"csr-ib-fa\">Oui, Netflix l&rsquo;a officialis\u00e9 : la saison 5 conclut la s\u00e9rie. Elle adapte les derniers romans de la saga (La Tour de l&rsquo;Hirondelle et La Dame du Lac), et la showrunneuse Lauren S. Hissrich a confirm\u00e9 vouloir honorer la fin des livres.<\/div>\n<\/details>\n<details class=\"csr-ib-fd\">\n<summary>Qui joue Geralt dans la saison 5 ?<span class=\"csr-ib-pl\">+<\/span><\/summary>\n<div class=\"csr-ib-fa\">Liam Hemsworth, pour sa deuxi\u00e8me et derni\u00e8re saison dans le r\u00f4le apr\u00e8s avoir succ\u00e9d\u00e9 \u00e0 Henry Cavill en saison 4. Il est entour\u00e9 d&rsquo;Anya Chalotra (Yennefer), Freya Allan (Ciri), Joey Batey (Jaskier) et Laurence Fishburne (Regis).<\/div>\n<\/details>\n<details class=\"csr-ib-fd\">\n<summary>Les saisons 4 et 5 ont-elles \u00e9t\u00e9 tourn\u00e9es ensemble ?<span class=\"csr-ib-pl\">+<\/span><\/summary>\n<div class=\"csr-ib-fa\">Oui, back-to-back : la production s&rsquo;est encha\u00een\u00e9e sur 2025, avec un clap de fin de la saison 5 en septembre 2025. C&rsquo;est ce qui garantit une sortie rapproch\u00e9e malgr\u00e9 l&rsquo;ampleur des effets visuels \u00e0 finaliser.<\/div>\n<\/details>\n<\/div>\n<p><script type=\"application\/ld+json\">{\"@context\": \"https:\/\/schema.org\", \"@type\": \"FAQPage\", \"mainEntity\": [{\"@type\": \"Question\", \"name\": \"Quand sort The Witcher saison 5 ?\", \"acceptedAnswer\": {\"@type\": \"Answer\", \"text\": \"Netflix a confirm\u00e9 une sortie en 2026, sans date pr\u00e9cise au 12 juillet 2026. Le tournage \u00e9tant termin\u00e9 depuis septembre 2025, la post-production des effets visuels fait pencher la presse vers la fin de l'ann\u00e9e 2026.\"}}, {\"@type\": \"Question\", \"name\": \"Est-ce vraiment la derni\u00e8re saison de The Witcher ?\", \"acceptedAnswer\": {\"@type\": \"Answer\", \"text\": \"Oui, Netflix l'a officialis\u00e9 : la saison 5 conclut la s\u00e9rie. Elle adapte les derniers romans de la saga (La Tour de l'Hirondelle et La Dame du Lac), et la showrunneuse Lauren S. Hissrich a confirm\u00e9 vouloir honorer la fin des livres.\"}}, {\"@type\": \"Question\", \"name\": \"Qui joue Geralt dans la saison 5 ?\", \"acceptedAnswer\": {\"@type\": \"Answer\", \"text\": \"Liam Hemsworth, pour sa deuxi\u00e8me et derni\u00e8re saison dans le r\u00f4le apr\u00e8s avoir succ\u00e9d\u00e9 \u00e0 Henry Cavill en saison 4. Il est entour\u00e9 d'Anya Chalotra (Yennefer), Freya Allan (Ciri), Joey Batey (Jaskier) et Laurence Fishburne (Regis).\"}}, {\"@type\": \"Question\", \"name\": \"Les saisons 4 et 5 ont-elles \u00e9t\u00e9 tourn\u00e9es ensemble ?\", \"acceptedAnswer\": {\"@type\": \"Answer\", \"text\": \"Oui, back-to-back : la production s'est encha\u00een\u00e9e sur 2025, avec un clap de fin de la saison 5 en septembre 2025. C'est ce qui garantit une sortie rapproch\u00e9e malgr\u00e9 l'ampleur des effets visuels \u00e0 finaliser.\"}}]}<\/script>\n<\/div>\n","protected":false},"excerpt":{"rendered":"","protected":false},"author":42,"featured_media":999999999,"comment_status":"closed","ping_status":"open","sticky":false,"template":"","format":"standard","meta":{"_acf_changed":false,"manual_indexmenow":false,"indexmenow_id_project":0,"footnotes":""},"categories":[4522],"tags":[],"class_list":["post-8163","post","type-post","status-publish","format-standard","has-post-thumbnail","hentry","category-guides-de-visionnage","generate-columns","tablet-grid-50","mobile-grid-100","grid-parent","grid-25"],"acf":[],"yoast_head":"<!-- This site is optimized with the Yoast SEO Premium plugin v21.3 (Yoast SEO v25.6) - https:\/\/yoast.com\/wordpress\/plugins\/seo\/ -->\n<title>The Witcher saison 5 : date de sortie, casting<\/title>\n<meta name=\"description\" content=\"The Witcher saison 5 sortira en 2026 sur Netflix (fin d&#039;ann\u00e9e probable). Saison finale avec Liam Hemsworth, adaptation de La Dame du Lac : le point complet.\" \/>\n<meta name=\"robots\" content=\"index, follow, max-snippet:-1, max-image-preview:large, max-video-preview:-1\" \/>\n<link rel=\"canonical\" href=\"https:\/\/culture-series.fr\/blog\/guides-de-visionnage\/the-witcher-saison-5\/\" \/>\n<meta property=\"og:locale\" content=\"fr_FR\" \/>\n<meta property=\"og:type\" content=\"article\" \/>\n<meta property=\"og:title\" content=\"The Witcher saison 5 : date de sortie, casting\" \/>\n<meta property=\"og:description\" content=\"The Witcher saison 5 sortira en 2026 sur Netflix (fin d&#039;ann\u00e9e probable). Saison finale avec Liam Hemsworth, adaptation de La Dame du Lac : le point complet.\" \/>\n<meta property=\"og:url\" content=\"https:\/\/culture-series.fr\/blog\/guides-de-visionnage\/the-witcher-saison-5\/\" \/>\n<meta property=\"og:site_name\" content=\"culture-series\" \/>\n<meta property=\"og:image\" content=\"https:\/\/images.pexels.com\/photos\/6951509\/pexels-photo-6951509.jpeg?auto=compress&cs=tinysrgb&fit=crop&h=627&w=1200\" \/>\n<meta name=\"author\" content=\"Julien Vaillant\" \/>\n<meta name=\"twitter:card\" content=\"summary_large_image\" \/>\n<meta name=\"twitter:image\" content=\"https:\/\/images.pexels.com\/photos\/6951509\/pexels-photo-6951509.jpeg?auto=compress&cs=tinysrgb&fit=crop&h=627&w=1200\" \/>\n<script type=\"application\/ld+json\" class=\"yoast-schema-graph\">{\"@context\":\"https:\/\/schema.org\",\"@graph\":[{\"@type\":\"NewsArticle\",\"@id\":\"https:\/\/culture-series.fr\/blog\/guides-de-visionnage\/the-witcher-saison-5\/#article\",\"isPartOf\":{\"@id\":\"https:\/\/culture-series.fr\/blog\/guides-de-visionnage\/the-witcher-saison-5\/\"},\"author\":{\"name\":\"Julien Vaillant\",\"@id\":\"https:\/\/culture-series.fr\/blog\/#\/schema\/person\/63214f68ef306e4d41a246ede54b4bb4\"},\"headline\":\"The Witcher saison 5 : date de sortie, casting, \u00e9pisodes \u2014 ce que l&rsquo;on sait\",\"datePublished\":\"2026-07-12T21:10:02+00:00\",\"mainEntityOfPage\":{\"@id\":\"https:\/\/culture-series.fr\/blog\/guides-de-visionnage\/the-witcher-saison-5\/\"},\"wordCount\":843,\"publisher\":{\"@id\":\"https:\/\/culture-series.fr\/blog\/#organization\"},\"image\":{\"@id\":\"https:\/\/culture-series.fr\/blog\/guides-de-visionnage\/the-witcher-saison-5\/#primaryimage\"},\"thumbnailUrl\":\"https:\/\/images.pexels.com\/photos\/6951509\/pexels-photo-6951509.jpeg?auto=compress&cs=tinysrgb&fit=crop&h=627&w=1200\",\"articleSection\":[\"Guides de Visionnage\"],\"inLanguage\":\"fr-FR\"},{\"@type\":\"WebPage\",\"@id\":\"https:\/\/culture-series.fr\/blog\/guides-de-visionnage\/the-witcher-saison-5\/\",\"url\":\"https:\/\/culture-series.fr\/blog\/guides-de-visionnage\/the-witcher-saison-5\/\",\"name\":\"The Witcher saison 5 : date de sortie, casting\",\"isPartOf\":{\"@id\":\"https:\/\/culture-series.fr\/blog\/#website\"},\"primaryImageOfPage\":{\"@id\":\"https:\/\/culture-series.fr\/blog\/guides-de-visionnage\/the-witcher-saison-5\/#primaryimage\"},\"image\":{\"@id\":\"https:\/\/culture-series.fr\/blog\/guides-de-visionnage\/the-witcher-saison-5\/#primaryimage\"},\"thumbnailUrl\":\"https:\/\/images.pexels.com\/photos\/6951509\/pexels-photo-6951509.jpeg?auto=compress&cs=tinysrgb&fit=crop&h=627&w=1200\",\"datePublished\":\"2026-07-12T21:10:02+00:00\",\"description\":\"The Witcher saison 5 sortira en 2026 sur Netflix (fin d'ann\u00e9e probable). Saison finale avec Liam Hemsworth, adaptation de La Dame du Lac : le point complet.\",\"inLanguage\":\"fr-FR\",\"potentialAction\":[{\"@type\":\"ReadAction\",\"target\":[\"https:\/\/culture-series.fr\/blog\/guides-de-visionnage\/the-witcher-saison-5\/\"]}]},{\"@type\":\"ImageObject\",\"inLanguage\":\"fr-FR\",\"@id\":\"https:\/\/culture-series.fr\/blog\/guides-de-visionnage\/the-witcher-saison-5\/#primaryimage\",\"url\":\"https:\/\/images.pexels.com\/photos\/6951509\/pexels-photo-6951509.jpeg?auto=compress&cs=tinysrgb&fit=crop&h=627&w=1200\",\"contentUrl\":\"https:\/\/images.pexels.com\/photos\/6951509\/pexels-photo-6951509.jpeg?auto=compress&cs=tinysrgb&fit=crop&h=627&w=1200\"},{\"@type\":\"WebSite\",\"@id\":\"https:\/\/culture-series.fr\/blog\/#website\",\"url\":\"https:\/\/culture-series.fr\/blog\/\",\"name\":\"culture-series.Fr\",\"description\":\"Culture &amp; Series, l&#039;univers des s\u00e9ries en profondeur\",\"publisher\":{\"@id\":\"https:\/\/culture-series.fr\/blog\/#organization\"},\"alternateName\":\"Culture & Series, l'univers des s\u00e9ries en profondeur\",\"potentialAction\":[{\"@type\":\"SearchAction\",\"target\":{\"@type\":\"EntryPoint\",\"urlTemplate\":\"https:\/\/culture-series.fr\/blog\/?s={search_term_string}\"},\"query-input\":{\"@type\":\"PropertyValueSpecification\",\"valueRequired\":true,\"valueName\":\"search_term_string\"}}],\"inLanguage\":\"fr-FR\"},{\"@type\":\"Organization\",\"@id\":\"https:\/\/culture-series.fr\/blog\/#organization\",\"name\":\"Foretsensations.fr\",\"url\":\"https:\/\/culture-series.fr\/blog\/\",\"logo\":{\"@type\":\"ImageObject\",\"inLanguage\":\"fr-FR\",\"@id\":\"https:\/\/culture-series.fr\/blog\/#\/schema\/logo\/image\/\",\"url\":\"https:\/\/culture-series.fr\/blog\/wp-content\/uploads\/2024\/12\/27.png\",\"contentUrl\":\"https:\/\/culture-series.fr\/blog\/wp-content\/uploads\/2024\/12\/27.png\",\"width\":500,\"height\":500,\"caption\":\"Foretsensations.fr\"},\"image\":{\"@id\":\"https:\/\/culture-series.fr\/blog\/#\/schema\/logo\/image\/\"}},{\"@type\":\"Person\",\"@id\":\"https:\/\/culture-series.fr\/blog\/#\/schema\/person\/63214f68ef306e4d41a246ede54b4bb4\",\"name\":\"Julien Vaillant\",\"image\":{\"@type\":\"ImageObject\",\"inLanguage\":\"fr-FR\",\"@id\":\"https:\/\/culture-series.fr\/blog\/#\/schema\/person\/image\/\",\"url\":\"https:\/\/secure.gravatar.com\/avatar\/?s=96&d=mm&r=g\",\"contentUrl\":\"https:\/\/secure.gravatar.com\/avatar\/?s=96&d=mm&r=g\",\"caption\":\"Julien Vaillant\"},\"description\":\"Julien Bernard est consultant en m\u00e9dias et expert en strat\u00e9gies de contenu. Il aide les plateformes de streaming et les cr\u00e9ateurs de contenu \u00e0 optimiser leurs s\u00e9ries pour atteindre un public plus large et engager les spectateurs de mani\u00e8re efficace.\",\"url\":\"https:\/\/culture-series.fr\/blog\/auteur\/julien-bernard\/\"}]}<\/script>\n<!-- \/ Yoast SEO Premium plugin. -->","yoast_head_json":{"title":"The Witcher saison 5 : date de sortie, casting","description":"The Witcher saison 5 sortira en 2026 sur Netflix (fin d'ann\u00e9e probable). Saison finale avec Liam Hemsworth, adaptation de La Dame du Lac : le point complet.","robots":{"index":"index","follow":"follow","max-snippet":"max-snippet:-1","max-image-preview":"max-image-preview:large","max-video-preview":"max-video-preview:-1"},"canonical":"https:\/\/culture-series.fr\/blog\/guides-de-visionnage\/the-witcher-saison-5\/","og_locale":"fr_FR","og_type":"article","og_title":"The Witcher saison 5 : date de sortie, casting","og_description":"The Witcher saison 5 sortira en 2026 sur Netflix (fin d'ann\u00e9e probable). Saison finale avec Liam Hemsworth, adaptation de La Dame du Lac : le point complet.","og_url":"https:\/\/culture-series.fr\/blog\/guides-de-visionnage\/the-witcher-saison-5\/","og_site_name":"culture-series","og_image":[{"url":"https:\/\/images.pexels.com\/photos\/6951509\/pexels-photo-6951509.jpeg?auto=compress&cs=tinysrgb&fit=crop&h=627&w=1200","type":"","width":"","height":""}],"author":"Julien Vaillant","twitter_card":"summary_large_image","twitter_image":"https:\/\/images.pexels.com\/photos\/6951509\/pexels-photo-6951509.jpeg?auto=compress&cs=tinysrgb&fit=crop&h=627&w=1200","schema":{"@context":"https:\/\/schema.org","@graph":[{"@type":"NewsArticle","@id":"https:\/\/culture-series.fr\/blog\/guides-de-visionnage\/the-witcher-saison-5\/#article","isPartOf":{"@id":"https:\/\/culture-series.fr\/blog\/guides-de-visionnage\/the-witcher-saison-5\/"},"author":{"name":"Julien Vaillant","@id":"https:\/\/culture-series.fr\/blog\/#\/schema\/person\/63214f68ef306e4d41a246ede54b4bb4"},"headline":"The Witcher saison 5 : date de sortie, casting, \u00e9pisodes \u2014 ce que l&rsquo;on sait","datePublished":"2026-07-12T21:10:02+00:00","mainEntityOfPage":{"@id":"https:\/\/culture-series.fr\/blog\/guides-de-visionnage\/the-witcher-saison-5\/"},"wordCount":843,"publisher":{"@id":"https:\/\/culture-series.fr\/blog\/#organization"},"image":{"@id":"https:\/\/culture-series.fr\/blog\/guides-de-visionnage\/the-witcher-saison-5\/#primaryimage"},"thumbnailUrl":"https:\/\/images.pexels.com\/photos\/6951509\/pexels-photo-6951509.jpeg?auto=compress&cs=tinysrgb&fit=crop&h=627&w=1200","articleSection":["Guides de Visionnage"],"inLanguage":"fr-FR"},{"@type":"WebPage","@id":"https:\/\/culture-series.fr\/blog\/guides-de-visionnage\/the-witcher-saison-5\/","url":"https:\/\/culture-series.fr\/blog\/guides-de-visionnage\/the-witcher-saison-5\/","name":"The Witcher saison 5 : date de sortie, casting","isPartOf":{"@id":"https:\/\/culture-series.fr\/blog\/#website"},"primaryImageOfPage":{"@id":"https:\/\/culture-series.fr\/blog\/guides-de-visionnage\/the-witcher-saison-5\/#primaryimage"},"image":{"@id":"https:\/\/culture-series.fr\/blog\/guides-de-visionnage\/the-witcher-saison-5\/#primaryimage"},"thumbnailUrl":"https:\/\/images.pexels.com\/photos\/6951509\/pexels-photo-6951509.jpeg?auto=compress&cs=tinysrgb&fit=crop&h=627&w=1200","datePublished":"2026-07-12T21:10:02+00:00","description":"The Witcher saison 5 sortira en 2026 sur Netflix (fin d'ann\u00e9e probable). Saison finale avec Liam Hemsworth, adaptation de La Dame du Lac : le point complet.","inLanguage":"fr-FR","potentialAction":[{"@type":"ReadAction","target":["https:\/\/culture-series.fr\/blog\/guides-de-visionnage\/the-witcher-saison-5\/"]}]},{"@type":"ImageObject","inLanguage":"fr-FR","@id":"https:\/\/culture-series.fr\/blog\/guides-de-visionnage\/the-witcher-saison-5\/#primaryimage","url":"https:\/\/images.pexels.com\/photos\/6951509\/pexels-photo-6951509.jpeg?auto=compress&cs=tinysrgb&fit=crop&h=627&w=1200","contentUrl":"https:\/\/images.pexels.com\/photos\/6951509\/pexels-photo-6951509.jpeg?auto=compress&cs=tinysrgb&fit=crop&h=627&w=1200"},{"@type":"WebSite","@id":"https:\/\/culture-series.fr\/blog\/#website","url":"https:\/\/culture-series.fr\/blog\/","name":"culture-series.Fr","description":"Culture &amp; Series, l&#039;univers des s\u00e9ries en profondeur","publisher":{"@id":"https:\/\/culture-series.fr\/blog\/#organization"},"alternateName":"Culture & Series, l'univers des s\u00e9ries en profondeur","potentialAction":[{"@type":"SearchAction","target":{"@type":"EntryPoint","urlTemplate":"https:\/\/culture-series.fr\/blog\/?s={search_term_string}"},"query-input":{"@type":"PropertyValueSpecification","valueRequired":true,"valueName":"search_term_string"}}],"inLanguage":"fr-FR"},{"@type":"Organization","@id":"https:\/\/culture-series.fr\/blog\/#organization","name":"Foretsensations.fr","url":"https:\/\/culture-series.fr\/blog\/","logo":{"@type":"ImageObject","inLanguage":"fr-FR","@id":"https:\/\/culture-series.fr\/blog\/#\/schema\/logo\/image\/","url":"https:\/\/culture-series.fr\/blog\/wp-content\/uploads\/2024\/12\/27.png","contentUrl":"https:\/\/culture-series.fr\/blog\/wp-content\/uploads\/2024\/12\/27.png","width":500,"height":500,"caption":"Foretsensations.fr"},"image":{"@id":"https:\/\/culture-series.fr\/blog\/#\/schema\/logo\/image\/"}},{"@type":"Person","@id":"https:\/\/culture-series.fr\/blog\/#\/schema\/person\/63214f68ef306e4d41a246ede54b4bb4","name":"Julien Vaillant","image":{"@type":"ImageObject","inLanguage":"fr-FR","@id":"https:\/\/culture-series.fr\/blog\/#\/schema\/person\/image\/","url":"https:\/\/secure.gravatar.com\/avatar\/?s=96&d=mm&r=g","contentUrl":"https:\/\/secure.gravatar.com\/avatar\/?s=96&d=mm&r=g","caption":"Julien Vaillant"},"description":"Julien Bernard est consultant en m\u00e9dias et expert en strat\u00e9gies de contenu. Il aide les plateformes de streaming et les cr\u00e9ateurs de contenu \u00e0 optimiser leurs s\u00e9ries pour atteindre un public plus large et engager les spectateurs de mani\u00e8re efficace.","url":"https:\/\/culture-series.fr\/blog\/auteur\/julien-bernard\/"}]}},"_links":{"self":[{"href":"https:\/\/culture-series.fr\/blog\/wp-json\/wp\/v2\/posts\/8163","targetHints":{"allow":["GET"]}}],"collection":[{"href":"https:\/\/culture-series.fr\/blog\/wp-json\/wp\/v2\/posts"}],"about":[{"href":"https:\/\/culture-series.fr\/blog\/wp-json\/wp\/v2\/types\/post"}],"author":[{"embeddable":true,"href":"https:\/\/culture-series.fr\/blog\/wp-json\/wp\/v2\/users\/42"}],"replies":[{"embeddable":true,"href":"https:\/\/culture-series.fr\/blog\/wp-json\/wp\/v2\/comments?post=8163"}],"version-history":[{"count":0,"href":"https:\/\/culture-series.fr\/blog\/wp-json\/wp\/v2\/posts\/8163\/revisions"}],"wp:attachment":[{"href":"https:\/\/culture-series.fr\/blog\/wp-json\/wp\/v2\/media?parent=8163"}],"wp:term":[{"taxonomy":"category","embeddable":true,"href":"https:\/\/culture-series.fr\/blog\/wp-json\/wp\/v2\/categories?post=8163"},{"taxonomy":"post_tag","embeddable":true,"href":"https:\/\/culture-series.fr\/blog\/wp-json\/wp\/v2\/tags?post=8163"}],"curies":[{"name":"wp","href":"https:\/\/api.w.org\/{rel}","templated":true}]}}