{"id":8162,"date":"2026-07-12T23:09:57","date_gmt":"2026-07-12T21:09:57","guid":{"rendered":"https:\/\/culture-series.fr\/blog\/guides-de-visionnage\/the-last-of-us-saison-3\/"},"modified":"2026-07-19T10:54:01","modified_gmt":"2026-07-19T08:54:01","slug":"the-last-of-us-saison-3","status":"publish","type":"post","link":"https:\/\/culture-series.fr\/blog\/guides-de-visionnage\/the-last-of-us-saison-3\/","title":{"rendered":"The Last of Us saison 3 : date de sortie, casting, \u00e9pisodes \u2014 ce que l&rsquo;on sait"},"content":{"rendered":"<link rel=\"stylesheet\" href=\"https:\/\/fonts.googleapis.com\/css2?family=Space+Grotesk:wght@500;600;700&#038;family=Inter:wght@400;500;600&#038;family=JetBrains+Mono:wght@500&#038;display=swap\">\n<style>\n.csr-ib-wrap{font-family:'Inter',-apple-system,BlinkMacSystemFont,sans-serif;color:#1b1c19;line-height:1.65;}\n.csr-ib-wrap p{font-size:17px;line-height:1.68;color:#26271f;}\n.csr-ib-wrap h2{font-family:'Space Grotesk','Inter',sans-serif;font-size:clamp(24px,3.2vw,33px);font-weight:700;letter-spacing:-0.02em;color:#10110f;margin:50px 0 14px;line-height:1.18;}\n.csr-ib-wrap h3{font-family:'Space Grotesk','Inter',sans-serif;font-size:20px;font-weight:600;letter-spacing:-0.01em;color:#15170f;margin:26px 0 8px;}\n.csr-ib-lead{font-family:'Inter',sans-serif;font-size:19px;line-height:1.58;color:#2a2c24;font-weight:500;margin:6px 0 26px;}\n.csr-ib-kicker{font-family:'JetBrains Mono',monospace;font-size:12px;font-weight:500;text-transform:uppercase;letter-spacing:2.4px;color:#1f7a4d;}\n.csr-ib-badge{display:inline-flex;flex-wrap:wrap;align-items:center;gap:8px;background:#eef7f1;border:1px solid #cfe5d6;border-radius:999px;padding:9px 18px;margin:0 0 20px;font-family:'JetBrains Mono',monospace;font-size:12px;letter-spacing:.4px;color:#2c4a38;}\n.csr-ib-badge strong{color:#155c39;font-weight:500;}\n.csr-ib-badge .csr-ib-dot{width:8px;height:8px;border-radius:50%;background:#1f7a4d;flex:0 0 auto;animation:csribpulse 2s infinite;}\n@keyframes csribpulse{0%,100%{opacity:1}50%{opacity:.35}}\n.csr-ib-brief{background:#0f1310;border-left:5px solid #5ed68f;border-radius:0 10px 10px 0;padding:24px 28px;margin:0 0 30px;box-shadow:0 1px 2px rgba(10,16,12,.06),0 16px 34px -20px rgba(10,16,12,.5);}\n.csr-ib-brief .csr-ib-kicker{color:#5ed68f;}\n.csr-ib-ans{font-size:18px;line-height:1.62;color:#eef4ee;font-weight:500;margin:10px 0 16px;}\n.csr-ib-blist{margin:0;padding:0;list-style:none;display:grid;gap:9px;}\n.csr-ib-blist li{display:flex;gap:11px;align-items:flex-start;font-size:14.5px;line-height:1.5;color:#cdd6cd;}\n.csr-ib-blist li span{flex:0 0 auto;color:#5ed68f;font-weight:700;}\n.csr-ib-grid{display:grid;grid-template-columns:repeat(auto-fit,minmax(230px,1fr));gap:16px;margin:28px 0;}\n.csr-ib-card{background:#fff;border:1px solid #e2e7e0;border-top:3px solid #1f7a4d;border-radius:8px;padding:20px 20px 18px;transition:.25s ease;}\n.csr-ib-card:hover{transform:translateY(-3px);box-shadow:0 1px 2px rgba(16,24,20,.05),0 14px 30px -16px rgba(16,24,20,.28);}\n.csr-ib-card .csr-ib-num{font-family:'JetBrains Mono',monospace;font-size:13px;font-weight:500;color:#1f7a4d;}\n.csr-ib-card h3{margin:8px 0 6px;font-size:17px;}\n.csr-ib-card .csr-ib-txt{font-size:14px;line-height:1.55;color:#48504a;}\n.csr-ib-note{background:#eef7f1;border-left:4px solid #1f7a4d;border-radius:0 6px 6px 0;padding:15px 20px;margin:22px 0;}\n.csr-ib-note strong{display:inline-block;font-family:'JetBrains Mono',monospace;color:#155c39;font-size:12px;text-transform:uppercase;letter-spacing:1.6px;margin-right:8px;}\n.csr-ib-note span{font-size:15px;line-height:1.58;color:#2c322c;}\n.csr-ib-table{margin:28px 0;overflow-x:auto;border:1px solid #e2e7e0;border-radius:8px;}\n.csr-ib-table table{width:100%;border-collapse:collapse;font-size:14.5px;color:#26271f;min-width:520px;}\n.csr-ib-table th{background:#10110f;color:#eef4ee;text-align:left;padding:13px 17px;font-family:'JetBrains Mono',monospace;font-size:11px;font-weight:500;text-transform:uppercase;letter-spacing:1.4px;}\n.csr-ib-table td{padding:13px 17px;border-bottom:1px solid #eef2ec;}\n.csr-ib-table tr:nth-child(even) td{background:#f8faf7;}\n.csr-ib-table td:first-child{font-weight:600;color:#15170f;}\n.csr-ib-video{position:relative;padding-bottom:56.25%;height:0;margin:26px 0;border-radius:10px;overflow:hidden;background:#0f1310;box-shadow:0 16px 34px -20px rgba(10,16,12,.5);}\n.csr-ib-video iframe{position:absolute;inset:0;width:100%;height:100%;border:0;}\n.csr-ib-cap{font-size:13px;color:#6a7168;margin:-16px 0 26px;}\n.csr-ib-retenir{background:#f7faf6;border:1px solid #dfe7dc;border-radius:10px;padding:24px 26px 26px;margin:40px 0;}\n.csr-ib-rgrid{display:grid;grid-template-columns:repeat(auto-fit,minmax(245px,1fr));gap:10px;}\n.csr-ib-ritem{display:flex;gap:12px;background:#fff;border:1px solid #e7ece4;border-radius:7px;padding:13px 15px;align-items:flex-start;}\n.csr-ib-ritem .csr-ib-rn{flex:0 0 26px;width:26px;height:26px;background:#1f7a4d;color:#fff;border-radius:50%;display:inline-flex;align-items:center;justify-content:center;font-family:'JetBrains Mono',monospace;font-size:12px;font-weight:500;}\n.csr-ib-ritem .csr-ib-rt{font-size:14px;line-height:1.5;color:#2a2e26;}\n.csr-ib-faq{margin:36px 0 10px;}\n.csr-ib-faq .csr-ib-fd{border-bottom:1px solid #dfe4db;}\n.csr-ib-faq summary{cursor:pointer;padding:17px 0;font-family:'Space Grotesk',sans-serif;font-size:17px;font-weight:600;color:#10110f;list-style:none;display:flex;justify-content:space-between;align-items:center;gap:14px;}\n.csr-ib-faq summary::-webkit-details-marker{display:none;}\n.csr-ib-faq summary .csr-ib-pl{font-size:22px;font-weight:300;color:#1f7a4d;line-height:1;transition:.25s ease;}\n.csr-ib-faq details[open] summary .csr-ib-pl{transform:rotate(45deg);}\n.csr-ib-faq .csr-ib-fa{padding:0 0 18px;font-size:15.5px;line-height:1.7;color:#454b44;}\n\/*RENDERFIX2*\/.csr-ib-brief{color:#eef3f9!important}.csr-ib-brief p,.csr-ib-brief li,.csr-ib-brief strong,.csr-ib-brief em,.csr-ib-brief a,.csr-ib-brief span,.csr-ib-brief b,.csr-ib-brief td,.csr-ib-brief th,.csr-ib-brief h2,.csr-ib-brief h3,.csr-ib-brief h4{color:#eef3f9!important}.csr-ib-brief strong,.csr-ib-brief b{color:#ffffff!important}.csr-ib-brief a{text-decoration:underline}.csr-ib-table th{color:#eef3f9!important}.csr-ib-table th strong,.csr-ib-table th b{color:#ffffff!important}.csr-ib-ritem .csr-ib-rn{color:#eef3f9!important}\n<\/style>\n<div class=\"csr-ib-wrap\">\n<div class=\"csr-ib-badge\"><span class=\"csr-ib-dot\"><\/span><strong>Derni\u00e8re mise \u00e0 jour : 19 juillet 2026<\/strong>&nbsp;\u00b7 Page vivante \u2014 mise \u00e0 jour \u00e0 chaque annonce officielle<\/div>\n<div class=\"csr-ib-lead\"><strong>The Last of Us saison 3 sortira en 2027 sur HBO Max \u2014 l&rsquo;ann\u00e9e est officiellement confirm\u00e9e par HBO<\/strong>, sans mois pr\u00e9cis pour l&rsquo;instant. Le tournage a d\u00e9marr\u00e9 le 1er avril 2026 \u00e0 Vancouver, avec un basculement narratif majeur : Kaitlyn Dever (Abby) devient le personnage central de la saison.<\/div>\n<div class=\"csr-ib-brief\">\n<div class=\"csr-ib-kicker\">En bref<\/div>\n<div class=\"csr-ib-ans\">Renouvel\u00e9e avant m\u00eame la fin de la saison 2, la <strong>saison 3 de The Last of Us<\/strong> est en tournage depuis avril 2026 pour une sortie <strong>en 2027<\/strong> (ann\u00e9e confirm\u00e9e, mois inconnu). Elle adaptera la seconde moiti\u00e9 de <em>The Last of Us Part II<\/em> : les trois m\u00eames jours \u00e0 Seattle, rev\u00e9cus <strong>du point de vue d&rsquo;Abby<\/strong>. Craig Mazin est d\u00e9sormais seul showrunner apr\u00e8s le d\u00e9part de Neil Druckmann.<\/div>\n<ul class=\"csr-ib-blist\">\n<li><span>\u25b8<\/span> Tournage lanc\u00e9 le 1er avril 2026 \u00e0 Vancouver \u2014 sortie 2027 confirm\u00e9e par HBO.<\/li>\n<li><span>\u25b8<\/span> Kaitlyn Dever (Abby) au centre ; Bella Ramsey (Ellie) et Isabela Merced (Dina) en retrait.<\/li>\n<li><span>\u25b8<\/span> HBO a laiss\u00e9 entendre que la saison 3 serait probablement la derni\u00e8re (d\u00e9claration, pas d\u00e9cision formelle).<\/li>\n<\/ul>\n<\/div>\n<h2>The Last of Us saison 3 : le r\u00e9cap express<\/h2>\n<div class=\"csr-ib-table\">\n<table>\n<tr>\n<th>\u00c9l\u00e9ment<\/th>\n<th>D\u00e9tail<\/th>\n<th>Fiabilit\u00e9<\/th>\n<\/tr>\n<tr>\n<td>Statut<\/td>\n<td>En tournage \u00e0 Vancouver, fin de tournage vis\u00e9e fin novembre 2026<\/td>\n<td>V\u00e9rifi\u00e9<\/td>\n<\/tr>\n<tr>\n<td>Date de sortie<\/td>\n<td>2027<\/td>\n<td>Ann\u00e9e confirm\u00e9e par HBO, mois inconnu<\/td>\n<\/tr>\n<tr>\n<td>Plateforme<\/td>\n<td>HBO Max<\/td>\n<td>V\u00e9rifi\u00e9<\/td>\n<\/tr>\n<tr>\n<td>\u00c9pisodes<\/td>\n<td>Non annonc\u00e9 (la S2 en comptait 7 ; une saison plus longue a \u00e9t\u00e9 \u00e9voqu\u00e9e)<\/td>\n<td>Non confirm\u00e9<\/td>\n<\/tr>\n<tr>\n<td>Casting principal<\/td>\n<td>Kaitlyn Dever, Bella Ramsey, Isabela Merced, Jeffrey Wright, Danny Ramirez<\/td>\n<td>V\u00e9rifi\u00e9<\/td>\n<\/tr>\n<tr>\n<td>Showrunner<\/td>\n<td>Craig Mazin (seul, apr\u00e8s le d\u00e9part de Neil Druckmann)<\/td>\n<td>V\u00e9rifi\u00e9<\/td>\n<\/tr>\n<\/table>\n<\/div>\n<h2>Le casting : Abby prend le premier r\u00f4le<\/h2>\n<p>C&rsquo;est le grand renversement de cette saison 3 : <strong>Kaitlyn Dever<\/strong>, introduite en Abby dans la saison 2, devient la protagoniste. <strong>Bella Ramsey<\/strong> (Ellie) et <strong>Isabela Merced<\/strong> (Dina) restent au g\u00e9n\u00e9rique mais passent au second plan \u2014 exactement comme le jeu inverse la perspective \u00e0 mi-parcours. Autour d&rsquo;eux : <strong>Jeffrey Wright<\/strong> (Isaac, le chef du WLF), <strong>Danny Ramirez<\/strong> (Manny) et <strong>Ariela Barer<\/strong> (Mel), plus plusieurs personnages cl\u00e9s du jeu ajout\u00e9s \u00e0 la distribution au fil des annonces de production.<\/p>\n<h2>Ce que l&rsquo;on sait de l&rsquo;intrigue<\/h2>\n<div class=\"csr-ib-note\"><strong>Spoilers l\u00e9gers<\/strong> <span>Les lignes qui suivent situent le point de d\u00e9part de la saison sans r\u00e9v\u00e9ler les sc\u00e8nes du jeu. Si vous voulez arriver totalement vierge, filez \u00e0 la FAQ.<\/span><\/div>\n<p>La saison 3 adaptera la seconde moiti\u00e9 de <em>The Last of Us Part II<\/em> : les trois jours \u00e0 Seattle d\u00e9j\u00e0 travers\u00e9s par Ellie dans la saison 2, cette fois rev\u00e9cus du c\u00f4t\u00e9 d&rsquo;Abby, entre la milice du WLF et le culte des S\u00e9raphites. Les trajectoires des deux femmes se croisent \u2014 le spectateur qui a vu la saison 2 sait o\u00f9, mais pas comment. C\u00f4t\u00e9 coulisses, <strong>Neil Druckmann est retourn\u00e9 chez Naughty Dog<\/strong> \u00e0 l&rsquo;\u00e9t\u00e9 2025 (comme Halley Gross et Bo Shim) : <strong>Craig Mazin pilote donc seul<\/strong> la saison, \u00e9paul\u00e9 en \u00e9criture par Ryan James et Alexandra Cheng. Le patron de HBO, Casey Bloys, a par ailleurs indiqu\u00e9 que cette saison 3 serait \u00ab probablement la derni\u00e8re \u00bb \u2014 une d\u00e9claration d&rsquo;intention, pas une annonce d&rsquo;annulation.<\/p>\n<p>C\u00f4t\u00e9 production, le tournage a observ\u00e9 une <strong>pause d&rsquo;un mois en juin 2026<\/strong> avant de reprendre : un simple arr\u00eat de calendrier, et non un arr\u00eat de la s\u00e9rie comme l&rsquo;ont laiss\u00e9 craindre plusieurs relais. Les prises de vues doivent d\u00e9sormais courir jusqu&rsquo;\u00e0 <strong>fin novembre 2026<\/strong>, ce qui laisse toute l&rsquo;ann\u00e9e 2027 pour la post-production et une diffusion dans la fen\u00eatre annonc\u00e9e par HBO.<\/p>\n<h2>En attendant 2027 : voir, revoir, jouer<\/h2>\n<p>Les saisons 1 et 2 sont disponibles sur HBO Max. Et si l&rsquo;attente est trop longue, le mat\u00e9riau d&rsquo;origine est la meilleure salle d&rsquo;attente possible : on vous explique <a href=\"https:\/\/culture-series.fr\/blog\/guides-de-visionnage\/de-la-serie-au-jeu-jouer-aux-jeux-derriere-the-last-of-us-fallout-et-arcane-sans-payer-plein-tarif\/\">comment jouer \u00e0 The Last of Us Part I et Part II sur PC sans payer plein tarif<\/a>. Pour situer cette sortie parmi toutes les suites attendues, direction notre <a href=\"https:\/\/culture-series.fr\/blog\/guides-de-visionnage\/calendrier-series-2026-2027\/\">calendrier des s\u00e9ries 2026-2027<\/a> \u2014 o\u00f9 figure aussi l&rsquo;autre grosse adaptation de jeu vid\u00e9o en route, <a href=\"https:\/\/culture-series.fr\/blog\/guides-de-visionnage\/fallout-saison-3\/\">Fallout saison 3<\/a>.<\/p>\n<div class=\"csr-ib-retenir\">\n<div class=\"csr-ib-rgrid\">\n<div class=\"csr-ib-ritem\"><span class=\"csr-ib-rn\">1<\/span><span class=\"csr-ib-rt\">Sortie en 2027 sur HBO Max \u2014 l&rsquo;ann\u00e9e est confirm\u00e9e, le mois ne l&rsquo;est pas encore.<\/span><\/div>\n<div class=\"csr-ib-ritem\"><span class=\"csr-ib-rn\">2<\/span><span class=\"csr-ib-rt\">Abby (Kaitlyn Dever) devient le personnage principal ; le r\u00e9cit reprend les trois jours de Seattle de son point de vue.<\/span><\/div>\n<div class=\"csr-ib-ritem\"><span class=\"csr-ib-rn\">3<\/span><span class=\"csr-ib-rt\">Pas encore de trailer : le tournage court jusqu&rsquo;\u00e0 fin novembre 2026 (apr\u00e8s une pause en juin). Cette page sera mise \u00e0 jour d\u00e8s sa publication.<\/span><\/div>\n<\/div>\n<\/div>\n<div class=\"csr-ib-faq\">\n<details class=\"csr-ib-fd\">\n<summary>Quand sort The Last of Us saison 3 ?<span class=\"csr-ib-pl\">+<\/span><\/summary>\n<div class=\"csr-ib-fa\">En 2027 sur HBO Max : l&rsquo;ann\u00e9e a \u00e9t\u00e9 confirm\u00e9e officiellement par HBO, sans mois pr\u00e9cis. Le tournage a d\u00e9but\u00e9 le 1er avril 2026 \u00e0 Vancouver. Les \u00e9vocations d&rsquo;un \u00ab d\u00e9but 2027 \u00bb dans la presse restent des estimations.<\/div>\n<\/details>\n<details class=\"csr-ib-fd\">\n<summary>Combien d&rsquo;\u00e9pisodes comptera la saison 3 ?<span class=\"csr-ib-pl\">+<\/span><\/summary>\n<div class=\"csr-ib-fa\">Le nombre n&rsquo;est pas annonc\u00e9. La saison 2 comptait 7 \u00e9pisodes, et Craig Mazin a \u00e9voqu\u00e9 une saison potentiellement plus longue pour couvrir la partie d&rsquo;Abby \u2014 \u00e0 consid\u00e9rer comme non confirm\u00e9 tant que HBO n&rsquo;a rien officialis\u00e9.<\/div>\n<\/details>\n<details class=\"csr-ib-fd\">\n<summary>Pourquoi Abby devient-elle le personnage principal ?<span class=\"csr-ib-pl\">+<\/span><\/summary>\n<div class=\"csr-ib-fa\">Parce que la s\u00e9rie suit la structure du jeu The Last of Us Part II, qui bascule \u00e0 mi-parcours vers le point de vue d&rsquo;Abby pendant les trois jours de Seattle. La saison 2 racontait la version d&rsquo;Ellie ; la saison 3 racontera la m\u00eame p\u00e9riode c\u00f4t\u00e9 Abby, incarn\u00e9e par Kaitlyn Dever.<\/div>\n<\/details>\n<details class=\"csr-ib-fd\">\n<summary>Est-ce la derni\u00e8re saison de The Last of Us ?<span class=\"csr-ib-pl\">+<\/span><\/summary>\n<div class=\"csr-ib-fa\">Probablement, mais ce n&rsquo;est pas grav\u00e9 dans le marbre : Casey Bloys (HBO) a d\u00e9clar\u00e9 que la saison 3 serait vraisemblablement la derni\u00e8re, sans annonce formelle. La r\u00e9ponse d\u00e9pendra aussi de la mani\u00e8re dont Craig Mazin choisit de d\u00e9couper la fin du r\u00e9cit.<\/div>\n<\/details>\n<\/div>\n<p><script type=\"application\/ld+json\">{\"@context\": \"https:\/\/schema.org\", \"@type\": \"FAQPage\", \"mainEntity\": [{\"@type\": \"Question\", \"name\": \"Quand sort The Last of Us saison 3 ?\", \"acceptedAnswer\": {\"@type\": \"Answer\", \"text\": \"En 2027 sur HBO Max : l'ann\u00e9e a \u00e9t\u00e9 confirm\u00e9e officiellement par HBO, sans mois pr\u00e9cis. Le tournage a d\u00e9but\u00e9 le 1er avril 2026 \u00e0 Vancouver. Les \u00e9vocations d'un \u00ab d\u00e9but 2027 \u00bb dans la presse restent des estimations.\"}}, {\"@type\": \"Question\", \"name\": \"Combien d'\u00e9pisodes comptera la saison 3 ?\", \"acceptedAnswer\": {\"@type\": \"Answer\", \"text\": \"Le nombre n'est pas annonc\u00e9. La saison 2 comptait 7 \u00e9pisodes, et Craig Mazin a \u00e9voqu\u00e9 une saison potentiellement plus longue pour couvrir la partie d'Abby \u2014 \u00e0 consid\u00e9rer comme non confirm\u00e9 tant que HBO n'a rien officialis\u00e9.\"}}, {\"@type\": \"Question\", \"name\": \"Pourquoi Abby devient-elle le personnage principal ?\", \"acceptedAnswer\": {\"@type\": \"Answer\", \"text\": \"Parce que la s\u00e9rie suit la structure du jeu The Last of Us Part II, qui bascule \u00e0 mi-parcours vers le point de vue d'Abby pendant les trois jours de Seattle. La saison 2 racontait la version d'Ellie ; la saison 3 racontera la m\u00eame p\u00e9riode c\u00f4t\u00e9 Abby, incarn\u00e9e par Kaitlyn Dever.\"}}, {\"@type\": \"Question\", \"name\": \"Est-ce la derni\u00e8re saison de The Last of Us ?\", \"acceptedAnswer\": {\"@type\": \"Answer\", \"text\": \"Probablement, mais ce n'est pas grav\u00e9 dans le marbre : Casey Bloys (HBO) a d\u00e9clar\u00e9 que la saison 3 serait vraisemblablement la derni\u00e8re, sans annonce formelle. La r\u00e9ponse d\u00e9pendra aussi de la mani\u00e8re dont Craig Mazin choisit de d\u00e9couper la fin du r\u00e9cit.\"}}]}<\/script>\n<\/div>\n","protected":false},"excerpt":{"rendered":"","protected":false},"author":40,"featured_media":999999999,"comment_status":"closed","ping_status":"open","sticky":false,"template":"","format":"standard","meta":{"_acf_changed":false,"manual_indexmenow":false,"indexmenow_id_project":0,"footnotes":""},"categories":[4522],"tags":[],"class_list":["post-8162","post","type-post","status-publish","format-standard","has-post-thumbnail","hentry","category-guides-de-visionnage","generate-columns","tablet-grid-50","mobile-grid-100","grid-parent","grid-25"],"acf":[],"yoast_head":"<!-- This site is optimized with the Yoast SEO Premium plugin v21.3 (Yoast SEO v25.6) - https:\/\/yoast.com\/wordpress\/plugins\/seo\/ -->\n<title>The Last of Us saison 3 : date de sortie, casting<\/title>\n<meta name=\"description\" content=\"The Last of Us saison 3 sortira en 2027 sur HBO Max (confirm\u00e9). Tournage en cours, Kaitlyn Dever (Abby) au centre du r\u00e9cit : le point complet, mis \u00e0 jour.\" \/>\n<meta name=\"robots\" content=\"index, follow, max-snippet:-1, max-image-preview:large, max-video-preview:-1\" \/>\n<link rel=\"canonical\" href=\"https:\/\/culture-series.fr\/blog\/guides-de-visionnage\/the-last-of-us-saison-3\/\" \/>\n<meta property=\"og:locale\" content=\"fr_FR\" \/>\n<meta property=\"og:type\" content=\"article\" \/>\n<meta property=\"og:title\" content=\"The Last of Us saison 3 : date de sortie, casting\" \/>\n<meta property=\"og:description\" content=\"The Last of Us saison 3 sortira en 2027 sur HBO Max (confirm\u00e9). Tournage en cours, Kaitlyn Dever (Abby) au centre du r\u00e9cit : le point complet, mis \u00e0 jour.\" \/>\n<meta property=\"og:url\" content=\"https:\/\/culture-series.fr\/blog\/guides-de-visionnage\/the-last-of-us-saison-3\/\" \/>\n<meta property=\"og:site_name\" content=\"culture-series\" \/>\n<meta property=\"og:image\" content=\"https:\/\/images.pexels.com\/photos\/7991486\/pexels-photo-7991486.jpeg?auto=compress&cs=tinysrgb&fit=crop&h=627&w=1200\" \/>\n<meta name=\"author\" content=\"Marc Dubois\" \/>\n<meta name=\"twitter:card\" content=\"summary_large_image\" \/>\n<meta name=\"twitter:image\" content=\"https:\/\/images.pexels.com\/photos\/7991486\/pexels-photo-7991486.jpeg?auto=compress&cs=tinysrgb&fit=crop&h=627&w=1200\" \/>\n<script type=\"application\/ld+json\" class=\"yoast-schema-graph\">{\"@context\":\"https:\/\/schema.org\",\"@graph\":[{\"@type\":\"NewsArticle\",\"@id\":\"https:\/\/culture-series.fr\/blog\/guides-de-visionnage\/the-last-of-us-saison-3\/#article\",\"isPartOf\":{\"@id\":\"https:\/\/culture-series.fr\/blog\/guides-de-visionnage\/the-last-of-us-saison-3\/\"},\"author\":{\"name\":\"Marc Dubois\",\"@id\":\"https:\/\/culture-series.fr\/blog\/#\/schema\/person\/a75898758abdcdf03730c199a993cd6e\"},\"headline\":\"The Last of Us saison 3 : date de sortie, casting, \u00e9pisodes \u2014 ce que l&rsquo;on sait\",\"datePublished\":\"2026-07-12T21:09:57+00:00\",\"dateModified\":\"2026-07-19T08:54:01+00:00\",\"mainEntityOfPage\":{\"@id\":\"https:\/\/culture-series.fr\/blog\/guides-de-visionnage\/the-last-of-us-saison-3\/\"},\"wordCount\":967,\"publisher\":{\"@id\":\"https:\/\/culture-series.fr\/blog\/#organization\"},\"image\":{\"@id\":\"https:\/\/culture-series.fr\/blog\/guides-de-visionnage\/the-last-of-us-saison-3\/#primaryimage\"},\"thumbnailUrl\":\"https:\/\/images.pexels.com\/photos\/7991486\/pexels-photo-7991486.jpeg?auto=compress&cs=tinysrgb&fit=crop&h=627&w=1200\",\"articleSection\":[\"Guides de Visionnage\"],\"inLanguage\":\"fr-FR\"},{\"@type\":\"WebPage\",\"@id\":\"https:\/\/culture-series.fr\/blog\/guides-de-visionnage\/the-last-of-us-saison-3\/\",\"url\":\"https:\/\/culture-series.fr\/blog\/guides-de-visionnage\/the-last-of-us-saison-3\/\",\"name\":\"The Last of Us saison 3 : date de sortie, casting\",\"isPartOf\":{\"@id\":\"https:\/\/culture-series.fr\/blog\/#website\"},\"primaryImageOfPage\":{\"@id\":\"https:\/\/culture-series.fr\/blog\/guides-de-visionnage\/the-last-of-us-saison-3\/#primaryimage\"},\"image\":{\"@id\":\"https:\/\/culture-series.fr\/blog\/guides-de-visionnage\/the-last-of-us-saison-3\/#primaryimage\"},\"thumbnailUrl\":\"https:\/\/images.pexels.com\/photos\/7991486\/pexels-photo-7991486.jpeg?auto=compress&cs=tinysrgb&fit=crop&h=627&w=1200\",\"datePublished\":\"2026-07-12T21:09:57+00:00\",\"dateModified\":\"2026-07-19T08:54:01+00:00\",\"description\":\"The Last of Us saison 3 sortira en 2027 sur HBO Max (confirm\u00e9). Tournage en cours, Kaitlyn Dever (Abby) au centre du r\u00e9cit : le point complet, mis \u00e0 jour.\",\"inLanguage\":\"fr-FR\",\"potentialAction\":[{\"@type\":\"ReadAction\",\"target\":[\"https:\/\/culture-series.fr\/blog\/guides-de-visionnage\/the-last-of-us-saison-3\/\"]}]},{\"@type\":\"ImageObject\",\"inLanguage\":\"fr-FR\",\"@id\":\"https:\/\/culture-series.fr\/blog\/guides-de-visionnage\/the-last-of-us-saison-3\/#primaryimage\",\"url\":\"https:\/\/images.pexels.com\/photos\/7991486\/pexels-photo-7991486.jpeg?auto=compress&cs=tinysrgb&fit=crop&h=627&w=1200\",\"contentUrl\":\"https:\/\/images.pexels.com\/photos\/7991486\/pexels-photo-7991486.jpeg?auto=compress&cs=tinysrgb&fit=crop&h=627&w=1200\"},{\"@type\":\"WebSite\",\"@id\":\"https:\/\/culture-series.fr\/blog\/#website\",\"url\":\"https:\/\/culture-series.fr\/blog\/\",\"name\":\"culture-series.Fr\",\"description\":\"Culture &amp; Series, l&#039;univers des s\u00e9ries en profondeur\",\"publisher\":{\"@id\":\"https:\/\/culture-series.fr\/blog\/#organization\"},\"alternateName\":\"Culture & Series, l'univers des s\u00e9ries en profondeur\",\"potentialAction\":[{\"@type\":\"SearchAction\",\"target\":{\"@type\":\"EntryPoint\",\"urlTemplate\":\"https:\/\/culture-series.fr\/blog\/?s={search_term_string}\"},\"query-input\":{\"@type\":\"PropertyValueSpecification\",\"valueRequired\":true,\"valueName\":\"search_term_string\"}}],\"inLanguage\":\"fr-FR\"},{\"@type\":\"Organization\",\"@id\":\"https:\/\/culture-series.fr\/blog\/#organization\",\"name\":\"Foretsensations.fr\",\"url\":\"https:\/\/culture-series.fr\/blog\/\",\"logo\":{\"@type\":\"ImageObject\",\"inLanguage\":\"fr-FR\",\"@id\":\"https:\/\/culture-series.fr\/blog\/#\/schema\/logo\/image\/\",\"url\":\"https:\/\/culture-series.fr\/blog\/wp-content\/uploads\/2024\/12\/27.png\",\"contentUrl\":\"https:\/\/culture-series.fr\/blog\/wp-content\/uploads\/2024\/12\/27.png\",\"width\":500,\"height\":500,\"caption\":\"Foretsensations.fr\"},\"image\":{\"@id\":\"https:\/\/culture-series.fr\/blog\/#\/schema\/logo\/image\/\"}},{\"@type\":\"Person\",\"@id\":\"https:\/\/culture-series.fr\/blog\/#\/schema\/person\/a75898758abdcdf03730c199a993cd6e\",\"name\":\"Marc Dubois\",\"image\":{\"@type\":\"ImageObject\",\"inLanguage\":\"fr-FR\",\"@id\":\"https:\/\/culture-series.fr\/blog\/#\/schema\/person\/image\/\",\"url\":\"https:\/\/secure.gravatar.com\/avatar\/?s=96&d=mm&r=g\",\"contentUrl\":\"https:\/\/secure.gravatar.com\/avatar\/?s=96&d=mm&r=g\",\"caption\":\"Marc Dubois\"},\"description\":\"Marc Dubois est journaliste sp\u00e9cialis\u00e9 dans l'industrie t\u00e9l\u00e9visuelle. Avec une exp\u00e9rience de plus de 10 ans, il couvre les derni\u00e8res tendances, les nouvelles sorties et interviewe les cr\u00e9ateurs et acteurs pour fournir des contenus exclusifs \u00e0 ses lecteurs.\",\"url\":\"https:\/\/culture-series.fr\/blog\/auteur\/marc-dubois\/\"}]}<\/script>\n<!-- \/ Yoast SEO Premium plugin. -->","yoast_head_json":{"title":"The Last of Us saison 3 : date de sortie, casting","description":"The Last of Us saison 3 sortira en 2027 sur HBO Max (confirm\u00e9). Tournage en cours, Kaitlyn Dever (Abby) au centre du r\u00e9cit : le point complet, mis \u00e0 jour.","robots":{"index":"index","follow":"follow","max-snippet":"max-snippet:-1","max-image-preview":"max-image-preview:large","max-video-preview":"max-video-preview:-1"},"canonical":"https:\/\/culture-series.fr\/blog\/guides-de-visionnage\/the-last-of-us-saison-3\/","og_locale":"fr_FR","og_type":"article","og_title":"The Last of Us saison 3 : date de sortie, casting","og_description":"The Last of Us saison 3 sortira en 2027 sur HBO Max (confirm\u00e9). Tournage en cours, Kaitlyn Dever (Abby) au centre du r\u00e9cit : le point complet, mis \u00e0 jour.","og_url":"https:\/\/culture-series.fr\/blog\/guides-de-visionnage\/the-last-of-us-saison-3\/","og_site_name":"culture-series","og_image":[{"url":"https:\/\/images.pexels.com\/photos\/7991486\/pexels-photo-7991486.jpeg?auto=compress&cs=tinysrgb&fit=crop&h=627&w=1200","type":"","width":"","height":""}],"author":"Marc Dubois","twitter_card":"summary_large_image","twitter_image":"https:\/\/images.pexels.com\/photos\/7991486\/pexels-photo-7991486.jpeg?auto=compress&cs=tinysrgb&fit=crop&h=627&w=1200","schema":{"@context":"https:\/\/schema.org","@graph":[{"@type":"NewsArticle","@id":"https:\/\/culture-series.fr\/blog\/guides-de-visionnage\/the-last-of-us-saison-3\/#article","isPartOf":{"@id":"https:\/\/culture-series.fr\/blog\/guides-de-visionnage\/the-last-of-us-saison-3\/"},"author":{"name":"Marc Dubois","@id":"https:\/\/culture-series.fr\/blog\/#\/schema\/person\/a75898758abdcdf03730c199a993cd6e"},"headline":"The Last of Us saison 3 : date de sortie, casting, \u00e9pisodes \u2014 ce que l&rsquo;on sait","datePublished":"2026-07-12T21:09:57+00:00","dateModified":"2026-07-19T08:54:01+00:00","mainEntityOfPage":{"@id":"https:\/\/culture-series.fr\/blog\/guides-de-visionnage\/the-last-of-us-saison-3\/"},"wordCount":967,"publisher":{"@id":"https:\/\/culture-series.fr\/blog\/#organization"},"image":{"@id":"https:\/\/culture-series.fr\/blog\/guides-de-visionnage\/the-last-of-us-saison-3\/#primaryimage"},"thumbnailUrl":"https:\/\/images.pexels.com\/photos\/7991486\/pexels-photo-7991486.jpeg?auto=compress&cs=tinysrgb&fit=crop&h=627&w=1200","articleSection":["Guides de Visionnage"],"inLanguage":"fr-FR"},{"@type":"WebPage","@id":"https:\/\/culture-series.fr\/blog\/guides-de-visionnage\/the-last-of-us-saison-3\/","url":"https:\/\/culture-series.fr\/blog\/guides-de-visionnage\/the-last-of-us-saison-3\/","name":"The Last of Us saison 3 : date de sortie, casting","isPartOf":{"@id":"https:\/\/culture-series.fr\/blog\/#website"},"primaryImageOfPage":{"@id":"https:\/\/culture-series.fr\/blog\/guides-de-visionnage\/the-last-of-us-saison-3\/#primaryimage"},"image":{"@id":"https:\/\/culture-series.fr\/blog\/guides-de-visionnage\/the-last-of-us-saison-3\/#primaryimage"},"thumbnailUrl":"https:\/\/images.pexels.com\/photos\/7991486\/pexels-photo-7991486.jpeg?auto=compress&cs=tinysrgb&fit=crop&h=627&w=1200","datePublished":"2026-07-12T21:09:57+00:00","dateModified":"2026-07-19T08:54:01+00:00","description":"The Last of Us saison 3 sortira en 2027 sur HBO Max (confirm\u00e9). Tournage en cours, Kaitlyn Dever (Abby) au centre du r\u00e9cit : le point complet, mis \u00e0 jour.","inLanguage":"fr-FR","potentialAction":[{"@type":"ReadAction","target":["https:\/\/culture-series.fr\/blog\/guides-de-visionnage\/the-last-of-us-saison-3\/"]}]},{"@type":"ImageObject","inLanguage":"fr-FR","@id":"https:\/\/culture-series.fr\/blog\/guides-de-visionnage\/the-last-of-us-saison-3\/#primaryimage","url":"https:\/\/images.pexels.com\/photos\/7991486\/pexels-photo-7991486.jpeg?auto=compress&cs=tinysrgb&fit=crop&h=627&w=1200","contentUrl":"https:\/\/images.pexels.com\/photos\/7991486\/pexels-photo-7991486.jpeg?auto=compress&cs=tinysrgb&fit=crop&h=627&w=1200"},{"@type":"WebSite","@id":"https:\/\/culture-series.fr\/blog\/#website","url":"https:\/\/culture-series.fr\/blog\/","name":"culture-series.Fr","description":"Culture &amp; Series, l&#039;univers des s\u00e9ries en profondeur","publisher":{"@id":"https:\/\/culture-series.fr\/blog\/#organization"},"alternateName":"Culture & Series, l'univers des s\u00e9ries en profondeur","potentialAction":[{"@type":"SearchAction","target":{"@type":"EntryPoint","urlTemplate":"https:\/\/culture-series.fr\/blog\/?s={search_term_string}"},"query-input":{"@type":"PropertyValueSpecification","valueRequired":true,"valueName":"search_term_string"}}],"inLanguage":"fr-FR"},{"@type":"Organization","@id":"https:\/\/culture-series.fr\/blog\/#organization","name":"Foretsensations.fr","url":"https:\/\/culture-series.fr\/blog\/","logo":{"@type":"ImageObject","inLanguage":"fr-FR","@id":"https:\/\/culture-series.fr\/blog\/#\/schema\/logo\/image\/","url":"https:\/\/culture-series.fr\/blog\/wp-content\/uploads\/2024\/12\/27.png","contentUrl":"https:\/\/culture-series.fr\/blog\/wp-content\/uploads\/2024\/12\/27.png","width":500,"height":500,"caption":"Foretsensations.fr"},"image":{"@id":"https:\/\/culture-series.fr\/blog\/#\/schema\/logo\/image\/"}},{"@type":"Person","@id":"https:\/\/culture-series.fr\/blog\/#\/schema\/person\/a75898758abdcdf03730c199a993cd6e","name":"Marc Dubois","image":{"@type":"ImageObject","inLanguage":"fr-FR","@id":"https:\/\/culture-series.fr\/blog\/#\/schema\/person\/image\/","url":"https:\/\/secure.gravatar.com\/avatar\/?s=96&d=mm&r=g","contentUrl":"https:\/\/secure.gravatar.com\/avatar\/?s=96&d=mm&r=g","caption":"Marc Dubois"},"description":"Marc Dubois est journaliste sp\u00e9cialis\u00e9 dans l'industrie t\u00e9l\u00e9visuelle. Avec une exp\u00e9rience de plus de 10 ans, il couvre les derni\u00e8res tendances, les nouvelles sorties et interviewe les cr\u00e9ateurs et acteurs pour fournir des contenus exclusifs \u00e0 ses lecteurs.","url":"https:\/\/culture-series.fr\/blog\/auteur\/marc-dubois\/"}]}},"_links":{"self":[{"href":"https:\/\/culture-series.fr\/blog\/wp-json\/wp\/v2\/posts\/8162","targetHints":{"allow":["GET"]}}],"collection":[{"href":"https:\/\/culture-series.fr\/blog\/wp-json\/wp\/v2\/posts"}],"about":[{"href":"https:\/\/culture-series.fr\/blog\/wp-json\/wp\/v2\/types\/post"}],"author":[{"embeddable":true,"href":"https:\/\/culture-series.fr\/blog\/wp-json\/wp\/v2\/users\/40"}],"replies":[{"embeddable":true,"href":"https:\/\/culture-series.fr\/blog\/wp-json\/wp\/v2\/comments?post=8162"}],"version-history":[{"count":1,"href":"https:\/\/culture-series.fr\/blog\/wp-json\/wp\/v2\/posts\/8162\/revisions"}],"predecessor-version":[{"id":8187,"href":"https:\/\/culture-series.fr\/blog\/wp-json\/wp\/v2\/posts\/8162\/revisions\/8187"}],"wp:attachment":[{"href":"https:\/\/culture-series.fr\/blog\/wp-json\/wp\/v2\/media?parent=8162"}],"wp:term":[{"taxonomy":"category","embeddable":true,"href":"https:\/\/culture-series.fr\/blog\/wp-json\/wp\/v2\/categories?post=8162"},{"taxonomy":"post_tag","embeddable":true,"href":"https:\/\/culture-series.fr\/blog\/wp-json\/wp\/v2\/tags?post=8162"}],"curies":[{"name":"wp","href":"https:\/\/api.w.org\/{rel}","templated":true}]}}