{"id":8160,"date":"2026-07-12T23:09:48","date_gmt":"2026-07-12T21:09:48","guid":{"rendered":"https:\/\/culture-series.fr\/blog\/guides-de-visionnage\/one-piece-saison-2-netflix\/"},"modified":"2026-07-12T23:09:48","modified_gmt":"2026-07-12T21:09:48","slug":"one-piece-saison-2-netflix","status":"publish","type":"post","link":"https:\/\/culture-series.fr\/blog\/guides-de-visionnage\/one-piece-saison-2-netflix\/","title":{"rendered":"One Piece saison 2 Netflix : bilan, fin expliqu\u00e9e \u2014 et la saison 3 d\u00e9j\u00e0 tourn\u00e9e"},"content":{"rendered":"<link rel=\"stylesheet\" href=\"https:\/\/fonts.googleapis.com\/css2?family=Space+Grotesk:wght@500;600;700&#038;family=Inter:wght@400;500;600&#038;family=JetBrains+Mono:wght@500&#038;display=swap\">\n<style>\n.csr-ib-wrap{font-family:'Inter',-apple-system,BlinkMacSystemFont,sans-serif;color:#1b1c19;line-height:1.65;}\n.csr-ib-wrap p{font-size:17px;line-height:1.68;color:#26271f;}\n.csr-ib-wrap h2{font-family:'Space Grotesk','Inter',sans-serif;font-size:clamp(24px,3.2vw,33px);font-weight:700;letter-spacing:-0.02em;color:#10110f;margin:50px 0 14px;line-height:1.18;}\n.csr-ib-wrap h3{font-family:'Space Grotesk','Inter',sans-serif;font-size:20px;font-weight:600;letter-spacing:-0.01em;color:#15170f;margin:26px 0 8px;}\n.csr-ib-lead{font-family:'Inter',sans-serif;font-size:19px;line-height:1.58;color:#2a2c24;font-weight:500;margin:6px 0 26px;}\n.csr-ib-kicker{font-family:'JetBrains Mono',monospace;font-size:12px;font-weight:500;text-transform:uppercase;letter-spacing:2.4px;color:#1f7a4d;}\n.csr-ib-badge{display:inline-flex;flex-wrap:wrap;align-items:center;gap:8px;background:#eef7f1;border:1px solid #cfe5d6;border-radius:999px;padding:9px 18px;margin:0 0 20px;font-family:'JetBrains Mono',monospace;font-size:12px;letter-spacing:.4px;color:#2c4a38;}\n.csr-ib-badge strong{color:#155c39;font-weight:500;}\n.csr-ib-badge .csr-ib-dot{width:8px;height:8px;border-radius:50%;background:#1f7a4d;flex:0 0 auto;animation:csribpulse 2s infinite;}\n@keyframes csribpulse{0%,100%{opacity:1}50%{opacity:.35}}\n.csr-ib-brief{background:#0f1310;border-left:5px solid #5ed68f;border-radius:0 10px 10px 0;padding:24px 28px;margin:0 0 30px;box-shadow:0 1px 2px rgba(10,16,12,.06),0 16px 34px -20px rgba(10,16,12,.5);}\n.csr-ib-brief .csr-ib-kicker{color:#5ed68f;}\n.csr-ib-ans{font-size:18px;line-height:1.62;color:#eef4ee;font-weight:500;margin:10px 0 16px;}\n.csr-ib-blist{margin:0;padding:0;list-style:none;display:grid;gap:9px;}\n.csr-ib-blist li{display:flex;gap:11px;align-items:flex-start;font-size:14.5px;line-height:1.5;color:#cdd6cd;}\n.csr-ib-blist li span{flex:0 0 auto;color:#5ed68f;font-weight:700;}\n.csr-ib-grid{display:grid;grid-template-columns:repeat(auto-fit,minmax(230px,1fr));gap:16px;margin:28px 0;}\n.csr-ib-card{background:#fff;border:1px solid #e2e7e0;border-top:3px solid #1f7a4d;border-radius:8px;padding:20px 20px 18px;transition:.25s ease;}\n.csr-ib-card:hover{transform:translateY(-3px);box-shadow:0 1px 2px rgba(16,24,20,.05),0 14px 30px -16px rgba(16,24,20,.28);}\n.csr-ib-card .csr-ib-num{font-family:'JetBrains Mono',monospace;font-size:13px;font-weight:500;color:#1f7a4d;}\n.csr-ib-card h3{margin:8px 0 6px;font-size:17px;}\n.csr-ib-card .csr-ib-txt{font-size:14px;line-height:1.55;color:#48504a;}\n.csr-ib-note{background:#eef7f1;border-left:4px solid #1f7a4d;border-radius:0 6px 6px 0;padding:15px 20px;margin:22px 0;}\n.csr-ib-note strong{display:inline-block;font-family:'JetBrains Mono',monospace;color:#155c39;font-size:12px;text-transform:uppercase;letter-spacing:1.6px;margin-right:8px;}\n.csr-ib-note span{font-size:15px;line-height:1.58;color:#2c322c;}\n.csr-ib-table{margin:28px 0;overflow-x:auto;border:1px solid #e2e7e0;border-radius:8px;}\n.csr-ib-table table{width:100%;border-collapse:collapse;font-size:14.5px;color:#26271f;min-width:520px;}\n.csr-ib-table th{background:#10110f;color:#eef4ee;text-align:left;padding:13px 17px;font-family:'JetBrains Mono',monospace;font-size:11px;font-weight:500;text-transform:uppercase;letter-spacing:1.4px;}\n.csr-ib-table td{padding:13px 17px;border-bottom:1px solid #eef2ec;}\n.csr-ib-table tr:nth-child(even) td{background:#f8faf7;}\n.csr-ib-table td:first-child{font-weight:600;color:#15170f;}\n.csr-ib-video{position:relative;padding-bottom:56.25%;height:0;margin:26px 0;border-radius:10px;overflow:hidden;background:#0f1310;box-shadow:0 16px 34px -20px rgba(10,16,12,.5);}\n.csr-ib-video iframe{position:absolute;inset:0;width:100%;height:100%;border:0;}\n.csr-ib-cap{font-size:13px;color:#6a7168;margin:-16px 0 26px;}\n.csr-ib-retenir{background:#f7faf6;border:1px solid #dfe7dc;border-radius:10px;padding:24px 26px 26px;margin:40px 0;}\n.csr-ib-rgrid{display:grid;grid-template-columns:repeat(auto-fit,minmax(245px,1fr));gap:10px;}\n.csr-ib-ritem{display:flex;gap:12px;background:#fff;border:1px solid #e7ece4;border-radius:7px;padding:13px 15px;align-items:flex-start;}\n.csr-ib-ritem .csr-ib-rn{flex:0 0 26px;width:26px;height:26px;background:#1f7a4d;color:#fff;border-radius:50%;display:inline-flex;align-items:center;justify-content:center;font-family:'JetBrains Mono',monospace;font-size:12px;font-weight:500;}\n.csr-ib-ritem .csr-ib-rt{font-size:14px;line-height:1.5;color:#2a2e26;}\n.csr-ib-faq{margin:36px 0 10px;}\n.csr-ib-faq .csr-ib-fd{border-bottom:1px solid #dfe4db;}\n.csr-ib-faq summary{cursor:pointer;padding:17px 0;font-family:'Space Grotesk',sans-serif;font-size:17px;font-weight:600;color:#10110f;list-style:none;display:flex;justify-content:space-between;align-items:center;gap:14px;}\n.csr-ib-faq summary::-webkit-details-marker{display:none;}\n.csr-ib-faq summary .csr-ib-pl{font-size:22px;font-weight:300;color:#1f7a4d;line-height:1;transition:.25s ease;}\n.csr-ib-faq details[open] summary .csr-ib-pl{transform:rotate(45deg);}\n.csr-ib-faq .csr-ib-fa{padding:0 0 18px;font-size:15.5px;line-height:1.7;color:#454b44;}\n\/*RENDERFIX2*\/.csr-ib-brief{color:#eef3f9!important}.csr-ib-brief p,.csr-ib-brief li,.csr-ib-brief strong,.csr-ib-brief em,.csr-ib-brief a,.csr-ib-brief span,.csr-ib-brief b,.csr-ib-brief td,.csr-ib-brief th,.csr-ib-brief h2,.csr-ib-brief h3,.csr-ib-brief h4{color:#eef3f9!important}.csr-ib-brief strong,.csr-ib-brief b{color:#ffffff!important}.csr-ib-brief a{text-decoration:underline}.csr-ib-table th{color:#eef3f9!important}.csr-ib-table th strong,.csr-ib-table th b{color:#ffffff!important}.csr-ib-ritem .csr-ib-rn{color:#eef3f9!important}\n<\/style>\n<div class=\"csr-ib-wrap\">\n<div class=\"csr-ib-badge\"><span class=\"csr-ib-dot\"><\/span><strong>Derni\u00e8re mise \u00e0 jour : 12 juillet 2026<\/strong>&nbsp;\u00b7 Page vivante \u2014 mise \u00e0 jour \u00e0 chaque annonce officielle<\/div>\n<div class=\"csr-ib-lead\"><strong>One Piece saison 2 est sortie sur Netflix le 10 mars 2026 : les 8 \u00e9pisodes de \u00ab Into the Grand Line \u00bb sont disponibles d&rsquo;un coup<\/strong>. L&rsquo;accueil a \u00e9t\u00e9 exceptionnel \u2014 pr\u00e8s de 100 % de critiques positives \u2014 et la suite est d\u00e9j\u00e0 assur\u00e9e : la saison 3, \u00ab The Battle of Alabasta \u00bb, est enti\u00e8rement tourn\u00e9e et officiellement attendue pour 2027.<\/div>\n<div class=\"csr-ib-brief\">\n<div class=\"csr-ib-kicker\">En bref<\/div>\n<div class=\"csr-ib-ans\">La <strong>saison 2 du One Piece en live action<\/strong> fait entrer les Chapeaux de Paille dans Grand Line : Loguetown, Whiskey Peak, Little Garden et le royaume de Drum, face \u00e0 l&rsquo;organisation <strong>Baroque Works<\/strong>. Num\u00e9ro 1 mondial Netflix \u00e0 sa sortie (~17 millions de vues la premi\u00e8re semaine), elle introduit <strong>Chopper<\/strong> en fin de saison. La <strong>saison 3 est confirm\u00e9e pour 2027<\/strong>, tournage d\u00e9j\u00e0 termin\u00e9.<\/div>\n<ul class=\"csr-ib-blist\">\n<li><span>\u25b8<\/span> Sortie le 10 mars 2026 \u2014 8 \u00e9pisodes disponibles d&rsquo;un bloc.<\/li>\n<li><span>\u25b8<\/span> ~100 % de critiques positives sur Rotten Tomatoes (86 % pour la saison 1).<\/li>\n<li><span>\u25b8<\/span> Saison 3 \u00ab The Battle of Alabasta \u00bb : tournage boucl\u00e9 au Cap, fen\u00eatre officielle 2027.<\/li>\n<\/ul>\n<\/div>\n<h2>One Piece saison 2 : le r\u00e9cap express<\/h2>\n<div class=\"csr-ib-table\">\n<table>\n<tr>\n<th>\u00c9l\u00e9ment<\/th>\n<th>Saison 2 (sortie)<\/th>\n<th>Saison 3 (\u00e0 venir)<\/th>\n<\/tr>\n<tr>\n<td>Statut<\/td>\n<td>Disponible en int\u00e9gralit\u00e9<\/td>\n<td>Tournage termin\u00e9<\/td>\n<\/tr>\n<tr>\n<td>Date<\/td>\n<td>10 mars 2026 (v\u00e9rifi\u00e9)<\/td>\n<td>2027 (fen\u00eatre officielle Netflix)<\/td>\n<\/tr>\n<tr>\n<td>Titre<\/td>\n<td>\u00ab Into the Grand Line \u00bb<\/td>\n<td>\u00ab The Battle of Alabasta \u00bb<\/td>\n<\/tr>\n<tr>\n<td>\u00c9pisodes<\/td>\n<td>8<\/td>\n<td>Non annonc\u00e9<\/td>\n<\/tr>\n<tr>\n<td>Casting<\/td>\n<td>I\u00f1aki Godoy, Mackenyu, Emily Rudd, Jacob Romero, Taz Skylar<\/td>\n<td>\u00c9quipage de retour + Chopper et suite d&rsquo;Alabasta<\/td>\n<\/tr>\n<\/table>\n<\/div>\n<h2>Le casting : l&rsquo;\u00e9quipage s&rsquo;agrandit<\/h2>\n<p>Le quintette de la saison 1 rempile \u2014 <strong>I\u00f1aki Godoy<\/strong> (Luffy), <strong>Mackenyu<\/strong> (Zoro), <strong>Emily Rudd<\/strong> (Nami), <strong>Jacob Romero<\/strong> (Usopp) et <strong>Taz Skylar<\/strong> (Sanji) \u2014 au sein d&rsquo;une distribution enrichie d&rsquo;une trentaine de nouveaux visages. Les deux arriv\u00e9es qui comptent : <strong>Mikaela Hoover<\/strong> en voix de Tony Tony Chopper, d\u00e9voil\u00e9 en toute fin de saison, et <strong>Lera Abova<\/strong> en Miss All Sunday. Joe Manganiello compl\u00e8te le tableau c\u00f4t\u00e9 Baroque Works.<\/p>\n<h2>Comment se termine la saison 2 ?<\/h2>\n<div class=\"csr-ib-note\"><strong>Spoilers<\/strong> <span>Cette section r\u00e9sume la fin de la saison 2. Passez au chapitre suivant si vous ne l&rsquo;avez pas termin\u00e9e.<\/span><\/div>\n<p>Les deux derniers \u00e9pisodes, consacr\u00e9s \u00e0 l&rsquo;arc du royaume de Drum, introduisent <strong>Chopper<\/strong> \u2014 le m\u00e9decin renne au nez bleu, r\u00e9ussite technique unanimement salu\u00e9e \u2014 avant une double r\u00e9v\u00e9lation finale : la v\u00e9ritable identit\u00e9 de Miss All Sunday, <strong>Nico Robin<\/strong>, et l&rsquo;ombre de Crocodile (et de Dragon) qui plane sur la suite. Tout est en place pour Alabasta, exactement l\u00e0 o\u00f9 l&rsquo;anime pla\u00e7ait son premier grand sommet.<\/p>\n<h2>Saison 3 : \u00ab The Battle of Alabasta \u00bb, d\u00e9j\u00e0 dans la bo\u00eete<\/h2>\n<p>Netflix n&rsquo;a pas tra\u00een\u00e9 : la saison 3 a \u00e9t\u00e9 tourn\u00e9e au Cap (Afrique du Sud) dans la foul\u00e9e, et la production a annonc\u00e9 le clap de fin en juin 2026 via Tudum, avec une <strong>fen\u00eatre de sortie officielle : 2027<\/strong>. Le titre, \u00ab The Battle of Alabasta \u00bb, annonce l&rsquo;adaptation de l&rsquo;arc le plus ambitieux tent\u00e9 par le live action \u00e0 ce jour. Aucune date pr\u00e9cise ni nombre d&rsquo;\u00e9pisodes pour l&rsquo;instant \u2014 cette page sera mise \u00e0 jour \u00e0 chaque annonce, comme notre <a href=\"https:\/\/culture-series.fr\/blog\/guides-de-visionnage\/calendrier-series-2026-2027\/\">calendrier des s\u00e9ries 2026-2027<\/a>, o\u00f9 One Piece c\u00f4toie l&rsquo;autre grande finale Netflix attendue, <a href=\"https:\/\/culture-series.fr\/blog\/guides-de-visionnage\/the-witcher-saison-5\/\">The Witcher saison 5<\/a>.<\/p>\n<div class=\"csr-ib-retenir\">\n<div class=\"csr-ib-rgrid\">\n<div class=\"csr-ib-ritem\"><span class=\"csr-ib-rn\">1<\/span><span class=\"csr-ib-rt\">Les 8 \u00e9pisodes de la saison 2 sont sur Netflix depuis le 10 mars 2026 \u2014 meilleur accueil critique de la franchise live action.<\/span><\/div>\n<div class=\"csr-ib-ritem\"><span class=\"csr-ib-rn\">2<\/span><span class=\"csr-ib-rt\">Chopper et Nico Robin sont introduits en fin de saison : ne zappez pas les \u00e9pisodes 7 et 8.<\/span><\/div>\n<div class=\"csr-ib-ritem\"><span class=\"csr-ib-rn\">3<\/span><span class=\"csr-ib-rt\">Saison 3 d\u00e9j\u00e0 tourn\u00e9e, officialis\u00e9e pour 2027 : l&rsquo;attente sera plus courte qu&rsquo;entre les saisons 1 et 2.<\/span><\/div>\n<\/div>\n<\/div>\n<div class=\"csr-ib-faq\">\n<details class=\"csr-ib-fd\">\n<summary>Quand est sortie la saison 2 de One Piece sur Netflix ?<span class=\"csr-ib-pl\">+<\/span><\/summary>\n<div class=\"csr-ib-fa\">Le 10 mars 2026, avec les 8 \u00e9pisodes mis en ligne simultan\u00e9ment sous le titre \u00ab ONE PIECE: Into the Grand Line \u00bb. La s\u00e9rie a pris la t\u00eate du classement mondial Netflix d\u00e8s sa premi\u00e8re semaine, avec environ 17 millions de vues.<\/div>\n<\/details>\n<details class=\"csr-ib-fd\">\n<summary>La saison 3 de One Piece est-elle confirm\u00e9e ?<span class=\"csr-ib-pl\">+<\/span><\/summary>\n<div class=\"csr-ib-fa\">Oui : \u00ab One Piece: The Battle of Alabasta \u00bb est non seulement confirm\u00e9e mais d\u00e9j\u00e0 enti\u00e8rement tourn\u00e9e, au Cap en Afrique du Sud. Netflix annonce une fen\u00eatre de sortie officielle en 2027, sans date pr\u00e9cise pour l&rsquo;instant.<\/div>\n<\/details>\n<details class=\"csr-ib-fd\">\n<summary>Chopper appara\u00eet-il dans la saison 2 ?<span class=\"csr-ib-pl\">+<\/span><\/summary>\n<div class=\"csr-ib-fa\">Oui, en fin de saison : Tony Tony Chopper est introduit dans l&rsquo;arc du royaume de Drum (\u00e9pisodes 7 et 8), avec Mikaela Hoover pour lui pr\u00eater sa voix. Sa r\u00e9alisation en images de synth\u00e8se a \u00e9t\u00e9 particuli\u00e8rement salu\u00e9e.<\/div>\n<\/details>\n<details class=\"csr-ib-fd\">\n<summary>Combien d&rsquo;\u00e9pisodes compte la saison 2 ?<span class=\"csr-ib-pl\">+<\/span><\/summary>\n<div class=\"csr-ib-fa\">Huit \u00e9pisodes \u2014 et non dix comme parfois annonc\u00e9 pendant la production. Leurs titres sont des clins d&rsquo;\u0153il \u00e0 des films hollywoodiens, de \u00ab Good Whale Hunting \u00bb \u00e0 \u00ab Deer and Loathing in Drum Kingdom \u00bb.<\/div>\n<\/details>\n<\/div>\n<p><script type=\"application\/ld+json\">{\"@context\": \"https:\/\/schema.org\", \"@type\": \"FAQPage\", \"mainEntity\": [{\"@type\": \"Question\", \"name\": \"Quand est sortie la saison 2 de One Piece sur Netflix ?\", \"acceptedAnswer\": {\"@type\": \"Answer\", \"text\": \"Le 10 mars 2026, avec les 8 \u00e9pisodes mis en ligne simultan\u00e9ment sous le titre \u00ab ONE PIECE: Into the Grand Line \u00bb. La s\u00e9rie a pris la t\u00eate du classement mondial Netflix d\u00e8s sa premi\u00e8re semaine, avec environ 17 millions de vues.\"}}, {\"@type\": \"Question\", \"name\": \"La saison 3 de One Piece est-elle confirm\u00e9e ?\", \"acceptedAnswer\": {\"@type\": \"Answer\", \"text\": \"Oui : \u00ab One Piece: The Battle of Alabasta \u00bb est non seulement confirm\u00e9e mais d\u00e9j\u00e0 enti\u00e8rement tourn\u00e9e, au Cap en Afrique du Sud. Netflix annonce une fen\u00eatre de sortie officielle en 2027, sans date pr\u00e9cise pour l'instant.\"}}, {\"@type\": \"Question\", \"name\": \"Chopper appara\u00eet-il dans la saison 2 ?\", \"acceptedAnswer\": {\"@type\": \"Answer\", \"text\": \"Oui, en fin de saison : Tony Tony Chopper est introduit dans l'arc du royaume de Drum (\u00e9pisodes 7 et 8), avec Mikaela Hoover pour lui pr\u00eater sa voix. Sa r\u00e9alisation en images de synth\u00e8se a \u00e9t\u00e9 particuli\u00e8rement salu\u00e9e.\"}}, {\"@type\": \"Question\", \"name\": \"Combien d'\u00e9pisodes compte la saison 2 ?\", \"acceptedAnswer\": {\"@type\": \"Answer\", \"text\": \"Huit \u00e9pisodes \u2014 et non dix comme parfois annonc\u00e9 pendant la production. Leurs titres sont des clins d'\u0153il \u00e0 des films hollywoodiens, de \u00ab Good Whale Hunting \u00bb \u00e0 \u00ab Deer and Loathing in Drum Kingdom \u00bb.\"}}]}<\/script>\n<\/div>\n","protected":false},"excerpt":{"rendered":"","protected":false},"author":39,"featured_media":999999999,"comment_status":"closed","ping_status":"open","sticky":false,"template":"","format":"standard","meta":{"_acf_changed":false,"manual_indexmenow":false,"indexmenow_id_project":0,"footnotes":""},"categories":[4522],"tags":[],"class_list":["post-8160","post","type-post","status-publish","format-standard","has-post-thumbnail","hentry","category-guides-de-visionnage","generate-columns","tablet-grid-50","mobile-grid-100","grid-parent","grid-25"],"acf":[],"yoast_head":"<!-- This site is optimized with the Yoast SEO Premium plugin v21.3 (Yoast SEO v25.6) - https:\/\/yoast.com\/wordpress\/plugins\/seo\/ -->\n<title>One Piece saison 2 Netflix : bilan, fin et saison 3<\/title>\n<meta name=\"description\" content=\"One Piece saison 2 est sortie le 10 mars 2026 sur Netflix : bilan, fin expliqu\u00e9e (Chopper, Nico Robin) et saison 3 \u00ab The Battle of Alabasta \u00bb confirm\u00e9e pour 2027.\" \/>\n<meta name=\"robots\" content=\"index, follow, max-snippet:-1, max-image-preview:large, max-video-preview:-1\" \/>\n<link rel=\"canonical\" href=\"https:\/\/culture-series.fr\/blog\/guides-de-visionnage\/one-piece-saison-2-netflix\/\" \/>\n<meta property=\"og:locale\" content=\"fr_FR\" \/>\n<meta property=\"og:type\" content=\"article\" \/>\n<meta property=\"og:title\" content=\"One Piece saison 2 Netflix : bilan, fin et saison 3\" \/>\n<meta property=\"og:description\" content=\"One Piece saison 2 est sortie le 10 mars 2026 sur Netflix : bilan, fin expliqu\u00e9e (Chopper, Nico Robin) et saison 3 \u00ab The Battle of Alabasta \u00bb confirm\u00e9e pour 2027.\" \/>\n<meta property=\"og:url\" content=\"https:\/\/culture-series.fr\/blog\/guides-de-visionnage\/one-piece-saison-2-netflix\/\" \/>\n<meta property=\"og:site_name\" content=\"culture-series\" \/>\n<meta property=\"og:image\" content=\"https:\/\/images.pexels.com\/photos\/9807277\/pexels-photo-9807277.jpeg?auto=compress&cs=tinysrgb&fit=crop&h=627&w=1200\" \/>\n<meta name=\"author\" content=\"Elodie Laurent\" \/>\n<meta name=\"twitter:card\" content=\"summary_large_image\" \/>\n<meta name=\"twitter:image\" content=\"https:\/\/images.pexels.com\/photos\/9807277\/pexels-photo-9807277.jpeg?auto=compress&cs=tinysrgb&fit=crop&h=627&w=1200\" \/>\n<script type=\"application\/ld+json\" class=\"yoast-schema-graph\">{\"@context\":\"https:\/\/schema.org\",\"@graph\":[{\"@type\":\"NewsArticle\",\"@id\":\"https:\/\/culture-series.fr\/blog\/guides-de-visionnage\/one-piece-saison-2-netflix\/#article\",\"isPartOf\":{\"@id\":\"https:\/\/culture-series.fr\/blog\/guides-de-visionnage\/one-piece-saison-2-netflix\/\"},\"author\":{\"name\":\"Elodie Laurent\",\"@id\":\"https:\/\/culture-series.fr\/blog\/#\/schema\/person\/b411c17f1d7ac78e63d36540a75859b5\"},\"headline\":\"One Piece saison 2 Netflix : bilan, fin expliqu\u00e9e \u2014 et la saison 3 d\u00e9j\u00e0 tourn\u00e9e\",\"datePublished\":\"2026-07-12T21:09:48+00:00\",\"mainEntityOfPage\":{\"@id\":\"https:\/\/culture-series.fr\/blog\/guides-de-visionnage\/one-piece-saison-2-netflix\/\"},\"wordCount\":766,\"publisher\":{\"@id\":\"https:\/\/culture-series.fr\/blog\/#organization\"},\"image\":{\"@id\":\"https:\/\/culture-series.fr\/blog\/guides-de-visionnage\/one-piece-saison-2-netflix\/#primaryimage\"},\"thumbnailUrl\":\"https:\/\/images.pexels.com\/photos\/9807277\/pexels-photo-9807277.jpeg?auto=compress&cs=tinysrgb&fit=crop&h=627&w=1200\",\"articleSection\":[\"Guides de Visionnage\"],\"inLanguage\":\"fr-FR\"},{\"@type\":\"WebPage\",\"@id\":\"https:\/\/culture-series.fr\/blog\/guides-de-visionnage\/one-piece-saison-2-netflix\/\",\"url\":\"https:\/\/culture-series.fr\/blog\/guides-de-visionnage\/one-piece-saison-2-netflix\/\",\"name\":\"One Piece saison 2 Netflix : bilan, fin et saison 3\",\"isPartOf\":{\"@id\":\"https:\/\/culture-series.fr\/blog\/#website\"},\"primaryImageOfPage\":{\"@id\":\"https:\/\/culture-series.fr\/blog\/guides-de-visionnage\/one-piece-saison-2-netflix\/#primaryimage\"},\"image\":{\"@id\":\"https:\/\/culture-series.fr\/blog\/guides-de-visionnage\/one-piece-saison-2-netflix\/#primaryimage\"},\"thumbnailUrl\":\"https:\/\/images.pexels.com\/photos\/9807277\/pexels-photo-9807277.jpeg?auto=compress&cs=tinysrgb&fit=crop&h=627&w=1200\",\"datePublished\":\"2026-07-12T21:09:48+00:00\",\"description\":\"One Piece saison 2 est sortie le 10 mars 2026 sur Netflix : bilan, fin expliqu\u00e9e (Chopper, Nico Robin) et saison 3 \u00ab The Battle of Alabasta \u00bb confirm\u00e9e pour 2027.\",\"inLanguage\":\"fr-FR\",\"potentialAction\":[{\"@type\":\"ReadAction\",\"target\":[\"https:\/\/culture-series.fr\/blog\/guides-de-visionnage\/one-piece-saison-2-netflix\/\"]}]},{\"@type\":\"ImageObject\",\"inLanguage\":\"fr-FR\",\"@id\":\"https:\/\/culture-series.fr\/blog\/guides-de-visionnage\/one-piece-saison-2-netflix\/#primaryimage\",\"url\":\"https:\/\/images.pexels.com\/photos\/9807277\/pexels-photo-9807277.jpeg?auto=compress&cs=tinysrgb&fit=crop&h=627&w=1200\",\"contentUrl\":\"https:\/\/images.pexels.com\/photos\/9807277\/pexels-photo-9807277.jpeg?auto=compress&cs=tinysrgb&fit=crop&h=627&w=1200\"},{\"@type\":\"WebSite\",\"@id\":\"https:\/\/culture-series.fr\/blog\/#website\",\"url\":\"https:\/\/culture-series.fr\/blog\/\",\"name\":\"culture-series.Fr\",\"description\":\"Culture &amp; Series, l&#039;univers des s\u00e9ries en profondeur\",\"publisher\":{\"@id\":\"https:\/\/culture-series.fr\/blog\/#organization\"},\"alternateName\":\"Culture & Series, l'univers des s\u00e9ries en profondeur\",\"potentialAction\":[{\"@type\":\"SearchAction\",\"target\":{\"@type\":\"EntryPoint\",\"urlTemplate\":\"https:\/\/culture-series.fr\/blog\/?s={search_term_string}\"},\"query-input\":{\"@type\":\"PropertyValueSpecification\",\"valueRequired\":true,\"valueName\":\"search_term_string\"}}],\"inLanguage\":\"fr-FR\"},{\"@type\":\"Organization\",\"@id\":\"https:\/\/culture-series.fr\/blog\/#organization\",\"name\":\"Foretsensations.fr\",\"url\":\"https:\/\/culture-series.fr\/blog\/\",\"logo\":{\"@type\":\"ImageObject\",\"inLanguage\":\"fr-FR\",\"@id\":\"https:\/\/culture-series.fr\/blog\/#\/schema\/logo\/image\/\",\"url\":\"https:\/\/culture-series.fr\/blog\/wp-content\/uploads\/2024\/12\/27.png\",\"contentUrl\":\"https:\/\/culture-series.fr\/blog\/wp-content\/uploads\/2024\/12\/27.png\",\"width\":500,\"height\":500,\"caption\":\"Foretsensations.fr\"},\"image\":{\"@id\":\"https:\/\/culture-series.fr\/blog\/#\/schema\/logo\/image\/\"}},{\"@type\":\"Person\",\"@id\":\"https:\/\/culture-series.fr\/blog\/#\/schema\/person\/b411c17f1d7ac78e63d36540a75859b5\",\"name\":\"Elodie Laurent\",\"image\":{\"@type\":\"ImageObject\",\"inLanguage\":\"fr-FR\",\"@id\":\"https:\/\/culture-series.fr\/blog\/#\/schema\/person\/image\/\",\"url\":\"https:\/\/secure.gravatar.com\/avatar\/?s=96&d=mm&r=g\",\"contentUrl\":\"https:\/\/secure.gravatar.com\/avatar\/?s=96&d=mm&r=g\",\"caption\":\"Elodie Laurent\"},\"description\":\"\u00c9lodie Laurent est critique de s\u00e9ries et analyste culturelle avec plus de 8 ans d'exp\u00e9rience. Passionn\u00e9e par les narratives complexes et les personnages profonds, elle offre des critiques d\u00e9taill\u00e9es et des analyses perspicaces pour aider les lecteurs \u00e0 mieux comprendre les s\u00e9ries qu'ils regardent.\",\"url\":\"https:\/\/culture-series.fr\/blog\/auteur\/elodie-laurent\/\"}]}<\/script>\n<!-- \/ Yoast SEO Premium plugin. -->","yoast_head_json":{"title":"One Piece saison 2 Netflix : bilan, fin et saison 3","description":"One Piece saison 2 est sortie le 10 mars 2026 sur Netflix : bilan, fin expliqu\u00e9e (Chopper, Nico Robin) et saison 3 \u00ab The Battle of Alabasta \u00bb confirm\u00e9e pour 2027.","robots":{"index":"index","follow":"follow","max-snippet":"max-snippet:-1","max-image-preview":"max-image-preview:large","max-video-preview":"max-video-preview:-1"},"canonical":"https:\/\/culture-series.fr\/blog\/guides-de-visionnage\/one-piece-saison-2-netflix\/","og_locale":"fr_FR","og_type":"article","og_title":"One Piece saison 2 Netflix : bilan, fin et saison 3","og_description":"One Piece saison 2 est sortie le 10 mars 2026 sur Netflix : bilan, fin expliqu\u00e9e (Chopper, Nico Robin) et saison 3 \u00ab The Battle of Alabasta \u00bb confirm\u00e9e pour 2027.","og_url":"https:\/\/culture-series.fr\/blog\/guides-de-visionnage\/one-piece-saison-2-netflix\/","og_site_name":"culture-series","og_image":[{"url":"https:\/\/images.pexels.com\/photos\/9807277\/pexels-photo-9807277.jpeg?auto=compress&cs=tinysrgb&fit=crop&h=627&w=1200","type":"","width":"","height":""}],"author":"Elodie Laurent","twitter_card":"summary_large_image","twitter_image":"https:\/\/images.pexels.com\/photos\/9807277\/pexels-photo-9807277.jpeg?auto=compress&cs=tinysrgb&fit=crop&h=627&w=1200","schema":{"@context":"https:\/\/schema.org","@graph":[{"@type":"NewsArticle","@id":"https:\/\/culture-series.fr\/blog\/guides-de-visionnage\/one-piece-saison-2-netflix\/#article","isPartOf":{"@id":"https:\/\/culture-series.fr\/blog\/guides-de-visionnage\/one-piece-saison-2-netflix\/"},"author":{"name":"Elodie Laurent","@id":"https:\/\/culture-series.fr\/blog\/#\/schema\/person\/b411c17f1d7ac78e63d36540a75859b5"},"headline":"One Piece saison 2 Netflix : bilan, fin expliqu\u00e9e \u2014 et la saison 3 d\u00e9j\u00e0 tourn\u00e9e","datePublished":"2026-07-12T21:09:48+00:00","mainEntityOfPage":{"@id":"https:\/\/culture-series.fr\/blog\/guides-de-visionnage\/one-piece-saison-2-netflix\/"},"wordCount":766,"publisher":{"@id":"https:\/\/culture-series.fr\/blog\/#organization"},"image":{"@id":"https:\/\/culture-series.fr\/blog\/guides-de-visionnage\/one-piece-saison-2-netflix\/#primaryimage"},"thumbnailUrl":"https:\/\/images.pexels.com\/photos\/9807277\/pexels-photo-9807277.jpeg?auto=compress&cs=tinysrgb&fit=crop&h=627&w=1200","articleSection":["Guides de Visionnage"],"inLanguage":"fr-FR"},{"@type":"WebPage","@id":"https:\/\/culture-series.fr\/blog\/guides-de-visionnage\/one-piece-saison-2-netflix\/","url":"https:\/\/culture-series.fr\/blog\/guides-de-visionnage\/one-piece-saison-2-netflix\/","name":"One Piece saison 2 Netflix : bilan, fin et saison 3","isPartOf":{"@id":"https:\/\/culture-series.fr\/blog\/#website"},"primaryImageOfPage":{"@id":"https:\/\/culture-series.fr\/blog\/guides-de-visionnage\/one-piece-saison-2-netflix\/#primaryimage"},"image":{"@id":"https:\/\/culture-series.fr\/blog\/guides-de-visionnage\/one-piece-saison-2-netflix\/#primaryimage"},"thumbnailUrl":"https:\/\/images.pexels.com\/photos\/9807277\/pexels-photo-9807277.jpeg?auto=compress&cs=tinysrgb&fit=crop&h=627&w=1200","datePublished":"2026-07-12T21:09:48+00:00","description":"One Piece saison 2 est sortie le 10 mars 2026 sur Netflix : bilan, fin expliqu\u00e9e (Chopper, Nico Robin) et saison 3 \u00ab The Battle of Alabasta \u00bb confirm\u00e9e pour 2027.","inLanguage":"fr-FR","potentialAction":[{"@type":"ReadAction","target":["https:\/\/culture-series.fr\/blog\/guides-de-visionnage\/one-piece-saison-2-netflix\/"]}]},{"@type":"ImageObject","inLanguage":"fr-FR","@id":"https:\/\/culture-series.fr\/blog\/guides-de-visionnage\/one-piece-saison-2-netflix\/#primaryimage","url":"https:\/\/images.pexels.com\/photos\/9807277\/pexels-photo-9807277.jpeg?auto=compress&cs=tinysrgb&fit=crop&h=627&w=1200","contentUrl":"https:\/\/images.pexels.com\/photos\/9807277\/pexels-photo-9807277.jpeg?auto=compress&cs=tinysrgb&fit=crop&h=627&w=1200"},{"@type":"WebSite","@id":"https:\/\/culture-series.fr\/blog\/#website","url":"https:\/\/culture-series.fr\/blog\/","name":"culture-series.Fr","description":"Culture &amp; Series, l&#039;univers des s\u00e9ries en profondeur","publisher":{"@id":"https:\/\/culture-series.fr\/blog\/#organization"},"alternateName":"Culture & Series, l'univers des s\u00e9ries en profondeur","potentialAction":[{"@type":"SearchAction","target":{"@type":"EntryPoint","urlTemplate":"https:\/\/culture-series.fr\/blog\/?s={search_term_string}"},"query-input":{"@type":"PropertyValueSpecification","valueRequired":true,"valueName":"search_term_string"}}],"inLanguage":"fr-FR"},{"@type":"Organization","@id":"https:\/\/culture-series.fr\/blog\/#organization","name":"Foretsensations.fr","url":"https:\/\/culture-series.fr\/blog\/","logo":{"@type":"ImageObject","inLanguage":"fr-FR","@id":"https:\/\/culture-series.fr\/blog\/#\/schema\/logo\/image\/","url":"https:\/\/culture-series.fr\/blog\/wp-content\/uploads\/2024\/12\/27.png","contentUrl":"https:\/\/culture-series.fr\/blog\/wp-content\/uploads\/2024\/12\/27.png","width":500,"height":500,"caption":"Foretsensations.fr"},"image":{"@id":"https:\/\/culture-series.fr\/blog\/#\/schema\/logo\/image\/"}},{"@type":"Person","@id":"https:\/\/culture-series.fr\/blog\/#\/schema\/person\/b411c17f1d7ac78e63d36540a75859b5","name":"Elodie Laurent","image":{"@type":"ImageObject","inLanguage":"fr-FR","@id":"https:\/\/culture-series.fr\/blog\/#\/schema\/person\/image\/","url":"https:\/\/secure.gravatar.com\/avatar\/?s=96&d=mm&r=g","contentUrl":"https:\/\/secure.gravatar.com\/avatar\/?s=96&d=mm&r=g","caption":"Elodie Laurent"},"description":"\u00c9lodie Laurent est critique de s\u00e9ries et analyste culturelle avec plus de 8 ans d'exp\u00e9rience. Passionn\u00e9e par les narratives complexes et les personnages profonds, elle offre des critiques d\u00e9taill\u00e9es et des analyses perspicaces pour aider les lecteurs \u00e0 mieux comprendre les s\u00e9ries qu'ils regardent.","url":"https:\/\/culture-series.fr\/blog\/auteur\/elodie-laurent\/"}]}},"_links":{"self":[{"href":"https:\/\/culture-series.fr\/blog\/wp-json\/wp\/v2\/posts\/8160","targetHints":{"allow":["GET"]}}],"collection":[{"href":"https:\/\/culture-series.fr\/blog\/wp-json\/wp\/v2\/posts"}],"about":[{"href":"https:\/\/culture-series.fr\/blog\/wp-json\/wp\/v2\/types\/post"}],"author":[{"embeddable":true,"href":"https:\/\/culture-series.fr\/blog\/wp-json\/wp\/v2\/users\/39"}],"replies":[{"embeddable":true,"href":"https:\/\/culture-series.fr\/blog\/wp-json\/wp\/v2\/comments?post=8160"}],"version-history":[{"count":0,"href":"https:\/\/culture-series.fr\/blog\/wp-json\/wp\/v2\/posts\/8160\/revisions"}],"wp:attachment":[{"href":"https:\/\/culture-series.fr\/blog\/wp-json\/wp\/v2\/media?parent=8160"}],"wp:term":[{"taxonomy":"category","embeddable":true,"href":"https:\/\/culture-series.fr\/blog\/wp-json\/wp\/v2\/categories?post=8160"},{"taxonomy":"post_tag","embeddable":true,"href":"https:\/\/culture-series.fr\/blog\/wp-json\/wp\/v2\/tags?post=8160"}],"curies":[{"name":"wp","href":"https:\/\/api.w.org\/{rel}","templated":true}]}}