{"id":8159,"date":"2026-07-12T23:09:44","date_gmt":"2026-07-12T21:09:44","guid":{"rendered":"https:\/\/culture-series.fr\/blog\/guides-de-visionnage\/mercredi-saison-2\/"},"modified":"2026-07-12T23:09:44","modified_gmt":"2026-07-12T21:09:44","slug":"mercredi-saison-2","status":"publish","type":"post","link":"https:\/\/culture-series.fr\/blog\/guides-de-visionnage\/mercredi-saison-2\/","title":{"rendered":"Mercredi saison 2 : bilan, fin expliqu\u00e9e \u2014 et ce que l&rsquo;on sait de la saison 3"},"content":{"rendered":"<link rel=\"stylesheet\" href=\"https:\/\/fonts.googleapis.com\/css2?family=Space+Grotesk:wght@500;600;700&#038;family=Inter:wght@400;500;600&#038;family=JetBrains+Mono:wght@500&#038;display=swap\">\n<style>\n.csr-ib-wrap{font-family:'Inter',-apple-system,BlinkMacSystemFont,sans-serif;color:#1b1c19;line-height:1.65;}\n.csr-ib-wrap p{font-size:17px;line-height:1.68;color:#26271f;}\n.csr-ib-wrap h2{font-family:'Space Grotesk','Inter',sans-serif;font-size:clamp(24px,3.2vw,33px);font-weight:700;letter-spacing:-0.02em;color:#10110f;margin:50px 0 14px;line-height:1.18;}\n.csr-ib-wrap h3{font-family:'Space Grotesk','Inter',sans-serif;font-size:20px;font-weight:600;letter-spacing:-0.01em;color:#15170f;margin:26px 0 8px;}\n.csr-ib-lead{font-family:'Inter',sans-serif;font-size:19px;line-height:1.58;color:#2a2c24;font-weight:500;margin:6px 0 26px;}\n.csr-ib-kicker{font-family:'JetBrains Mono',monospace;font-size:12px;font-weight:500;text-transform:uppercase;letter-spacing:2.4px;color:#1f7a4d;}\n.csr-ib-badge{display:inline-flex;flex-wrap:wrap;align-items:center;gap:8px;background:#eef7f1;border:1px solid #cfe5d6;border-radius:999px;padding:9px 18px;margin:0 0 20px;font-family:'JetBrains Mono',monospace;font-size:12px;letter-spacing:.4px;color:#2c4a38;}\n.csr-ib-badge strong{color:#155c39;font-weight:500;}\n.csr-ib-badge .csr-ib-dot{width:8px;height:8px;border-radius:50%;background:#1f7a4d;flex:0 0 auto;animation:csribpulse 2s infinite;}\n@keyframes csribpulse{0%,100%{opacity:1}50%{opacity:.35}}\n.csr-ib-brief{background:#0f1310;border-left:5px solid #5ed68f;border-radius:0 10px 10px 0;padding:24px 28px;margin:0 0 30px;box-shadow:0 1px 2px rgba(10,16,12,.06),0 16px 34px -20px rgba(10,16,12,.5);}\n.csr-ib-brief .csr-ib-kicker{color:#5ed68f;}\n.csr-ib-ans{font-size:18px;line-height:1.62;color:#eef4ee;font-weight:500;margin:10px 0 16px;}\n.csr-ib-blist{margin:0;padding:0;list-style:none;display:grid;gap:9px;}\n.csr-ib-blist li{display:flex;gap:11px;align-items:flex-start;font-size:14.5px;line-height:1.5;color:#cdd6cd;}\n.csr-ib-blist li span{flex:0 0 auto;color:#5ed68f;font-weight:700;}\n.csr-ib-grid{display:grid;grid-template-columns:repeat(auto-fit,minmax(230px,1fr));gap:16px;margin:28px 0;}\n.csr-ib-card{background:#fff;border:1px solid #e2e7e0;border-top:3px solid #1f7a4d;border-radius:8px;padding:20px 20px 18px;transition:.25s ease;}\n.csr-ib-card:hover{transform:translateY(-3px);box-shadow:0 1px 2px rgba(16,24,20,.05),0 14px 30px -16px rgba(16,24,20,.28);}\n.csr-ib-card .csr-ib-num{font-family:'JetBrains Mono',monospace;font-size:13px;font-weight:500;color:#1f7a4d;}\n.csr-ib-card h3{margin:8px 0 6px;font-size:17px;}\n.csr-ib-card .csr-ib-txt{font-size:14px;line-height:1.55;color:#48504a;}\n.csr-ib-note{background:#eef7f1;border-left:4px solid #1f7a4d;border-radius:0 6px 6px 0;padding:15px 20px;margin:22px 0;}\n.csr-ib-note strong{display:inline-block;font-family:'JetBrains Mono',monospace;color:#155c39;font-size:12px;text-transform:uppercase;letter-spacing:1.6px;margin-right:8px;}\n.csr-ib-note span{font-size:15px;line-height:1.58;color:#2c322c;}\n.csr-ib-table{margin:28px 0;overflow-x:auto;border:1px solid #e2e7e0;border-radius:8px;}\n.csr-ib-table table{width:100%;border-collapse:collapse;font-size:14.5px;color:#26271f;min-width:520px;}\n.csr-ib-table th{background:#10110f;color:#eef4ee;text-align:left;padding:13px 17px;font-family:'JetBrains Mono',monospace;font-size:11px;font-weight:500;text-transform:uppercase;letter-spacing:1.4px;}\n.csr-ib-table td{padding:13px 17px;border-bottom:1px solid #eef2ec;}\n.csr-ib-table tr:nth-child(even) td{background:#f8faf7;}\n.csr-ib-table td:first-child{font-weight:600;color:#15170f;}\n.csr-ib-video{position:relative;padding-bottom:56.25%;height:0;margin:26px 0;border-radius:10px;overflow:hidden;background:#0f1310;box-shadow:0 16px 34px -20px rgba(10,16,12,.5);}\n.csr-ib-video iframe{position:absolute;inset:0;width:100%;height:100%;border:0;}\n.csr-ib-cap{font-size:13px;color:#6a7168;margin:-16px 0 26px;}\n.csr-ib-retenir{background:#f7faf6;border:1px solid #dfe7dc;border-radius:10px;padding:24px 26px 26px;margin:40px 0;}\n.csr-ib-rgrid{display:grid;grid-template-columns:repeat(auto-fit,minmax(245px,1fr));gap:10px;}\n.csr-ib-ritem{display:flex;gap:12px;background:#fff;border:1px solid #e7ece4;border-radius:7px;padding:13px 15px;align-items:flex-start;}\n.csr-ib-ritem .csr-ib-rn{flex:0 0 26px;width:26px;height:26px;background:#1f7a4d;color:#fff;border-radius:50%;display:inline-flex;align-items:center;justify-content:center;font-family:'JetBrains Mono',monospace;font-size:12px;font-weight:500;}\n.csr-ib-ritem .csr-ib-rt{font-size:14px;line-height:1.5;color:#2a2e26;}\n.csr-ib-faq{margin:36px 0 10px;}\n.csr-ib-faq .csr-ib-fd{border-bottom:1px solid #dfe4db;}\n.csr-ib-faq summary{cursor:pointer;padding:17px 0;font-family:'Space Grotesk',sans-serif;font-size:17px;font-weight:600;color:#10110f;list-style:none;display:flex;justify-content:space-between;align-items:center;gap:14px;}\n.csr-ib-faq summary::-webkit-details-marker{display:none;}\n.csr-ib-faq summary .csr-ib-pl{font-size:22px;font-weight:300;color:#1f7a4d;line-height:1;transition:.25s ease;}\n.csr-ib-faq details[open] summary .csr-ib-pl{transform:rotate(45deg);}\n.csr-ib-faq .csr-ib-fa{padding:0 0 18px;font-size:15.5px;line-height:1.7;color:#454b44;}\n\/*RENDERFIX2*\/.csr-ib-brief{color:#eef3f9!important}.csr-ib-brief p,.csr-ib-brief li,.csr-ib-brief strong,.csr-ib-brief em,.csr-ib-brief a,.csr-ib-brief span,.csr-ib-brief b,.csr-ib-brief td,.csr-ib-brief th,.csr-ib-brief h2,.csr-ib-brief h3,.csr-ib-brief h4{color:#eef3f9!important}.csr-ib-brief strong,.csr-ib-brief b{color:#ffffff!important}.csr-ib-brief a{text-decoration:underline}.csr-ib-table th{color:#eef3f9!important}.csr-ib-table th strong,.csr-ib-table th b{color:#ffffff!important}.csr-ib-ritem .csr-ib-rn{color:#eef3f9!important}\n<\/style>\n<div class=\"csr-ib-wrap\">\n<div class=\"csr-ib-badge\"><span class=\"csr-ib-dot\"><\/span><strong>Derni\u00e8re mise \u00e0 jour : 12 juillet 2026<\/strong>&nbsp;\u00b7 Page vivante \u2014 mise \u00e0 jour \u00e0 chaque annonce officielle<\/div>\n<div class=\"csr-ib-lead\"><strong>Mercredi saison 2 est sortie sur Netflix en deux parties : le 6 ao\u00fbt 2025 (\u00e9pisodes 1 \u00e0 4) puis le 3 septembre 2025 (\u00e9pisodes 5 \u00e0 8)<\/strong>. Un an plus tard, la question a chang\u00e9 : que valait cette saison 2, comment se termine-t-elle, et o\u00f9 en est la saison 3 \u2014 d\u00e9j\u00e0 en tournage, en partie \u00e0 Paris ?<\/div>\n<div class=\"csr-ib-brief\">\n<div class=\"csr-ib-kicker\">En bref<\/div>\n<div class=\"csr-ib-ans\">La saison 2 de <strong>Mercredi<\/strong> (8 \u00e9pisodes, Netflix) est disponible en int\u00e9gralit\u00e9 depuis le <strong>3 septembre 2025<\/strong>. Bien re\u00e7ue par la critique (85 % sur Rotten Tomatoes), elle se cl\u00f4t sur une fin ouverte qui lance directement la <strong>saison 3, officiellement en tournage depuis le printemps 2026<\/strong> \u2014 sans date de sortie annonc\u00e9e, 2027 \u00e9tant l&rsquo;estimation la plus solide.<\/div>\n<ul class=\"csr-ib-blist\">\n<li><span>\u25b8<\/span> Partie 1 : 6 ao\u00fbt 2025 \u00b7 Partie 2 : 3 septembre 2025 \u2014 8 \u00e9pisodes au total.<\/li>\n<li><span>\u25b8<\/span> Saison 3 renouvel\u00e9e avant m\u00eame la sortie de la saison 2.<\/li>\n<li><span>\u25b8<\/span> Tournage S3 en cours, d\u00e9localis\u00e9 en partie \u00e0 Paris depuis avril 2026.<\/li>\n<\/ul>\n<\/div>\n<h2>Mercredi saison 2 : le r\u00e9cap express<\/h2>\n<div class=\"csr-ib-table\">\n<table>\n<tr>\n<th>\u00c9l\u00e9ment<\/th>\n<th>Saison 2 (sortie)<\/th>\n<th>Saison 3 (\u00e0 venir)<\/th>\n<\/tr>\n<tr>\n<td>Statut<\/td>\n<td>Disponible en int\u00e9gralit\u00e9<\/td>\n<td>En tournage<\/td>\n<\/tr>\n<tr>\n<td>Date<\/td>\n<td>6 ao\u00fbt + 3 septembre 2025 (v\u00e9rifi\u00e9)<\/td>\n<td>Non annonc\u00e9e \u2014 2027 estim\u00e9<\/td>\n<\/tr>\n<tr>\n<td>Plateforme<\/td>\n<td>Netflix<\/td>\n<td>Netflix<\/td>\n<\/tr>\n<tr>\n<td>\u00c9pisodes<\/td>\n<td>8 (2 parties de 4)<\/td>\n<td>Non annonc\u00e9<\/td>\n<\/tr>\n<tr>\n<td>Casting principal<\/td>\n<td>Jenna Ortega, Emma Myers, Catherine Zeta-Jones, Luis Guzm\u00e1n, Steve Buscemi<\/td>\n<td>Noyau de retour + Lena Headey, Andrew McCarthy, Winona Ryder<\/td>\n<\/tr>\n<\/table>\n<\/div>\n<h2>Le trailer officiel de la saison 2<\/h2>\n<div class=\"csr-ib-video\"><iframe src=\"https:\/\/www.youtube.com\/embed\/03u4xyj0TH4\" title=\"Wednesday: Season 2 | Official Trailer | Netflix\" loading=\"lazy\" allow=\"accelerometer; autoplay; clipboard-write; encrypted-media; gyroscope; picture-in-picture\" allowfullscreen><\/iframe><\/div>\n<div class=\"csr-ib-cap\">Le trailer publi\u00e9 par Netflix en juillet 2025 \u2014 plus de 11,2 millions de vues au 12 juillet 2026.<\/div>\n<h2>Le casting de la saison 2<\/h2>\n<p>Jenna Ortega reste l&rsquo;\u00e9vidente colonne vert\u00e9brale de la s\u00e9rie \u2014 sa performance est le point que critiques et public s&rsquo;accordent \u00e0 saluer. Autour d&rsquo;elle : Emma Myers (Enid, dont l&rsquo;arc prend une ampleur inattendue), Catherine Zeta-Jones (Morticia, bien plus pr\u00e9sente que dans la saison 1, install\u00e9e sur le campus), Luis Guzm\u00e1n (Gomez) et deux recrues marquantes : Steve Buscemi en nouveau proviseur de Nevermore et Lady Gaga pour une apparition tr\u00e8s comment\u00e9e.<\/p>\n<h2>Comment se termine la saison 2 ?<\/h2>\n<div class=\"csr-ib-note\"><strong>Spoilers<\/strong> <span>Cette section \u00e9voque la fin de la saison 2 dans ses grandes lignes. Passez au chapitre suivant si vous ne l&rsquo;avez pas termin\u00e9e.<\/span><\/div>\n<p>La saison s&rsquo;ouvre sur une vision qui hante Mercredi \u2014 la mort d&rsquo;Enid \u2014 et c&rsquo;est bien cet arc qui structure les huit \u00e9pisodes, entre nouveau myst\u00e8re \u00e0 Nevermore et secrets de la famille Addams. Le final ne referme pas l&rsquo;histoire : il ouvre grand la porte de la saison 3, avec une piste qui emm\u00e8ne le r\u00e9cit vers l&rsquo;Europe. Le tournage parisien de la saison 3 n&rsquo;a donc rien d&rsquo;un hasard de production : c&rsquo;est la suite logique de la derni\u00e8re sc\u00e8ne.<\/p>\n<h2>Mercredi saison 3 : ce que l&rsquo;on sait d\u00e9j\u00e0<\/h2>\n<p>Netflix a renouvel\u00e9 la s\u00e9rie avant m\u00eame la diffusion de la saison 2 \u2014 un vote de confiance rare. Le tournage a commenc\u00e9 au printemps 2026, avec des prises de vues \u00e0 Paris depuis la mi-avril selon Netflix Tudum. C\u00f4t\u00e9 casting, trois noms font monter la temp\u00e9rature : <strong>Lena Headey<\/strong> (Game of Thrones), <strong>Andrew McCarthy<\/strong> et <strong>Winona Ryder<\/strong> \u2014 clin d&rsquo;\u0153il savoureux, l&rsquo;actrice de Beetlejuice et de <a href=\"https:\/\/culture-series.fr\/blog\/guides-de-visionnage\/stranger-things-saison-5\/\">Stranger Things<\/a> rejoignant l&rsquo;univers gothique de Tim Burton. Chris Sarandon, Noah Taylor, Oscar Morgan et Kennedy Moyer compl\u00e8tent les annonces. Aucune date n&rsquo;est officielle : au rythme production-diffusion des saisons pr\u00e9c\u00e9dentes, <strong>2027 est l&rsquo;estimation la plus cr\u00e9dible<\/strong>.<\/p>\n<div class=\"csr-ib-retenir\">\n<div class=\"csr-ib-rgrid\">\n<div class=\"csr-ib-ritem\"><span class=\"csr-ib-rn\">1<\/span><span class=\"csr-ib-rt\">La saison 2 est compl\u00e8te sur Netflix depuis le 3 septembre 2025 \u2014 8 \u00e9pisodes, 85 % de critiques positives.<\/span><\/div>\n<div class=\"csr-ib-ritem\"><span class=\"csr-ib-rn\">2<\/span><span class=\"csr-ib-rt\">La saison 3 est en tournage (dont Paris) avec Lena Headey et Winona Ryder au casting.<\/span><\/div>\n<div class=\"csr-ib-ritem\"><span class=\"csr-ib-rn\">3<\/span><span class=\"csr-ib-rt\">Pas de date annonc\u00e9e pour la S3 : surveillez notre <a href=\"https:\/\/culture-series.fr\/blog\/guides-de-visionnage\/calendrier-series-2026-2027\/\">calendrier des s\u00e9ries 2026-2027<\/a>.<\/span><\/div>\n<\/div>\n<\/div>\n<div class=\"csr-ib-faq\">\n<details class=\"csr-ib-fd\">\n<summary>Combien d&rsquo;\u00e9pisodes compte Mercredi saison 2 ?<span class=\"csr-ib-pl\">+<\/span><\/summary>\n<div class=\"csr-ib-fa\">Huit \u00e9pisodes, diffus\u00e9s en deux parties de quatre : la partie 1 le 6 ao\u00fbt 2025, la partie 2 le 3 septembre 2025. Ce d\u00e9coupage en deux salves est d&rsquo;ailleurs la principale critique adress\u00e9e \u00e0 la saison.<\/div>\n<\/details>\n<details class=\"csr-ib-fd\">\n<summary>La saison 3 de Mercredi est-elle confirm\u00e9e ?<span class=\"csr-ib-pl\">+<\/span><\/summary>\n<div class=\"csr-ib-fa\">Oui, officiellement \u2014 Netflix l&rsquo;a renouvel\u00e9e avant m\u00eame la sortie de la saison 2. Le tournage est en cours depuis le printemps 2026, en partie \u00e0 Paris. Aucune date de diffusion n&rsquo;est annonc\u00e9e ; 2027 est l&rsquo;estimation la plus r\u00e9aliste.<\/div>\n<\/details>\n<details class=\"csr-ib-fd\">\n<summary>Qui joue dans Mercredi saison 2 ?<span class=\"csr-ib-pl\">+<\/span><\/summary>\n<div class=\"csr-ib-fa\">Jenna Ortega (Mercredi Addams), Emma Myers (Enid), Catherine Zeta-Jones (Morticia), Luis Guzm\u00e1n (Gomez), Steve Buscemi (le proviseur Dort) et Lady Gaga en apparition. Pour la saison 3, Lena Headey, Andrew McCarthy et Winona Ryder rejoignent la distribution.<\/div>\n<\/details>\n<details class=\"csr-ib-fd\">\n<summary>La saison 2 vaut-elle le coup si j&rsquo;ai aim\u00e9 la saison 1 ?<span class=\"csr-ib-pl\">+<\/span><\/summary>\n<div class=\"csr-ib-fa\">Globalement oui : 85 % de critiques positives sur Rotten Tomatoes (73 % c\u00f4t\u00e9 public), une Jenna Ortega toujours impeccable et une famille Addams plus pr\u00e9sente. Le principal reproche tient au d\u00e9coupage en deux parties, qui casse le rythme du myst\u00e8re central.<\/div>\n<\/details>\n<\/div>\n<p><script type=\"application\/ld+json\">{\"@context\": \"https:\/\/schema.org\", \"@type\": \"FAQPage\", \"mainEntity\": [{\"@type\": \"Question\", \"name\": \"Combien d'\u00e9pisodes compte Mercredi saison 2 ?\", \"acceptedAnswer\": {\"@type\": \"Answer\", \"text\": \"Huit \u00e9pisodes, diffus\u00e9s en deux parties de quatre : la partie 1 le 6 ao\u00fbt 2025, la partie 2 le 3 septembre 2025. Ce d\u00e9coupage en deux salves est d'ailleurs la principale critique adress\u00e9e \u00e0 la saison.\"}}, {\"@type\": \"Question\", \"name\": \"La saison 3 de Mercredi est-elle confirm\u00e9e ?\", \"acceptedAnswer\": {\"@type\": \"Answer\", \"text\": \"Oui, officiellement \u2014 Netflix l'a renouvel\u00e9e avant m\u00eame la sortie de la saison 2. Le tournage est en cours depuis le printemps 2026, en partie \u00e0 Paris. Aucune date de diffusion n'est annonc\u00e9e ; 2027 est l'estimation la plus r\u00e9aliste.\"}}, {\"@type\": \"Question\", \"name\": \"Qui joue dans Mercredi saison 2 ?\", \"acceptedAnswer\": {\"@type\": \"Answer\", \"text\": \"Jenna Ortega (Mercredi Addams), Emma Myers (Enid), Catherine Zeta-Jones (Morticia), Luis Guzm\u00e1n (Gomez), Steve Buscemi (le proviseur Dort) et Lady Gaga en apparition. Pour la saison 3, Lena Headey, Andrew McCarthy et Winona Ryder rejoignent la distribution.\"}}, {\"@type\": \"Question\", \"name\": \"La saison 2 vaut-elle le coup si j'ai aim\u00e9 la saison 1 ?\", \"acceptedAnswer\": {\"@type\": \"Answer\", \"text\": \"Globalement oui : 85 % de critiques positives sur Rotten Tomatoes (73 % c\u00f4t\u00e9 public), une Jenna Ortega toujours impeccable et une famille Addams plus pr\u00e9sente. Le principal reproche tient au d\u00e9coupage en deux parties, qui casse le rythme du myst\u00e8re central.\"}}]}<\/script><\/p>\n<p>Pour ne rien rater des annonces de la saison 3 \u2014 et de toutes les autres suites attendues \u2014, gardez un \u0153il sur notre <a href=\"https:\/\/culture-series.fr\/blog\/guides-de-visionnage\/calendrier-series-2026-2027\/\">calendrier des s\u00e9ries 2026-2027<\/a>, mis \u00e0 jour \u00e0 chaque officialisation.<\/p>\n<\/div>\n","protected":false},"excerpt":{"rendered":"","protected":false},"author":39,"featured_media":999999999,"comment_status":"closed","ping_status":"open","sticky":false,"template":"","format":"standard","meta":{"_acf_changed":false,"manual_indexmenow":false,"indexmenow_id_project":0,"footnotes":""},"categories":[4522],"tags":[],"class_list":["post-8159","post","type-post","status-publish","format-standard","has-post-thumbnail","hentry","category-guides-de-visionnage","generate-columns","tablet-grid-50","mobile-grid-100","grid-parent","grid-25"],"acf":[],"yoast_head":"<!-- This site is optimized with the Yoast SEO Premium plugin v21.3 (Yoast SEO v25.6) - https:\/\/yoast.com\/wordpress\/plugins\/seo\/ -->\n<title>Mercredi saison 2 : bilan, fin et saison 3 en vue<\/title>\n<meta name=\"description\" content=\"Mercredi saison 2 est sortie les 6 ao\u00fbt et 3 septembre 2025 sur Netflix. Bilan, casting, fin expliqu\u00e9e \u2014 et ce que l&#039;on sait de la saison 3, en tournage \u00e0 Paris.\" \/>\n<meta name=\"robots\" content=\"index, follow, max-snippet:-1, max-image-preview:large, max-video-preview:-1\" \/>\n<link rel=\"canonical\" href=\"https:\/\/culture-series.fr\/blog\/guides-de-visionnage\/mercredi-saison-2\/\" \/>\n<meta property=\"og:locale\" content=\"fr_FR\" \/>\n<meta property=\"og:type\" content=\"article\" \/>\n<meta property=\"og:title\" content=\"Mercredi saison 2 : bilan, fin et saison 3 en vue\" \/>\n<meta property=\"og:description\" content=\"Mercredi saison 2 est sortie les 6 ao\u00fbt et 3 septembre 2025 sur Netflix. Bilan, casting, fin expliqu\u00e9e \u2014 et ce que l&#039;on sait de la saison 3, en tournage \u00e0 Paris.\" \/>\n<meta property=\"og:url\" content=\"https:\/\/culture-series.fr\/blog\/guides-de-visionnage\/mercredi-saison-2\/\" \/>\n<meta property=\"og:site_name\" content=\"culture-series\" \/>\n<meta property=\"og:image\" content=\"https:\/\/images.pexels.com\/photos\/6940418\/pexels-photo-6940418.jpeg?auto=compress&cs=tinysrgb&fit=crop&h=627&w=1200\" \/>\n<meta name=\"author\" content=\"Elodie Laurent\" \/>\n<meta name=\"twitter:card\" content=\"summary_large_image\" \/>\n<meta name=\"twitter:image\" content=\"https:\/\/images.pexels.com\/photos\/6940418\/pexels-photo-6940418.jpeg?auto=compress&cs=tinysrgb&fit=crop&h=627&w=1200\" \/>\n<script type=\"application\/ld+json\" class=\"yoast-schema-graph\">{\"@context\":\"https:\/\/schema.org\",\"@graph\":[{\"@type\":\"NewsArticle\",\"@id\":\"https:\/\/culture-series.fr\/blog\/guides-de-visionnage\/mercredi-saison-2\/#article\",\"isPartOf\":{\"@id\":\"https:\/\/culture-series.fr\/blog\/guides-de-visionnage\/mercredi-saison-2\/\"},\"author\":{\"name\":\"Elodie Laurent\",\"@id\":\"https:\/\/culture-series.fr\/blog\/#\/schema\/person\/b411c17f1d7ac78e63d36540a75859b5\"},\"headline\":\"Mercredi saison 2 : bilan, fin expliqu\u00e9e \u2014 et ce que l&rsquo;on sait de la saison 3\",\"datePublished\":\"2026-07-12T21:09:44+00:00\",\"mainEntityOfPage\":{\"@id\":\"https:\/\/culture-series.fr\/blog\/guides-de-visionnage\/mercredi-saison-2\/\"},\"wordCount\":814,\"publisher\":{\"@id\":\"https:\/\/culture-series.fr\/blog\/#organization\"},\"image\":{\"@id\":\"https:\/\/culture-series.fr\/blog\/guides-de-visionnage\/mercredi-saison-2\/#primaryimage\"},\"thumbnailUrl\":\"https:\/\/images.pexels.com\/photos\/6940418\/pexels-photo-6940418.jpeg?auto=compress&cs=tinysrgb&fit=crop&h=627&w=1200\",\"articleSection\":[\"Guides de Visionnage\"],\"inLanguage\":\"fr-FR\"},{\"@type\":\"WebPage\",\"@id\":\"https:\/\/culture-series.fr\/blog\/guides-de-visionnage\/mercredi-saison-2\/\",\"url\":\"https:\/\/culture-series.fr\/blog\/guides-de-visionnage\/mercredi-saison-2\/\",\"name\":\"Mercredi saison 2 : bilan, fin et saison 3 en vue\",\"isPartOf\":{\"@id\":\"https:\/\/culture-series.fr\/blog\/#website\"},\"primaryImageOfPage\":{\"@id\":\"https:\/\/culture-series.fr\/blog\/guides-de-visionnage\/mercredi-saison-2\/#primaryimage\"},\"image\":{\"@id\":\"https:\/\/culture-series.fr\/blog\/guides-de-visionnage\/mercredi-saison-2\/#primaryimage\"},\"thumbnailUrl\":\"https:\/\/images.pexels.com\/photos\/6940418\/pexels-photo-6940418.jpeg?auto=compress&cs=tinysrgb&fit=crop&h=627&w=1200\",\"datePublished\":\"2026-07-12T21:09:44+00:00\",\"description\":\"Mercredi saison 2 est sortie les 6 ao\u00fbt et 3 septembre 2025 sur Netflix. Bilan, casting, fin expliqu\u00e9e \u2014 et ce que l'on sait de la saison 3, en tournage \u00e0 Paris.\",\"inLanguage\":\"fr-FR\",\"potentialAction\":[{\"@type\":\"ReadAction\",\"target\":[\"https:\/\/culture-series.fr\/blog\/guides-de-visionnage\/mercredi-saison-2\/\"]}]},{\"@type\":\"ImageObject\",\"inLanguage\":\"fr-FR\",\"@id\":\"https:\/\/culture-series.fr\/blog\/guides-de-visionnage\/mercredi-saison-2\/#primaryimage\",\"url\":\"https:\/\/images.pexels.com\/photos\/6940418\/pexels-photo-6940418.jpeg?auto=compress&cs=tinysrgb&fit=crop&h=627&w=1200\",\"contentUrl\":\"https:\/\/images.pexels.com\/photos\/6940418\/pexels-photo-6940418.jpeg?auto=compress&cs=tinysrgb&fit=crop&h=627&w=1200\"},{\"@type\":\"WebSite\",\"@id\":\"https:\/\/culture-series.fr\/blog\/#website\",\"url\":\"https:\/\/culture-series.fr\/blog\/\",\"name\":\"culture-series.Fr\",\"description\":\"Culture &amp; Series, l&#039;univers des s\u00e9ries en profondeur\",\"publisher\":{\"@id\":\"https:\/\/culture-series.fr\/blog\/#organization\"},\"alternateName\":\"Culture & Series, l'univers des s\u00e9ries en profondeur\",\"potentialAction\":[{\"@type\":\"SearchAction\",\"target\":{\"@type\":\"EntryPoint\",\"urlTemplate\":\"https:\/\/culture-series.fr\/blog\/?s={search_term_string}\"},\"query-input\":{\"@type\":\"PropertyValueSpecification\",\"valueRequired\":true,\"valueName\":\"search_term_string\"}}],\"inLanguage\":\"fr-FR\"},{\"@type\":\"Organization\",\"@id\":\"https:\/\/culture-series.fr\/blog\/#organization\",\"name\":\"Foretsensations.fr\",\"url\":\"https:\/\/culture-series.fr\/blog\/\",\"logo\":{\"@type\":\"ImageObject\",\"inLanguage\":\"fr-FR\",\"@id\":\"https:\/\/culture-series.fr\/blog\/#\/schema\/logo\/image\/\",\"url\":\"https:\/\/culture-series.fr\/blog\/wp-content\/uploads\/2024\/12\/27.png\",\"contentUrl\":\"https:\/\/culture-series.fr\/blog\/wp-content\/uploads\/2024\/12\/27.png\",\"width\":500,\"height\":500,\"caption\":\"Foretsensations.fr\"},\"image\":{\"@id\":\"https:\/\/culture-series.fr\/blog\/#\/schema\/logo\/image\/\"}},{\"@type\":\"Person\",\"@id\":\"https:\/\/culture-series.fr\/blog\/#\/schema\/person\/b411c17f1d7ac78e63d36540a75859b5\",\"name\":\"Elodie Laurent\",\"image\":{\"@type\":\"ImageObject\",\"inLanguage\":\"fr-FR\",\"@id\":\"https:\/\/culture-series.fr\/blog\/#\/schema\/person\/image\/\",\"url\":\"https:\/\/secure.gravatar.com\/avatar\/?s=96&d=mm&r=g\",\"contentUrl\":\"https:\/\/secure.gravatar.com\/avatar\/?s=96&d=mm&r=g\",\"caption\":\"Elodie Laurent\"},\"description\":\"\u00c9lodie Laurent est critique de s\u00e9ries et analyste culturelle avec plus de 8 ans d'exp\u00e9rience. Passionn\u00e9e par les narratives complexes et les personnages profonds, elle offre des critiques d\u00e9taill\u00e9es et des analyses perspicaces pour aider les lecteurs \u00e0 mieux comprendre les s\u00e9ries qu'ils regardent.\",\"url\":\"https:\/\/culture-series.fr\/blog\/auteur\/elodie-laurent\/\"}]}<\/script>\n<!-- \/ Yoast SEO Premium plugin. -->","yoast_head_json":{"title":"Mercredi saison 2 : bilan, fin et saison 3 en vue","description":"Mercredi saison 2 est sortie les 6 ao\u00fbt et 3 septembre 2025 sur Netflix. Bilan, casting, fin expliqu\u00e9e \u2014 et ce que l'on sait de la saison 3, en tournage \u00e0 Paris.","robots":{"index":"index","follow":"follow","max-snippet":"max-snippet:-1","max-image-preview":"max-image-preview:large","max-video-preview":"max-video-preview:-1"},"canonical":"https:\/\/culture-series.fr\/blog\/guides-de-visionnage\/mercredi-saison-2\/","og_locale":"fr_FR","og_type":"article","og_title":"Mercredi saison 2 : bilan, fin et saison 3 en vue","og_description":"Mercredi saison 2 est sortie les 6 ao\u00fbt et 3 septembre 2025 sur Netflix. Bilan, casting, fin expliqu\u00e9e \u2014 et ce que l'on sait de la saison 3, en tournage \u00e0 Paris.","og_url":"https:\/\/culture-series.fr\/blog\/guides-de-visionnage\/mercredi-saison-2\/","og_site_name":"culture-series","og_image":[{"url":"https:\/\/images.pexels.com\/photos\/6940418\/pexels-photo-6940418.jpeg?auto=compress&cs=tinysrgb&fit=crop&h=627&w=1200","type":"","width":"","height":""}],"author":"Elodie Laurent","twitter_card":"summary_large_image","twitter_image":"https:\/\/images.pexels.com\/photos\/6940418\/pexels-photo-6940418.jpeg?auto=compress&cs=tinysrgb&fit=crop&h=627&w=1200","schema":{"@context":"https:\/\/schema.org","@graph":[{"@type":"NewsArticle","@id":"https:\/\/culture-series.fr\/blog\/guides-de-visionnage\/mercredi-saison-2\/#article","isPartOf":{"@id":"https:\/\/culture-series.fr\/blog\/guides-de-visionnage\/mercredi-saison-2\/"},"author":{"name":"Elodie Laurent","@id":"https:\/\/culture-series.fr\/blog\/#\/schema\/person\/b411c17f1d7ac78e63d36540a75859b5"},"headline":"Mercredi saison 2 : bilan, fin expliqu\u00e9e \u2014 et ce que l&rsquo;on sait de la saison 3","datePublished":"2026-07-12T21:09:44+00:00","mainEntityOfPage":{"@id":"https:\/\/culture-series.fr\/blog\/guides-de-visionnage\/mercredi-saison-2\/"},"wordCount":814,"publisher":{"@id":"https:\/\/culture-series.fr\/blog\/#organization"},"image":{"@id":"https:\/\/culture-series.fr\/blog\/guides-de-visionnage\/mercredi-saison-2\/#primaryimage"},"thumbnailUrl":"https:\/\/images.pexels.com\/photos\/6940418\/pexels-photo-6940418.jpeg?auto=compress&cs=tinysrgb&fit=crop&h=627&w=1200","articleSection":["Guides de Visionnage"],"inLanguage":"fr-FR"},{"@type":"WebPage","@id":"https:\/\/culture-series.fr\/blog\/guides-de-visionnage\/mercredi-saison-2\/","url":"https:\/\/culture-series.fr\/blog\/guides-de-visionnage\/mercredi-saison-2\/","name":"Mercredi saison 2 : bilan, fin et saison 3 en vue","isPartOf":{"@id":"https:\/\/culture-series.fr\/blog\/#website"},"primaryImageOfPage":{"@id":"https:\/\/culture-series.fr\/blog\/guides-de-visionnage\/mercredi-saison-2\/#primaryimage"},"image":{"@id":"https:\/\/culture-series.fr\/blog\/guides-de-visionnage\/mercredi-saison-2\/#primaryimage"},"thumbnailUrl":"https:\/\/images.pexels.com\/photos\/6940418\/pexels-photo-6940418.jpeg?auto=compress&cs=tinysrgb&fit=crop&h=627&w=1200","datePublished":"2026-07-12T21:09:44+00:00","description":"Mercredi saison 2 est sortie les 6 ao\u00fbt et 3 septembre 2025 sur Netflix. Bilan, casting, fin expliqu\u00e9e \u2014 et ce que l'on sait de la saison 3, en tournage \u00e0 Paris.","inLanguage":"fr-FR","potentialAction":[{"@type":"ReadAction","target":["https:\/\/culture-series.fr\/blog\/guides-de-visionnage\/mercredi-saison-2\/"]}]},{"@type":"ImageObject","inLanguage":"fr-FR","@id":"https:\/\/culture-series.fr\/blog\/guides-de-visionnage\/mercredi-saison-2\/#primaryimage","url":"https:\/\/images.pexels.com\/photos\/6940418\/pexels-photo-6940418.jpeg?auto=compress&cs=tinysrgb&fit=crop&h=627&w=1200","contentUrl":"https:\/\/images.pexels.com\/photos\/6940418\/pexels-photo-6940418.jpeg?auto=compress&cs=tinysrgb&fit=crop&h=627&w=1200"},{"@type":"WebSite","@id":"https:\/\/culture-series.fr\/blog\/#website","url":"https:\/\/culture-series.fr\/blog\/","name":"culture-series.Fr","description":"Culture &amp; Series, l&#039;univers des s\u00e9ries en profondeur","publisher":{"@id":"https:\/\/culture-series.fr\/blog\/#organization"},"alternateName":"Culture & Series, l'univers des s\u00e9ries en profondeur","potentialAction":[{"@type":"SearchAction","target":{"@type":"EntryPoint","urlTemplate":"https:\/\/culture-series.fr\/blog\/?s={search_term_string}"},"query-input":{"@type":"PropertyValueSpecification","valueRequired":true,"valueName":"search_term_string"}}],"inLanguage":"fr-FR"},{"@type":"Organization","@id":"https:\/\/culture-series.fr\/blog\/#organization","name":"Foretsensations.fr","url":"https:\/\/culture-series.fr\/blog\/","logo":{"@type":"ImageObject","inLanguage":"fr-FR","@id":"https:\/\/culture-series.fr\/blog\/#\/schema\/logo\/image\/","url":"https:\/\/culture-series.fr\/blog\/wp-content\/uploads\/2024\/12\/27.png","contentUrl":"https:\/\/culture-series.fr\/blog\/wp-content\/uploads\/2024\/12\/27.png","width":500,"height":500,"caption":"Foretsensations.fr"},"image":{"@id":"https:\/\/culture-series.fr\/blog\/#\/schema\/logo\/image\/"}},{"@type":"Person","@id":"https:\/\/culture-series.fr\/blog\/#\/schema\/person\/b411c17f1d7ac78e63d36540a75859b5","name":"Elodie Laurent","image":{"@type":"ImageObject","inLanguage":"fr-FR","@id":"https:\/\/culture-series.fr\/blog\/#\/schema\/person\/image\/","url":"https:\/\/secure.gravatar.com\/avatar\/?s=96&d=mm&r=g","contentUrl":"https:\/\/secure.gravatar.com\/avatar\/?s=96&d=mm&r=g","caption":"Elodie Laurent"},"description":"\u00c9lodie Laurent est critique de s\u00e9ries et analyste culturelle avec plus de 8 ans d'exp\u00e9rience. Passionn\u00e9e par les narratives complexes et les personnages profonds, elle offre des critiques d\u00e9taill\u00e9es et des analyses perspicaces pour aider les lecteurs \u00e0 mieux comprendre les s\u00e9ries qu'ils regardent.","url":"https:\/\/culture-series.fr\/blog\/auteur\/elodie-laurent\/"}]}},"_links":{"self":[{"href":"https:\/\/culture-series.fr\/blog\/wp-json\/wp\/v2\/posts\/8159","targetHints":{"allow":["GET"]}}],"collection":[{"href":"https:\/\/culture-series.fr\/blog\/wp-json\/wp\/v2\/posts"}],"about":[{"href":"https:\/\/culture-series.fr\/blog\/wp-json\/wp\/v2\/types\/post"}],"author":[{"embeddable":true,"href":"https:\/\/culture-series.fr\/blog\/wp-json\/wp\/v2\/users\/39"}],"replies":[{"embeddable":true,"href":"https:\/\/culture-series.fr\/blog\/wp-json\/wp\/v2\/comments?post=8159"}],"version-history":[{"count":0,"href":"https:\/\/culture-series.fr\/blog\/wp-json\/wp\/v2\/posts\/8159\/revisions"}],"wp:attachment":[{"href":"https:\/\/culture-series.fr\/blog\/wp-json\/wp\/v2\/media?parent=8159"}],"wp:term":[{"taxonomy":"category","embeddable":true,"href":"https:\/\/culture-series.fr\/blog\/wp-json\/wp\/v2\/categories?post=8159"},{"taxonomy":"post_tag","embeddable":true,"href":"https:\/\/culture-series.fr\/blog\/wp-json\/wp\/v2\/tags?post=8159"}],"curies":[{"name":"wp","href":"https:\/\/api.w.org\/{rel}","templated":true}]}}