{"id":8158,"date":"2026-07-12T23:09:40","date_gmt":"2026-07-12T21:09:40","guid":{"rendered":"https:\/\/culture-series.fr\/blog\/guides-de-visionnage\/house-of-the-dragon-saison-3\/"},"modified":"2026-08-10T03:45:35","modified_gmt":"2026-08-10T01:45:35","slug":"house-of-the-dragon-saison-3","status":"publish","type":"post","link":"https:\/\/culture-series.fr\/blog\/guides-de-visionnage\/house-of-the-dragon-saison-3\/","title":{"rendered":"House of the Dragon saison 3 : calendrier des \u00e9pisodes, casting \u2014 ce que l&rsquo;on sait"},"content":{"rendered":"<link rel=\"stylesheet\" href=\"https:\/\/fonts.googleapis.com\/css2?family=Space+Grotesk:wght@500;600;700&#038;family=Inter:wght@400;500;600&#038;family=JetBrains+Mono:wght@500&#038;display=swap\">\n<style>\n.csr-ib-wrap{font-family:'Inter',-apple-system,BlinkMacSystemFont,sans-serif;color:#1b1c19;line-height:1.65;}\n.csr-ib-wrap p{font-size:17px;line-height:1.68;color:#26271f;}\n.csr-ib-wrap h2{font-family:'Space Grotesk','Inter',sans-serif;font-size:clamp(24px,3.2vw,33px);font-weight:700;letter-spacing:-0.02em;color:#10110f;margin:50px 0 14px;line-height:1.18;}\n.csr-ib-wrap h3{font-family:'Space Grotesk','Inter',sans-serif;font-size:20px;font-weight:600;letter-spacing:-0.01em;color:#15170f;margin:26px 0 8px;}\n.csr-ib-lead{font-family:'Inter',sans-serif;font-size:19px;line-height:1.58;color:#2a2c24;font-weight:500;margin:6px 0 26px;}\n.csr-ib-kicker{font-family:'JetBrains Mono',monospace;font-size:12px;font-weight:500;text-transform:uppercase;letter-spacing:2.4px;color:#1f7a4d;}\n.csr-ib-badge{display:inline-flex;flex-wrap:wrap;align-items:center;gap:8px;background:#eef7f1;border:1px solid #cfe5d6;border-radius:999px;padding:9px 18px;margin:0 0 20px;font-family:'JetBrains Mono',monospace;font-size:12px;letter-spacing:.4px;color:#2c4a38;}\n.csr-ib-badge strong{color:#155c39;font-weight:500;}\n.csr-ib-badge .csr-ib-dot{width:8px;height:8px;border-radius:50%;background:#1f7a4d;flex:0 0 auto;animation:csribpulse 2s infinite;}\n@keyframes csribpulse{0%,100%{opacity:1}50%{opacity:.35}}\n.csr-ib-brief{background:#0f1310;border-left:5px solid #5ed68f;border-radius:0 10px 10px 0;padding:24px 28px;margin:0 0 30px;box-shadow:0 1px 2px rgba(10,16,12,.06),0 16px 34px -20px rgba(10,16,12,.5);}\n.csr-ib-brief .csr-ib-kicker{color:#5ed68f;}\n.csr-ib-ans{font-size:18px;line-height:1.62;color:#eef4ee;font-weight:500;margin:10px 0 16px;}\n.csr-ib-blist{margin:0;padding:0;list-style:none;display:grid;gap:9px;}\n.csr-ib-blist li{display:flex;gap:11px;align-items:flex-start;font-size:14.5px;line-height:1.5;color:#cdd6cd;}\n.csr-ib-blist li span{flex:0 0 auto;color:#5ed68f;font-weight:700;}\n.csr-ib-grid{display:grid;grid-template-columns:repeat(auto-fit,minmax(230px,1fr));gap:16px;margin:28px 0;}\n.csr-ib-card{background:#fff;border:1px solid #e2e7e0;border-top:3px solid #1f7a4d;border-radius:8px;padding:20px 20px 18px;transition:.25s ease;}\n.csr-ib-card:hover{transform:translateY(-3px);box-shadow:0 1px 2px rgba(16,24,20,.05),0 14px 30px -16px rgba(16,24,20,.28);}\n.csr-ib-card .csr-ib-num{font-family:'JetBrains Mono',monospace;font-size:13px;font-weight:500;color:#1f7a4d;}\n.csr-ib-card h3{margin:8px 0 6px;font-size:17px;}\n.csr-ib-card .csr-ib-txt{font-size:14px;line-height:1.55;color:#48504a;}\n.csr-ib-note{background:#eef7f1;border-left:4px solid #1f7a4d;border-radius:0 6px 6px 0;padding:15px 20px;margin:22px 0;}\n.csr-ib-note strong{display:inline-block;font-family:'JetBrains Mono',monospace;color:#155c39;font-size:12px;text-transform:uppercase;letter-spacing:1.6px;margin-right:8px;}\n.csr-ib-note span{font-size:15px;line-height:1.58;color:#2c322c;}\n.csr-ib-table{margin:28px 0;overflow-x:auto;border:1px solid #e2e7e0;border-radius:8px;}\n.csr-ib-table table{width:100%;border-collapse:collapse;font-size:14.5px;color:#26271f;min-width:520px;}\n.csr-ib-table th{background:#10110f;color:#eef4ee;text-align:left;padding:13px 17px;font-family:'JetBrains Mono',monospace;font-size:11px;font-weight:500;text-transform:uppercase;letter-spacing:1.4px;}\n.csr-ib-table td{padding:13px 17px;border-bottom:1px solid #eef2ec;}\n.csr-ib-table tr:nth-child(even) td{background:#f8faf7;}\n.csr-ib-table td:first-child{font-weight:600;color:#15170f;}\n.csr-ib-video{position:relative;padding-bottom:56.25%;height:0;margin:26px 0;border-radius:10px;overflow:hidden;background:#0f1310;box-shadow:0 16px 34px -20px rgba(10,16,12,.5);}\n.csr-ib-video iframe{position:absolute;inset:0;width:100%;height:100%;border:0;}\n.csr-ib-cap{font-size:13px;color:#6a7168;margin:-16px 0 26px;}\n.csr-ib-retenir{background:#f7faf6;border:1px solid #dfe7dc;border-radius:10px;padding:24px 26px 26px;margin:40px 0;}\n.csr-ib-rgrid{display:grid;grid-template-columns:repeat(auto-fit,minmax(245px,1fr));gap:10px;}\n.csr-ib-ritem{display:flex;gap:12px;background:#fff;border:1px solid #e7ece4;border-radius:7px;padding:13px 15px;align-items:flex-start;}\n.csr-ib-ritem .csr-ib-rn{flex:0 0 26px;width:26px;height:26px;background:#1f7a4d;color:#fff;border-radius:50%;display:inline-flex;align-items:center;justify-content:center;font-family:'JetBrains Mono',monospace;font-size:12px;font-weight:500;}\n.csr-ib-ritem .csr-ib-rt{font-size:14px;line-height:1.5;color:#2a2e26;}\n.csr-ib-faq{margin:36px 0 10px;}\n.csr-ib-faq .csr-ib-fd{border-bottom:1px solid #dfe4db;}\n.csr-ib-faq summary{cursor:pointer;padding:17px 0;font-family:'Space Grotesk',sans-serif;font-size:17px;font-weight:600;color:#10110f;list-style:none;display:flex;justify-content:space-between;align-items:center;gap:14px;}\n.csr-ib-faq summary::-webkit-details-marker{display:none;}\n.csr-ib-faq summary .csr-ib-pl{font-size:22px;font-weight:300;color:#1f7a4d;line-height:1;transition:.25s ease;}\n.csr-ib-faq details[open] summary .csr-ib-pl{transform:rotate(45deg);}\n.csr-ib-faq .csr-ib-fa{padding:0 0 18px;font-size:15.5px;line-height:1.7;color:#454b44;}\n\/*RENDERFIX2*\/.csr-ib-brief{color:#eef3f9!important}.csr-ib-brief p,.csr-ib-brief li,.csr-ib-brief strong,.csr-ib-brief em,.csr-ib-brief a,.csr-ib-brief span,.csr-ib-brief b,.csr-ib-brief td,.csr-ib-brief th,.csr-ib-brief h2,.csr-ib-brief h3,.csr-ib-brief h4{color:#eef3f9!important}.csr-ib-brief strong,.csr-ib-brief b{color:#ffffff!important}.csr-ib-brief a{text-decoration:underline}.csr-ib-table th{color:#eef3f9!important}.csr-ib-table th strong,.csr-ib-table th b{color:#ffffff!important}.csr-ib-ritem .csr-ib-rn{color:#eef3f9!important}\n<\/style>\n<div class=\"csr-ib-wrap\">\n<div class=\"csr-ib-badge\" id=\"maj-10aout-finale\"><span class=\"csr-ib-dot\"><\/span><strong>Derni\u00e8re mise \u00e0 jour : 10 ao\u00fbt 2026<\/strong>&nbsp;\u00b7 Page vivante \u2014 mise \u00e0 jour \u00e0 chaque annonce officielle<\/div>\n<div class=\"csr-ib-lead\"><strong>House of the Dragon saison 3 est termin\u00e9e : lanc\u00e9e le 21 juin 2026 sur HBO Max, elle a d\u00e9roul\u00e9 ses 8 \u00e9pisodes chaque dimanche soir jusqu&rsquo;au final, diffus\u00e9 dans la nuit du 9 au 10 ao\u00fbt 2026 (21 h heure de l&rsquo;Est le dimanche 9 ao\u00fbt, vers 3 h heure de Paris)<\/strong>. Les huit \u00e9pisodes sont d\u00e9sormais disponibles en int\u00e9gralit\u00e9. Calendrier complet, casting et \u00e9tat de la Danse des Dragons : tout est l\u00e0.<\/div>\n<div class=\"csr-ib-brief\">\n<div class=\"csr-ib-kicker\">En bref<\/div>\n<div class=\"csr-ib-ans\">La <strong>saison 3 de House of the Dragon<\/strong> a d\u00e9marr\u00e9 avec <strong>21,5 millions de spectateurs<\/strong> pour son premier \u00e9pisode. La guerre civile Targaryen bascule dans la guerre totale \u2014 la <strong>bataille du Gosier<\/strong> occupe les premiers \u00e9pisodes. La diffusion s&rsquo;est faite au rythme d&rsquo;un \u00e9pisode chaque dimanche \u00e0 21 h (heure de l&rsquo;Est) ; le final a \u00e9t\u00e9 diffus\u00e9 dans la nuit du 9 au 10 ao\u00fbt 2026 (vers 3 h heure de Paris).<\/div>\n<ul class=\"csr-ib-blist\">\n<li><span>\u25b8<\/span> 8 \u00e9pisodes, diffus\u00e9s du 21 juin au 9 ao\u00fbt 2026 (v\u00e9rifi\u00e9).<\/li>\n<li><span>\u25b8<\/span> Les 8 \u00e9pisodes sont disponibles ; le final (\u00e9pisode 8) a \u00e9t\u00e9 diffus\u00e9 le dimanche 9 ao\u00fbt 2026 (nuit du 9 au 10 ao\u00fbt en France).<\/li>\n<li><span>\u25b8<\/span> Emma D&rsquo;Arcy, Matt Smith, Olivia Cooke et Ewan Mitchell au premier plan.<\/li>\n<\/ul>\n<\/div>\n<h2>Le calendrier des \u00e9pisodes de la saison 3<\/h2>\n<div class=\"csr-ib-table\">\n<table>\n<tr>\n<th>\u00c9pisode<\/th>\n<th>Date (dimanche, US)<\/th>\n<th>Statut au 10\/08\/2026<\/th>\n<\/tr>\n<tr>\n<td>\u00c9pisode 1<\/td>\n<td>21 juin 2026<\/td>\n<td>Disponible<\/td>\n<\/tr>\n<tr>\n<td>\u00c9pisode 2<\/td>\n<td>28 juin 2026<\/td>\n<td>Disponible<\/td>\n<\/tr>\n<tr>\n<td>\u00c9pisode 3<\/td>\n<td>5 juillet 2026<\/td>\n<td>Disponible<\/td>\n<\/tr>\n<tr>\n<td>\u00c9pisode 4<\/td>\n<td>12 juillet 2026<\/td>\n<td>Disponible<\/td>\n<\/tr>\n<tr>\n<td>\u00c9pisode 5<\/td>\n<td>19 juillet 2026<\/td>\n<td>Disponible<\/td>\n<\/tr>\n<tr>\n<td>\u00c9pisode 6<\/td>\n<td>26 juillet 2026<\/td>\n<td>Disponible<\/td>\n<\/tr>\n<tr>\n<td>\u00c9pisode 7<\/td>\n<td>2 ao\u00fbt 2026<\/td>\n<td>Disponible<\/td>\n<\/tr>\n<tr>\n<td>\u00c9pisode 8 (final)<\/td>\n<td>9 ao\u00fbt 2026<\/td>\n<td>Disponible<\/td>\n<\/tr>\n<\/table>\n<\/div>\n<p class=\"csr-ib-cap\">Diffusion \u00e0 21 h heure de l&rsquo;Est sur HBO\/HBO Max \u2014 soit dans la nuit de dimanche \u00e0 lundi (vers 3 h) en France. Le final a \u00e9t\u00e9 diffus\u00e9 dans la nuit du 9 au 10 ao\u00fbt 2026.<\/p>\n<h2>Le trailer officiel de la saison 3<\/h2>\n<div class=\"csr-ib-video\"><iframe src=\"https:\/\/www.youtube.com\/embed\/e96HaqR0mjM\" title=\"House of the Dragon Season 3 | Official Trailer | HBO Max\" loading=\"lazy\" allow=\"accelerometer; autoplay; clipboard-write; encrypted-media; gyroscope; picture-in-picture\" allowfullscreen><\/iframe><\/div>\n<div class=\"csr-ib-cap\">Le trailer publi\u00e9 fin mai 2026 sur les cha\u00eenes officielles HBO Max.<\/div>\n<h2>Le casting de la saison 3<\/h2>\n<p>Les deux reines de la Danse restent le c\u0153ur du r\u00e9cit : <strong>Emma D&rsquo;Arcy<\/strong> (Rhaenyra Targaryen) et <strong>Olivia Cooke<\/strong> (Alicent Hightower), entour\u00e9es de <strong>Matt Smith<\/strong> (Daemon), <strong>Ewan Mitchell<\/strong> (Aemond, plus mena\u00e7ant que jamais), <strong>Tom Glynn-Carney<\/strong> (Aegon II), <strong>Steve Toussaint<\/strong> (Corlys Velaryon) et <strong>Rhys Ifans<\/strong> (Otto Hightower). La saison confirme le glissement g\u00e9n\u00e9rationnel amorc\u00e9 en saison 2, avec les dragonniers de fortune recrut\u00e9s par Rhaenyra d\u00e9sormais au front.<\/p>\n<h2>O\u00f9 en est l&rsquo;histoire ? (sans g\u00e2cher la suite)<\/h2>\n<div class=\"csr-ib-note\"><strong>Spoilers l\u00e9gers<\/strong> <span>Rien ci-dessous ne d\u00e9voile les derniers \u00e9pisodes ni le final diffus\u00e9 le 9 ao\u00fbt \u2014 seulement le cadre pos\u00e9 par le d\u00e9but de saison.<\/span><\/div>\n<p>La Danse des Dragons n&rsquo;est plus une guerre froide : la saison s&rsquo;est ouverte sur la <strong>bataille du Gosier<\/strong>, l&rsquo;affrontement naval le plus ambitieux jamais tourn\u00e9 pour la s\u00e9rie, et chaque camp compte d\u00e9sormais ses morts. Le milieu de saison se joue autour de Port-R\u00e9al \u2014 que le camp noir de Rhaenyra et Daemon entend reprendre \u2014 pendant qu&rsquo;Ormund Hightower progresse depuis le sud. Les lecteurs de <em>Feu et Sang<\/em> savent que les chapitres adapt\u00e9s ici comptent parmi les plus brutaux de George R.R. Martin ; les autres d\u00e9couvriront pourquoi chaque dimanche est devenu anxiog\u00e8ne.<\/p>\n<div class=\"csr-ib-retenir\">\n<div class=\"csr-ib-rgrid\">\n<div class=\"csr-ib-ritem\"><span class=\"csr-ib-rn\">1<\/span><span class=\"csr-ib-rt\">Le final (\u00e9pisode 8) a \u00e9t\u00e9 diffus\u00e9 le dimanche 9 ao\u00fbt 2026 \u00e0 21 h heure de l&rsquo;Est, soit dans la nuit du 9 au 10 ao\u00fbt vers 3 h en France ; les 8 \u00e9pisodes sont disponibles.<\/span><\/div>\n<div class=\"csr-ib-ritem\"><span class=\"csr-ib-rn\">2<\/span><span class=\"csr-ib-rt\">21,5 millions de spectateurs sur trois jours pour l&rsquo;\u00e9pisode 1, soit 8 % de moins que le lancement de la saison 2 (23,4 millions).<\/span><\/div>\n<div class=\"csr-ib-ritem\"><span class=\"csr-ib-rn\">3<\/span><span class=\"csr-ib-rt\">La saison 4, command\u00e9e par HBO en novembre 2025, sera la derni\u00e8re et est attendue en 2028 \u2014 suivez les annonces sur notre <a href=\"https:\/\/culture-series.fr\/blog\/guides-de-visionnage\/calendrier-series-2026-2027\/\">calendrier des s\u00e9ries<\/a>.<\/span><\/div>\n<\/div>\n<\/div>\n<div class=\"csr-ib-faq\">\n<details class=\"csr-ib-fd\">\n<summary>Quand est sorti le dernier \u00e9pisode de House of the Dragon saison 3 ?<span class=\"csr-ib-pl\">+<\/span><\/summary>\n<div class=\"csr-ib-fa\">Le final, l&rsquo;\u00e9pisode 8, a \u00e9t\u00e9 diffus\u00e9 le dimanche 9 ao\u00fbt 2026 \u00e0 21 h heure de l&rsquo;Est sur HBO\/HBO Max, soit dans la nuit du 9 au 10 ao\u00fbt 2026 (vers 3 h) en France. La saison 3 est compl\u00e8te : les 8 \u00e9pisodes sont disponibles.<\/div>\n<\/details>\n<details class=\"csr-ib-fd\">\n<summary>Combien d&rsquo;\u00e9pisodes compte la saison 3 ?<span class=\"csr-ib-pl\">+<\/span><\/summary>\n<div class=\"csr-ib-fa\">Huit \u00e9pisodes, diffus\u00e9s \u00e0 raison d&rsquo;un par semaine du 21 juin au 9 ao\u00fbt 2026. C&rsquo;est le m\u00eame format que la saison 2, resserr\u00e9 par rapport aux dix \u00e9pisodes de la saison 1.<\/div>\n<\/details>\n<details class=\"csr-ib-fd\">\n<summary>O\u00f9 regarder House of the Dragon saison 3 en France ?<span class=\"csr-ib-pl\">+<\/span><\/summary>\n<div class=\"csr-ib-fa\">Les 8 \u00e9pisodes de la saison 3 sont disponibles en France sur HBO Max, mis en ligne au rythme de la diffusion am\u00e9ricaine (dans la nuit de dimanche \u00e0 lundi). Les saisons 1 et 2 y sont \u00e9galement disponibles pour le rattrapage.<\/div>\n<\/details>\n<details class=\"csr-ib-fd\">\n<summary>La bataille du Gosier est-elle dans cette saison ?<span class=\"csr-ib-pl\">+<\/span><\/summary>\n<div class=\"csr-ib-fa\">Oui : la bataille du Gosier (Battle of the Gullet), l&rsquo;un des affrontements les plus attendus de Feu et Sang, figure dans les premiers \u00e9pisodes de la saison 3 \u2014 HBO en avait fait l&rsquo;argument central du trailer.<\/div>\n<\/details>\n<\/div>\n<p><script type=\"application\/ld+json\">{\"@context\": \"https:\/\/schema.org\", \"@type\": \"FAQPage\", \"mainEntity\": [{\"@type\": \"Question\", \"name\": \"Quand est sorti le dernier \u00e9pisode de House of the Dragon saison 3 ?\", \"acceptedAnswer\": {\"@type\": \"Answer\", \"text\": \"Le final, l'\u00e9pisode 8, a \u00e9t\u00e9 diffus\u00e9 le dimanche 9 ao\u00fbt 2026 \u00e0 21 h heure de l'Est sur HBO\/HBO Max, soit dans la nuit du 9 au 10 ao\u00fbt 2026 (vers 3 h) en France. La saison 3 est compl\u00e8te : les 8 \u00e9pisodes sont disponibles.\"}}, {\"@type\": \"Question\", \"name\": \"Combien d'\u00e9pisodes compte la saison 3 ?\", \"acceptedAnswer\": {\"@type\": \"Answer\", \"text\": \"Huit \u00e9pisodes, diffus\u00e9s \u00e0 raison d'un par semaine du 21 juin au 9 ao\u00fbt 2026. C'est le m\u00eame format que la saison 2, resserr\u00e9 par rapport aux dix \u00e9pisodes de la saison 1.\"}}, {\"@type\": \"Question\", \"name\": \"O\u00f9 regarder House of the Dragon saison 3 en France ?\", \"acceptedAnswer\": {\"@type\": \"Answer\", \"text\": \"Les 8 \u00e9pisodes de la saison 3 sont disponibles en France sur HBO Max, mis en ligne au rythme de la diffusion am\u00e9ricaine (dans la nuit de dimanche \u00e0 lundi). Les saisons 1 et 2 y sont \u00e9galement disponibles pour le rattrapage.\"}}, {\"@type\": \"Question\", \"name\": \"La bataille du Gosier est-elle dans cette saison ?\", \"acceptedAnswer\": {\"@type\": \"Answer\", \"text\": \"Oui : la bataille du Gosier (Battle of the Gullet), l'un des affrontements les plus attendus de Feu et Sang, figure dans les premiers \u00e9pisodes de la saison 3 \u2014 HBO en avait fait l'argument central du trailer.\"}}]}<\/script><\/p>\n<p>HBO encha\u00eene les rendez-vous : le final de la saison 3 a \u00e9t\u00e9 diffus\u00e9 dans la nuit du 9 au 10 ao\u00fbt 2026, et les regards se tournent d\u00e9sormais vers <a href=\"https:\/\/culture-series.fr\/blog\/guides-de-visionnage\/the-last-of-us-saison-3\/\">The Last of Us saison 3<\/a>, confirm\u00e9e pour 2027. Toutes les dates sont regroup\u00e9es dans notre <a href=\"https:\/\/culture-series.fr\/blog\/guides-de-visionnage\/calendrier-series-2026-2027\/\">calendrier des s\u00e9ries 2026-2027<\/a>.<\/p>\n<\/div>\n","protected":false},"excerpt":{"rendered":"","protected":false},"author":34,"featured_media":999999999,"comment_status":"closed","ping_status":"open","sticky":false,"template":"","format":"standard","meta":{"_acf_changed":false,"manual_indexmenow":false,"indexmenow_id_project":0,"footnotes":""},"categories":[4522],"tags":[],"class_list":["post-8158","post","type-post","status-publish","format-standard","has-post-thumbnail","hentry","category-guides-de-visionnage","generate-columns","tablet-grid-50","mobile-grid-100","grid-parent","grid-25"],"acf":[],"yoast_head":"<!-- This site is optimized with the Yoast SEO Premium plugin v21.3 (Yoast SEO v25.6) - https:\/\/yoast.com\/wordpress\/plugins\/seo\/ -->\n<title>House of the Dragon saison 3 : calendrier, \u00e9pisodes<\/title>\n<meta name=\"description\" content=\"House of the Dragon saison 3 s&#039;est achev\u00e9e le 9 ao\u00fbt 2026 sur HBO Max : les 8 \u00e9pisodes sont disponibles. Calendrier complet, casting, bataille du Gosier.\" \/>\n<meta name=\"robots\" content=\"index, follow, max-snippet:-1, max-image-preview:large, max-video-preview:-1\" \/>\n<link rel=\"canonical\" href=\"https:\/\/culture-series.fr\/blog\/guides-de-visionnage\/house-of-the-dragon-saison-3\/\" \/>\n<meta property=\"og:locale\" content=\"fr_FR\" \/>\n<meta property=\"og:type\" content=\"article\" \/>\n<meta property=\"og:title\" content=\"House of the Dragon saison 3 : calendrier, \u00e9pisodes\" \/>\n<meta property=\"og:description\" content=\"House of the Dragon saison 3 s&#039;est achev\u00e9e le 9 ao\u00fbt 2026 sur HBO Max : les 8 \u00e9pisodes sont disponibles. Calendrier complet, casting, bataille du Gosier.\" \/>\n<meta property=\"og:url\" content=\"https:\/\/culture-series.fr\/blog\/guides-de-visionnage\/house-of-the-dragon-saison-3\/\" \/>\n<meta property=\"og:site_name\" content=\"culture-series\" \/>\n<meta property=\"og:image\" content=\"https:\/\/images.pexels.com\/photos\/7991318\/pexels-photo-7991318.jpeg?auto=compress&cs=tinysrgb&fit=crop&h=627&w=1200\" \/>\n<meta name=\"author\" content=\"Rapha\u00ebl D.\" \/>\n<meta name=\"twitter:card\" content=\"summary_large_image\" \/>\n<meta name=\"twitter:image\" content=\"https:\/\/images.pexels.com\/photos\/7991318\/pexels-photo-7991318.jpeg?auto=compress&cs=tinysrgb&fit=crop&h=627&w=1200\" \/>\n<script type=\"application\/ld+json\" class=\"yoast-schema-graph\">{\"@context\":\"https:\/\/schema.org\",\"@graph\":[{\"@type\":\"NewsArticle\",\"@id\":\"https:\/\/culture-series.fr\/blog\/guides-de-visionnage\/house-of-the-dragon-saison-3\/#article\",\"isPartOf\":{\"@id\":\"https:\/\/culture-series.fr\/blog\/guides-de-visionnage\/house-of-the-dragon-saison-3\/\"},\"author\":{\"name\":\"Rapha\u00ebl D.\",\"@id\":\"https:\/\/culture-series.fr\/blog\/#\/schema\/person\/3c864cdc320801e3db34b663e7e3f816\"},\"headline\":\"House of the Dragon saison 3 : calendrier des \u00e9pisodes, casting \u2014 ce que l&rsquo;on sait\",\"datePublished\":\"2026-07-12T21:09:40+00:00\",\"dateModified\":\"2026-08-10T01:45:35+00:00\",\"mainEntityOfPage\":{\"@id\":\"https:\/\/culture-series.fr\/blog\/guides-de-visionnage\/house-of-the-dragon-saison-3\/\"},\"wordCount\":832,\"publisher\":{\"@id\":\"https:\/\/culture-series.fr\/blog\/#organization\"},\"image\":{\"@id\":\"https:\/\/culture-series.fr\/blog\/guides-de-visionnage\/house-of-the-dragon-saison-3\/#primaryimage\"},\"thumbnailUrl\":\"https:\/\/images.pexels.com\/photos\/7991318\/pexels-photo-7991318.jpeg?auto=compress&cs=tinysrgb&fit=crop&h=627&w=1200\",\"articleSection\":[\"Guides de Visionnage\"],\"inLanguage\":\"fr-FR\"},{\"@type\":\"WebPage\",\"@id\":\"https:\/\/culture-series.fr\/blog\/guides-de-visionnage\/house-of-the-dragon-saison-3\/\",\"url\":\"https:\/\/culture-series.fr\/blog\/guides-de-visionnage\/house-of-the-dragon-saison-3\/\",\"name\":\"House of the Dragon saison 3 : calendrier, \u00e9pisodes\",\"isPartOf\":{\"@id\":\"https:\/\/culture-series.fr\/blog\/#website\"},\"primaryImageOfPage\":{\"@id\":\"https:\/\/culture-series.fr\/blog\/guides-de-visionnage\/house-of-the-dragon-saison-3\/#primaryimage\"},\"image\":{\"@id\":\"https:\/\/culture-series.fr\/blog\/guides-de-visionnage\/house-of-the-dragon-saison-3\/#primaryimage\"},\"thumbnailUrl\":\"https:\/\/images.pexels.com\/photos\/7991318\/pexels-photo-7991318.jpeg?auto=compress&cs=tinysrgb&fit=crop&h=627&w=1200\",\"datePublished\":\"2026-07-12T21:09:40+00:00\",\"dateModified\":\"2026-08-10T01:45:35+00:00\",\"description\":\"House of the Dragon saison 3 s'est achev\u00e9e le 9 ao\u00fbt 2026 sur HBO Max : les 8 \u00e9pisodes sont disponibles. Calendrier complet, casting, bataille du Gosier.\",\"inLanguage\":\"fr-FR\",\"potentialAction\":[{\"@type\":\"ReadAction\",\"target\":[\"https:\/\/culture-series.fr\/blog\/guides-de-visionnage\/house-of-the-dragon-saison-3\/\"]}]},{\"@type\":\"ImageObject\",\"inLanguage\":\"fr-FR\",\"@id\":\"https:\/\/culture-series.fr\/blog\/guides-de-visionnage\/house-of-the-dragon-saison-3\/#primaryimage\",\"url\":\"https:\/\/images.pexels.com\/photos\/7991318\/pexels-photo-7991318.jpeg?auto=compress&cs=tinysrgb&fit=crop&h=627&w=1200\",\"contentUrl\":\"https:\/\/images.pexels.com\/photos\/7991318\/pexels-photo-7991318.jpeg?auto=compress&cs=tinysrgb&fit=crop&h=627&w=1200\"},{\"@type\":\"WebSite\",\"@id\":\"https:\/\/culture-series.fr\/blog\/#website\",\"url\":\"https:\/\/culture-series.fr\/blog\/\",\"name\":\"culture-series.Fr\",\"description\":\"Culture &amp; Series, l&#039;univers des s\u00e9ries en profondeur\",\"publisher\":{\"@id\":\"https:\/\/culture-series.fr\/blog\/#organization\"},\"alternateName\":\"Culture & Series, l'univers des s\u00e9ries en profondeur\",\"potentialAction\":[{\"@type\":\"SearchAction\",\"target\":{\"@type\":\"EntryPoint\",\"urlTemplate\":\"https:\/\/culture-series.fr\/blog\/?s={search_term_string}\"},\"query-input\":{\"@type\":\"PropertyValueSpecification\",\"valueRequired\":true,\"valueName\":\"search_term_string\"}}],\"inLanguage\":\"fr-FR\"},{\"@type\":\"Organization\",\"@id\":\"https:\/\/culture-series.fr\/blog\/#organization\",\"name\":\"Foretsensations.fr\",\"url\":\"https:\/\/culture-series.fr\/blog\/\",\"logo\":{\"@type\":\"ImageObject\",\"inLanguage\":\"fr-FR\",\"@id\":\"https:\/\/culture-series.fr\/blog\/#\/schema\/logo\/image\/\",\"url\":\"https:\/\/culture-series.fr\/blog\/wp-content\/uploads\/2024\/12\/27.png\",\"contentUrl\":\"https:\/\/culture-series.fr\/blog\/wp-content\/uploads\/2024\/12\/27.png\",\"width\":500,\"height\":500,\"caption\":\"Foretsensations.fr\"},\"image\":{\"@id\":\"https:\/\/culture-series.fr\/blog\/#\/schema\/logo\/image\/\"}},{\"@type\":\"Person\",\"@id\":\"https:\/\/culture-series.fr\/blog\/#\/schema\/person\/3c864cdc320801e3db34b663e7e3f816\",\"name\":\"Rapha\u00ebl D.\",\"image\":{\"@type\":\"ImageObject\",\"inLanguage\":\"fr-FR\",\"@id\":\"https:\/\/culture-series.fr\/blog\/#\/schema\/person\/image\/\",\"url\":\"https:\/\/culture-series.fr\/blog\/wp-content\/uploads\/2026\/06\/persona_raphael-d-96x96.jpg\",\"contentUrl\":\"https:\/\/culture-series.fr\/blog\/wp-content\/uploads\/2026\/06\/persona_raphael-d-96x96.jpg\",\"caption\":\"Rapha\u00ebl D.\"},\"description\":\"La culture est mon terrain de jeu depuis une dizaine d'ann\u00e9es : arts visuels, s\u00e9ries, cr\u00e9ation et tout ce qui nourrit l'imaginaire. J'\u00e9cris aussi bien sur l'actualit\u00e9 des \u0153uvres que sur les coulisses de la cr\u00e9ation, avec l'envie de relier l'amateur curieux \u00e0 des univers parfois jug\u00e9s intimidants. J'aime analyser une s\u00e9rie ou une d\u00e9marche artistique sans p\u00e9dantisme, replacer une \u0153uvre dans son contexte et donner des cl\u00e9s de lecture accessibles. Avant de publier, je v\u00e9rifie mes r\u00e9f\u00e9rences, je recoupe les sources et je distingue clairement le fait de mon interpr\u00e9tation subjective. Je crois qu'une critique vaut surtout par les arguments qu'elle expose, pas par la sentence qu'elle rend. Mon angle : transmettre l'envie de d\u00e9couvrir, de regarder autrement et de se forger son propre go\u00fbt. La culture n'appartient pas qu'aux initi\u00e9s, et c'est tout l'enjeu de mon \u00e9criture.\",\"url\":\"https:\/\/culture-series.fr\/blog\/auteur\/noname\/\",\"jobTitle\":\"R\u00e9dacteur en chef \u00b7 Culture & Cr\u00e9ation\",\"knowsAbout\":[\"Culture\",\"Cr\u00e9ation\"],\"email\":\"raphael.d@a-l-asso-de-l-art.fr\"}]}<\/script>\n<!-- \/ Yoast SEO Premium plugin. -->","yoast_head_json":{"title":"House of the Dragon saison 3 : calendrier, \u00e9pisodes","description":"House of the Dragon saison 3 s'est achev\u00e9e le 9 ao\u00fbt 2026 sur HBO Max : les 8 \u00e9pisodes sont disponibles. Calendrier complet, casting, bataille du Gosier.","robots":{"index":"index","follow":"follow","max-snippet":"max-snippet:-1","max-image-preview":"max-image-preview:large","max-video-preview":"max-video-preview:-1"},"canonical":"https:\/\/culture-series.fr\/blog\/guides-de-visionnage\/house-of-the-dragon-saison-3\/","og_locale":"fr_FR","og_type":"article","og_title":"House of the Dragon saison 3 : calendrier, \u00e9pisodes","og_description":"House of the Dragon saison 3 s'est achev\u00e9e le 9 ao\u00fbt 2026 sur HBO Max : les 8 \u00e9pisodes sont disponibles. Calendrier complet, casting, bataille du Gosier.","og_url":"https:\/\/culture-series.fr\/blog\/guides-de-visionnage\/house-of-the-dragon-saison-3\/","og_site_name":"culture-series","og_image":[{"url":"https:\/\/images.pexels.com\/photos\/7991318\/pexels-photo-7991318.jpeg?auto=compress&cs=tinysrgb&fit=crop&h=627&w=1200","type":"","width":"","height":""}],"author":"Rapha\u00ebl D.","twitter_card":"summary_large_image","twitter_image":"https:\/\/images.pexels.com\/photos\/7991318\/pexels-photo-7991318.jpeg?auto=compress&cs=tinysrgb&fit=crop&h=627&w=1200","schema":{"@context":"https:\/\/schema.org","@graph":[{"@type":"NewsArticle","@id":"https:\/\/culture-series.fr\/blog\/guides-de-visionnage\/house-of-the-dragon-saison-3\/#article","isPartOf":{"@id":"https:\/\/culture-series.fr\/blog\/guides-de-visionnage\/house-of-the-dragon-saison-3\/"},"author":{"name":"Rapha\u00ebl D.","@id":"https:\/\/culture-series.fr\/blog\/#\/schema\/person\/3c864cdc320801e3db34b663e7e3f816"},"headline":"House of the Dragon saison 3 : calendrier des \u00e9pisodes, casting \u2014 ce que l&rsquo;on sait","datePublished":"2026-07-12T21:09:40+00:00","dateModified":"2026-08-10T01:45:35+00:00","mainEntityOfPage":{"@id":"https:\/\/culture-series.fr\/blog\/guides-de-visionnage\/house-of-the-dragon-saison-3\/"},"wordCount":832,"publisher":{"@id":"https:\/\/culture-series.fr\/blog\/#organization"},"image":{"@id":"https:\/\/culture-series.fr\/blog\/guides-de-visionnage\/house-of-the-dragon-saison-3\/#primaryimage"},"thumbnailUrl":"https:\/\/images.pexels.com\/photos\/7991318\/pexels-photo-7991318.jpeg?auto=compress&cs=tinysrgb&fit=crop&h=627&w=1200","articleSection":["Guides de Visionnage"],"inLanguage":"fr-FR"},{"@type":"WebPage","@id":"https:\/\/culture-series.fr\/blog\/guides-de-visionnage\/house-of-the-dragon-saison-3\/","url":"https:\/\/culture-series.fr\/blog\/guides-de-visionnage\/house-of-the-dragon-saison-3\/","name":"House of the Dragon saison 3 : calendrier, \u00e9pisodes","isPartOf":{"@id":"https:\/\/culture-series.fr\/blog\/#website"},"primaryImageOfPage":{"@id":"https:\/\/culture-series.fr\/blog\/guides-de-visionnage\/house-of-the-dragon-saison-3\/#primaryimage"},"image":{"@id":"https:\/\/culture-series.fr\/blog\/guides-de-visionnage\/house-of-the-dragon-saison-3\/#primaryimage"},"thumbnailUrl":"https:\/\/images.pexels.com\/photos\/7991318\/pexels-photo-7991318.jpeg?auto=compress&cs=tinysrgb&fit=crop&h=627&w=1200","datePublished":"2026-07-12T21:09:40+00:00","dateModified":"2026-08-10T01:45:35+00:00","description":"House of the Dragon saison 3 s'est achev\u00e9e le 9 ao\u00fbt 2026 sur HBO Max : les 8 \u00e9pisodes sont disponibles. Calendrier complet, casting, bataille du Gosier.","inLanguage":"fr-FR","potentialAction":[{"@type":"ReadAction","target":["https:\/\/culture-series.fr\/blog\/guides-de-visionnage\/house-of-the-dragon-saison-3\/"]}]},{"@type":"ImageObject","inLanguage":"fr-FR","@id":"https:\/\/culture-series.fr\/blog\/guides-de-visionnage\/house-of-the-dragon-saison-3\/#primaryimage","url":"https:\/\/images.pexels.com\/photos\/7991318\/pexels-photo-7991318.jpeg?auto=compress&cs=tinysrgb&fit=crop&h=627&w=1200","contentUrl":"https:\/\/images.pexels.com\/photos\/7991318\/pexels-photo-7991318.jpeg?auto=compress&cs=tinysrgb&fit=crop&h=627&w=1200"},{"@type":"WebSite","@id":"https:\/\/culture-series.fr\/blog\/#website","url":"https:\/\/culture-series.fr\/blog\/","name":"culture-series.Fr","description":"Culture &amp; Series, l&#039;univers des s\u00e9ries en profondeur","publisher":{"@id":"https:\/\/culture-series.fr\/blog\/#organization"},"alternateName":"Culture & Series, l'univers des s\u00e9ries en profondeur","potentialAction":[{"@type":"SearchAction","target":{"@type":"EntryPoint","urlTemplate":"https:\/\/culture-series.fr\/blog\/?s={search_term_string}"},"query-input":{"@type":"PropertyValueSpecification","valueRequired":true,"valueName":"search_term_string"}}],"inLanguage":"fr-FR"},{"@type":"Organization","@id":"https:\/\/culture-series.fr\/blog\/#organization","name":"Foretsensations.fr","url":"https:\/\/culture-series.fr\/blog\/","logo":{"@type":"ImageObject","inLanguage":"fr-FR","@id":"https:\/\/culture-series.fr\/blog\/#\/schema\/logo\/image\/","url":"https:\/\/culture-series.fr\/blog\/wp-content\/uploads\/2024\/12\/27.png","contentUrl":"https:\/\/culture-series.fr\/blog\/wp-content\/uploads\/2024\/12\/27.png","width":500,"height":500,"caption":"Foretsensations.fr"},"image":{"@id":"https:\/\/culture-series.fr\/blog\/#\/schema\/logo\/image\/"}},{"@type":"Person","@id":"https:\/\/culture-series.fr\/blog\/#\/schema\/person\/3c864cdc320801e3db34b663e7e3f816","name":"Rapha\u00ebl D.","image":{"@type":"ImageObject","inLanguage":"fr-FR","@id":"https:\/\/culture-series.fr\/blog\/#\/schema\/person\/image\/","url":"https:\/\/culture-series.fr\/blog\/wp-content\/uploads\/2026\/06\/persona_raphael-d-96x96.jpg","contentUrl":"https:\/\/culture-series.fr\/blog\/wp-content\/uploads\/2026\/06\/persona_raphael-d-96x96.jpg","caption":"Rapha\u00ebl D."},"description":"La culture est mon terrain de jeu depuis une dizaine d'ann\u00e9es : arts visuels, s\u00e9ries, cr\u00e9ation et tout ce qui nourrit l'imaginaire. J'\u00e9cris aussi bien sur l'actualit\u00e9 des \u0153uvres que sur les coulisses de la cr\u00e9ation, avec l'envie de relier l'amateur curieux \u00e0 des univers parfois jug\u00e9s intimidants. J'aime analyser une s\u00e9rie ou une d\u00e9marche artistique sans p\u00e9dantisme, replacer une \u0153uvre dans son contexte et donner des cl\u00e9s de lecture accessibles. Avant de publier, je v\u00e9rifie mes r\u00e9f\u00e9rences, je recoupe les sources et je distingue clairement le fait de mon interpr\u00e9tation subjective. Je crois qu'une critique vaut surtout par les arguments qu'elle expose, pas par la sentence qu'elle rend. Mon angle : transmettre l'envie de d\u00e9couvrir, de regarder autrement et de se forger son propre go\u00fbt. La culture n'appartient pas qu'aux initi\u00e9s, et c'est tout l'enjeu de mon \u00e9criture.","url":"https:\/\/culture-series.fr\/blog\/auteur\/noname\/","jobTitle":"R\u00e9dacteur en chef \u00b7 Culture & Cr\u00e9ation","knowsAbout":["Culture","Cr\u00e9ation"],"email":"raphael.d@a-l-asso-de-l-art.fr"}]}},"_links":{"self":[{"href":"https:\/\/culture-series.fr\/blog\/wp-json\/wp\/v2\/posts\/8158","targetHints":{"allow":["GET"]}}],"collection":[{"href":"https:\/\/culture-series.fr\/blog\/wp-json\/wp\/v2\/posts"}],"about":[{"href":"https:\/\/culture-series.fr\/blog\/wp-json\/wp\/v2\/types\/post"}],"author":[{"embeddable":true,"href":"https:\/\/culture-series.fr\/blog\/wp-json\/wp\/v2\/users\/34"}],"replies":[{"embeddable":true,"href":"https:\/\/culture-series.fr\/blog\/wp-json\/wp\/v2\/comments?post=8158"}],"version-history":[{"count":2,"href":"https:\/\/culture-series.fr\/blog\/wp-json\/wp\/v2\/posts\/8158\/revisions"}],"predecessor-version":[{"id":8224,"href":"https:\/\/culture-series.fr\/blog\/wp-json\/wp\/v2\/posts\/8158\/revisions\/8224"}],"wp:attachment":[{"href":"https:\/\/culture-series.fr\/blog\/wp-json\/wp\/v2\/media?parent=8158"}],"wp:term":[{"taxonomy":"category","embeddable":true,"href":"https:\/\/culture-series.fr\/blog\/wp-json\/wp\/v2\/categories?post=8158"},{"taxonomy":"post_tag","embeddable":true,"href":"https:\/\/culture-series.fr\/blog\/wp-json\/wp\/v2\/tags?post=8158"}],"curies":[{"name":"wp","href":"https:\/\/api.w.org\/{rel}","templated":true}]}}