{"id":8155,"date":"2026-07-12T23:09:25","date_gmt":"2026-07-12T21:09:25","guid":{"rendered":"https:\/\/culture-series.fr\/blog\/guides-de-visionnage\/calendrier-series-2026-2027\/"},"modified":"2026-08-10T03:45:35","modified_gmt":"2026-08-10T01:45:35","slug":"calendrier-series-2026-2027","status":"publish","type":"post","link":"https:\/\/culture-series.fr\/blog\/guides-de-visionnage\/calendrier-series-2026-2027\/","title":{"rendered":"Calendrier des s\u00e9ries 2026-2027 : toutes les dates de sortie des prochaines saisons"},"content":{"rendered":"<link rel=\"stylesheet\" href=\"https:\/\/fonts.googleapis.com\/css2?family=Space+Grotesk:wght@500;600;700&#038;family=Inter:wght@400;500;600&#038;family=JetBrains+Mono:wght@500&#038;display=swap\">\n<style>\n.csr-ib-wrap{font-family:'Inter',-apple-system,BlinkMacSystemFont,sans-serif;color:#1b1c19;line-height:1.65;}\n.csr-ib-wrap p{font-size:17px;line-height:1.68;color:#26271f;}\n.csr-ib-wrap h2{font-family:'Space Grotesk','Inter',sans-serif;font-size:clamp(24px,3.2vw,33px);font-weight:700;letter-spacing:-0.02em;color:#10110f;margin:50px 0 14px;line-height:1.18;}\n.csr-ib-wrap h3{font-family:'Space Grotesk','Inter',sans-serif;font-size:20px;font-weight:600;letter-spacing:-0.01em;color:#15170f;margin:26px 0 8px;}\n.csr-ib-lead{font-family:'Inter',sans-serif;font-size:19px;line-height:1.58;color:#2a2c24;font-weight:500;margin:6px 0 26px;}\n.csr-ib-kicker{font-family:'JetBrains Mono',monospace;font-size:12px;font-weight:500;text-transform:uppercase;letter-spacing:2.4px;color:#1f7a4d;}\n.csr-ib-badge{display:inline-flex;flex-wrap:wrap;align-items:center;gap:8px;background:#eef7f1;border:1px solid #cfe5d6;border-radius:999px;padding:9px 18px;margin:0 0 20px;font-family:'JetBrains Mono',monospace;font-size:12px;letter-spacing:.4px;color:#2c4a38;}\n.csr-ib-badge strong{color:#155c39;font-weight:500;}\n.csr-ib-badge .csr-ib-dot{width:8px;height:8px;border-radius:50%;background:#1f7a4d;flex:0 0 auto;animation:csribpulse 2s infinite;}\n@keyframes csribpulse{0%,100%{opacity:1}50%{opacity:.35}}\n.csr-ib-brief{background:#0f1310;border-left:5px solid #5ed68f;border-radius:0 10px 10px 0;padding:24px 28px;margin:0 0 30px;box-shadow:0 1px 2px rgba(10,16,12,.06),0 16px 34px -20px rgba(10,16,12,.5);}\n.csr-ib-brief .csr-ib-kicker{color:#5ed68f;}\n.csr-ib-ans{font-size:18px;line-height:1.62;color:#eef4ee;font-weight:500;margin:10px 0 16px;}\n.csr-ib-blist{margin:0;padding:0;list-style:none;display:grid;gap:9px;}\n.csr-ib-blist li{display:flex;gap:11px;align-items:flex-start;font-size:14.5px;line-height:1.5;color:#cdd6cd;}\n.csr-ib-blist li span{flex:0 0 auto;color:#5ed68f;font-weight:700;}\n.csr-ib-grid{display:grid;grid-template-columns:repeat(auto-fit,minmax(230px,1fr));gap:16px;margin:28px 0;}\n.csr-ib-card{background:#fff;border:1px solid #e2e7e0;border-top:3px solid #1f7a4d;border-radius:8px;padding:20px 20px 18px;transition:.25s ease;}\n.csr-ib-card:hover{transform:translateY(-3px);box-shadow:0 1px 2px rgba(16,24,20,.05),0 14px 30px -16px rgba(16,24,20,.28);}\n.csr-ib-card .csr-ib-num{font-family:'JetBrains Mono',monospace;font-size:13px;font-weight:500;color:#1f7a4d;}\n.csr-ib-card h3{margin:8px 0 6px;font-size:17px;}\n.csr-ib-card .csr-ib-txt{font-size:14px;line-height:1.55;color:#48504a;}\n.csr-ib-note{background:#eef7f1;border-left:4px solid #1f7a4d;border-radius:0 6px 6px 0;padding:15px 20px;margin:22px 0;}\n.csr-ib-note strong{display:inline-block;font-family:'JetBrains Mono',monospace;color:#155c39;font-size:12px;text-transform:uppercase;letter-spacing:1.6px;margin-right:8px;}\n.csr-ib-note span{font-size:15px;line-height:1.58;color:#2c322c;}\n.csr-ib-table{margin:28px 0;overflow-x:auto;border:1px solid #e2e7e0;border-radius:8px;}\n.csr-ib-table table{width:100%;border-collapse:collapse;font-size:14.5px;color:#26271f;min-width:520px;}\n.csr-ib-table th{background:#10110f;color:#eef4ee;text-align:left;padding:13px 17px;font-family:'JetBrains Mono',monospace;font-size:11px;font-weight:500;text-transform:uppercase;letter-spacing:1.4px;}\n.csr-ib-table td{padding:13px 17px;border-bottom:1px solid #eef2ec;}\n.csr-ib-table tr:nth-child(even) td{background:#f8faf7;}\n.csr-ib-table td:first-child{font-weight:600;color:#15170f;}\n.csr-ib-video{position:relative;padding-bottom:56.25%;height:0;margin:26px 0;border-radius:10px;overflow:hidden;background:#0f1310;box-shadow:0 16px 34px -20px rgba(10,16,12,.5);}\n.csr-ib-video iframe{position:absolute;inset:0;width:100%;height:100%;border:0;}\n.csr-ib-cap{font-size:13px;color:#6a7168;margin:-16px 0 26px;}\n.csr-ib-retenir{background:#f7faf6;border:1px solid #dfe7dc;border-radius:10px;padding:24px 26px 26px;margin:40px 0;}\n.csr-ib-rgrid{display:grid;grid-template-columns:repeat(auto-fit,minmax(245px,1fr));gap:10px;}\n.csr-ib-ritem{display:flex;gap:12px;background:#fff;border:1px solid #e7ece4;border-radius:7px;padding:13px 15px;align-items:flex-start;}\n.csr-ib-ritem .csr-ib-rn{flex:0 0 26px;width:26px;height:26px;background:#1f7a4d;color:#fff;border-radius:50%;display:inline-flex;align-items:center;justify-content:center;font-family:'JetBrains Mono',monospace;font-size:12px;font-weight:500;}\n.csr-ib-ritem .csr-ib-rt{font-size:14px;line-height:1.5;color:#2a2e26;}\n.csr-ib-faq{margin:36px 0 10px;}\n.csr-ib-faq .csr-ib-fd{border-bottom:1px solid #dfe4db;}\n.csr-ib-faq summary{cursor:pointer;padding:17px 0;font-family:'Space Grotesk',sans-serif;font-size:17px;font-weight:600;color:#10110f;list-style:none;display:flex;justify-content:space-between;align-items:center;gap:14px;}\n.csr-ib-faq summary::-webkit-details-marker{display:none;}\n.csr-ib-faq summary .csr-ib-pl{font-size:22px;font-weight:300;color:#1f7a4d;line-height:1;transition:.25s ease;}\n.csr-ib-faq details[open] summary .csr-ib-pl{transform:rotate(45deg);}\n.csr-ib-faq .csr-ib-fa{padding:0 0 18px;font-size:15.5px;line-height:1.7;color:#454b44;}\n\/*RENDERFIX2*\/.csr-ib-brief{color:#eef3f9!important}.csr-ib-brief p,.csr-ib-brief li,.csr-ib-brief strong,.csr-ib-brief em,.csr-ib-brief a,.csr-ib-brief span,.csr-ib-brief b,.csr-ib-brief td,.csr-ib-brief th,.csr-ib-brief h2,.csr-ib-brief h3,.csr-ib-brief h4{color:#eef3f9!important}.csr-ib-brief strong,.csr-ib-brief b{color:#ffffff!important}.csr-ib-brief a{text-decoration:underline}.csr-ib-table th{color:#eef3f9!important}.csr-ib-table th strong,.csr-ib-table th b{color:#ffffff!important}.csr-ib-ritem .csr-ib-rn{color:#eef3f9!important}\n<\/style>\n<div class=\"csr-ib-wrap\">\n<div class=\"csr-ib-badge\" id=\"maj-10aout-finale-hotd\"><span class=\"csr-ib-dot\"><\/span><strong>Derni\u00e8re mise \u00e0 jour : 10 ao\u00fbt 2026<\/strong>&nbsp;\u00b7 Page vivante \u2014 mise \u00e0 jour \u00e0 chaque annonce officielle<\/div>\n<div class=\"csr-ib-lead\">Quelles s\u00e9ries reviennent en 2026 et 2027, et quand exactement ? Au 10 ao\u00fbt 2026, <strong>House of the Dragon saison 3 est termin\u00e9e : son final a \u00e9t\u00e9 diffus\u00e9 dans la nuit du 9 au 10 ao\u00fbt (les 8 \u00e9pisodes sont disponibles sur HBO Max)<\/strong>, <strong>Prisoner touche \u00e0 sa fin sur Canal+ : apr\u00e8s l&rsquo;\u00e9pisode 5 du lundi 3 ao\u00fbt, son final est attendu ce lundi 10 ao\u00fbt<\/strong>, <strong>Maxton Hall saison 3 est officialis\u00e9e pour d\u00e9cembre 2026<\/strong>, <strong>The Witcher saison 5 est annonc\u00e9e pour 2026<\/strong>, et <strong>The Last of Us, Fallout, One Piece et Mercredi visent 2027<\/strong>. Voici le calendrier complet, avec pour chaque saison la distinction entre date officiellement confirm\u00e9e et estimation.<\/div>\n<div class=\"csr-ib-brief\">\n<div class=\"csr-ib-kicker\">En bref \u2014 l&rsquo;agenda au 10 ao\u00fbt 2026<\/div>\n<div class=\"csr-ib-ans\"><strong>House of the Dragon saison 3 est termin\u00e9e<\/strong> : son final a \u00e9t\u00e9 diffus\u00e9 dans la nuit du 9 au 10 ao\u00fbt 2026 sur HBO Max, et les 8 \u00e9pisodes sont disponibles. Prisoner reste <strong>en diffusion<\/strong> sur Canal+ (un \u00e9pisode par lundi, \u00e9pisode 5 diffus\u00e9 le 3 ao\u00fbt, final attendu le 10 ao\u00fbt). Deux sorties sont encore attendues cette ann\u00e9e : <strong>Maxton Hall saison 3<\/strong>, officialis\u00e9e pour <strong>d\u00e9cembre 2026<\/strong> sur Prime Video, et <strong>The Witcher saison 5<\/strong>, annonc\u00e9e par Netflix pour 2026. Tout le reste \u2014 The Last of Us, Fallout, One Piece, Mercredi \u2014 est cal\u00e9 sur <strong>2027<\/strong>.<\/div>\n<ul class=\"csr-ib-blist\">\n<li><span>\u25b8<\/span> Dates <strong>v\u00e9rifi\u00e9es<\/strong> : annonc\u00e9es officiellement par la plateforme ou la production.<\/li>\n<li><span>\u25b8<\/span> Dates <strong>estim\u00e9es<\/strong> : fen\u00eatre d\u00e9duite de l&rsquo;\u00e9tat de production et de la presse sp\u00e9cialis\u00e9e \u2014 \u00e0 confirmer.<\/li>\n<li><span>\u25b8<\/span> Chaque s\u00e9rie a sa fiche d\u00e9taill\u00e9e (casting, intrigue, \u00e9pisodes), mise \u00e0 jour \u00e0 chaque annonce.<\/li>\n<\/ul>\n<\/div>\n<h2>Le calendrier des prochaines saisons (2026-2027)<\/h2>\n<div class=\"csr-ib-table\">\n<table>\n<tr>\n<th>S\u00e9rie<\/th>\n<th>Statut au 10\/08\/2026<\/th>\n<th>Date de sortie<\/th>\n<th>Fiabilit\u00e9<\/th>\n<th>Plateforme<\/th>\n<\/tr>\n<tr>\n<td><a href=\"https:\/\/culture-series.fr\/blog\/guides-de-visionnage\/house-of-the-dragon-saison-3\/\">House of the Dragon S3<\/a><\/td>\n<td>Termin\u00e9e (8 \u00e9pisodes disponibles, final diffus\u00e9 le 9 ao\u00fbt)<\/td>\n<td>21 juin \u2192 9 ao\u00fbt 2026<\/td>\n<td>V\u00e9rifi\u00e9<\/td>\n<td>HBO Max<\/td>\n<\/tr>\n<tr>\n<td><a href=\"https:\/\/culture-series.fr\/blog\/guides-de-visionnage\/prisoner-canal-plus-tahar-rahim\/\">Prisoner S1<\/a><\/td>\n<td>En diffusion (\u00e9p. 5 diffus\u00e9 le 3 ao\u00fbt, final ce lundi 10 ao\u00fbt)<\/td>\n<td>13 juillet \u2192 10 ao\u00fbt 2026<\/td>\n<td>V\u00e9rifi\u00e9<\/td>\n<td>Canal+<\/td>\n<\/tr>\n<tr>\n<td><a href=\"https:\/\/culture-series.fr\/blog\/guides-de-visionnage\/maxton-hall-saison-3\/\">Maxton Hall S3 (finale)<\/a><\/td>\n<td>Annonc\u00e9e \u00e0 l&rsquo;Obsessed Fest (27-28 juin)<\/td>\n<td>D\u00e9cembre 2026<\/td>\n<td>Mois officiel, jour \u00e0 confirmer<\/td>\n<td>Prime Video<\/td>\n<\/tr>\n<tr>\n<td><a href=\"https:\/\/culture-series.fr\/blog\/guides-de-visionnage\/the-witcher-saison-5\/\">The Witcher S5 (finale)<\/a><\/td>\n<td>Post-production<\/td>\n<td>2026 (fin d&rsquo;ann\u00e9e probable)<\/td>\n<td>Ann\u00e9e officielle, date estim\u00e9e<\/td>\n<td>Netflix<\/td>\n<\/tr>\n<tr>\n<td><a href=\"https:\/\/culture-series.fr\/blog\/guides-de-visionnage\/the-last-of-us-saison-3\/\">The Last of Us S3<\/a><\/td>\n<td>En tournage depuis avril 2026<\/td>\n<td>2027<\/td>\n<td>Ann\u00e9e confirm\u00e9e par HBO<\/td>\n<td>HBO Max<\/td>\n<\/tr>\n<tr>\n<td><a href=\"https:\/\/culture-series.fr\/blog\/guides-de-visionnage\/one-piece-saison-2-netflix\/\">One Piece S3 (Netflix)<\/a><\/td>\n<td>Tournage termin\u00e9<\/td>\n<td>2027<\/td>\n<td>Fen\u00eatre officielle<\/td>\n<td>Netflix<\/td>\n<\/tr>\n<tr>\n<td><a href=\"https:\/\/culture-series.fr\/blog\/guides-de-visionnage\/fallout-saison-3\/\">Fallout S3<\/a><\/td>\n<td>En tournage<\/td>\n<td>2027<\/td>\n<td>Estimation<\/td>\n<td>Prime Video<\/td>\n<\/tr>\n<tr>\n<td><a href=\"https:\/\/culture-series.fr\/blog\/guides-de-visionnage\/mercredi-saison-2\/\">Mercredi S3<\/a><\/td>\n<td>En tournage (Paris)<\/td>\n<td>2027<\/td>\n<td>Estimation<\/td>\n<td>Netflix<\/td>\n<\/tr>\n<\/table>\n<\/div>\n<div class=\"csr-ib-note\"><strong>M\u00e9thode<\/strong> <span>\u00ab V\u00e9rifi\u00e9 \u00bb = date ou fen\u00eatre annonc\u00e9e par la plateforme (Netflix, HBO, Prime Video) ou la production. \u00ab Estimation \u00bb = projection coh\u00e9rente avec l&rsquo;\u00e9tat du tournage et la presse sp\u00e9cialis\u00e9e (Variety, Deadline), jamais une rumeur isol\u00e9e. Cette page est corrig\u00e9e \u00e0 chaque annonce officielle.<\/span><\/div>\n<h2>Saison termin\u00e9e : House of the Dragon<\/h2>\n<p>La <a href=\"https:\/\/culture-series.fr\/blog\/guides-de-visionnage\/house-of-the-dragon-saison-3\/\">saison 3 de House of the Dragon<\/a> a d\u00e9marr\u00e9 le 21 juin 2026 sur HBO Max avec 21,5 millions de spectateurs pour son premier \u00e9pisode. La Danse des Dragons bascule dans la guerre totale \u2014 la bataille du Gosier occupe les premiers \u00e9pisodes \u2014 et la diffusion s&rsquo;est poursuivie chaque dimanche soir jusqu&rsquo;au final du 9 ao\u00fbt 2026. Le sixi\u00e8me \u00e9pisode a \u00e9t\u00e9 mis en ligne dans la nuit du 26 au 27 juillet \u2014 un \u00e9pisode d&rsquo;environ 1 h 02 g\u00e9n\u00e9rique compris, r\u00e9alis\u00e9 par Loni Peristere et \u00e9crit par David Hancock et Shyam Popat, vingt-quatri\u00e8me de la s\u00e9rie. Le final, l&rsquo;\u00e9pisode 8, a \u00e9t\u00e9 diffus\u00e9 le dimanche 9 ao\u00fbt 2026 \u00e0 21 h heure de l&rsquo;Est, soit dans la nuit du 9 au 10 ao\u00fbt vers 3 h en France : la saison 3 est d\u00e9sormais compl\u00e8te sur HBO Max. Notre fiche d\u00e9taille le calendrier \u00e9pisode par \u00e9pisode.<\/p>\n<h2>En cours sur Canal+ : Prisoner, le thriller port\u00e9 par Tahar Rahim<\/h2>\n<p>Lanc\u00e9 le 13 juillet 2026 sur Canal+ avec ses deux premiers \u00e9pisodes, <strong>Prisoner<\/strong> est le nouveau thriller britannique cr\u00e9\u00e9 par Matt Charman, d\u00e9j\u00e0 diffus\u00e9 au Royaume-Uni sur Sky Atlantic depuis le 30 avril 2026. La saison 1 compte 6 \u00e9pisodes, \u00e0 raison d&rsquo;un \u00e9pisode chaque lundi \u00e0 21 h jusqu&rsquo;au final attendu le <strong>10 ao\u00fbt 2026<\/strong> : apr\u00e8s l&rsquo;\u00e9pisode 4 diffus\u00e9 le lundi 27 juillet 2026 \u00e0 21 h 06, l&rsquo;<strong>\u00e9pisode 5 a \u00e9t\u00e9 diffus\u00e9 le lundi 3 ao\u00fbt 2026 \u00e0 21 h 06<\/strong> d&rsquo;apr\u00e8s le programme annonc\u00e9 par Canal+, puis vient le <strong>final, l&rsquo;\u00e9pisode 6, ce lundi 10 ao\u00fbt 2026<\/strong>. La dur\u00e9e exacte des \u00e9pisodes, elle, n&rsquo;est pas communiqu\u00e9e officiellement : les fiches disponibles divergent (44 \u00e0 50 minutes selon Wikip\u00e9dia, environ 52 minutes selon Serie-News, 45 minutes annonc\u00e9es pour l&rsquo;\u00e9pisode 5 dans le programme TV). Nous ne retenons donc aucun chiffre tant qu&rsquo;une source officielle ne tranche pas. <strong>Tahar Rahim<\/strong> y incarne Tibor Stone, un ancien tueur d&rsquo;\u00e9lite devenu t\u00e9moin-cl\u00e9 : son transfert sous escorte contre le r\u00e9seau criminel Pegasus vire \u00e0 la cavale sous haute tension, aux c\u00f4t\u00e9s d&rsquo;Izuka Hoyle (Amber Todd), Leonie Benesch, Finn Bennett, Eddie Marsan, Catherine McCormack et Br\u00edan F. O&rsquo;Byrne. Une <strong>saison 2 a d\u00e9j\u00e0 \u00e9t\u00e9 command\u00e9e<\/strong> (mai 2026). Notre <a href=\"https:\/\/culture-series.fr\/blog\/guides-de-visionnage\/prisoner-canal-plus-tahar-rahim\/\">fiche compl\u00e8te sur Prisoner<\/a> d\u00e9taille la date de sortie, le casting, le pitch et le calendrier de diffusion.<\/p>\n<h2>Confirm\u00e9 pour 2026 : Maxton Hall et The Witcher, deux saisons finales<\/h2>\n<p>La derni\u00e8re annonce en date vient de Prime Video : la <a href=\"https:\/\/culture-series.fr\/blog\/guides-de-visionnage\/maxton-hall-saison-3\/\">saison 3 de Maxton Hall<\/a>, troisi\u00e8me et dernier chapitre de la s\u00e9rie, sortira en <strong>d\u00e9cembre 2026<\/strong> (jour exact non communiqu\u00e9). L&rsquo;annonce a \u00e9t\u00e9 faite sur sc\u00e8ne \u00e0 l&rsquo;Obsessed Fest de Los Angeles fin juin 2026 : 6 \u00e9pisodes adapt\u00e9s de <em>Save Us<\/em> de Mona Kasten, avec Harriet Herbig-Matten et Damian Hardung pour conclure l&rsquo;histoire de Ruby et James.<\/p>\n<p>Netflix a officialis\u00e9 une sortie \u00ab en 2026 \u00bb pour la <a href=\"https:\/\/culture-series.fr\/blog\/guides-de-visionnage\/the-witcher-saison-5\/\">cinqui\u00e8me et derni\u00e8re saison de The Witcher<\/a>, tourn\u00e9e dans la foul\u00e9e de la saison 4 et achev\u00e9e depuis septembre 2025. La post-production des effets visuels fait pencher la presse sp\u00e9cialis\u00e9e vers la fin de l&rsquo;ann\u00e9e 2026. Au programme : l&rsquo;adaptation des deux derniers romans d&rsquo;Andrzej Sapkowski, <em>La Tour de l&rsquo;Hirondelle<\/em> et <em>La Dame du Lac<\/em>, avec Liam Hemsworth pour son deuxi\u00e8me et dernier tour de piste en Geralt.<\/p>\n<h2>Le gros de la vague : 2027<\/h2>\n<p>Quatre poids lourds sont attendus l&rsquo;an prochain, dans cet ordre de certitude :<\/p>\n<div class=\"csr-ib-grid\">\n<div class=\"csr-ib-card\">\n<div class=\"csr-ib-num\">2027 \u2014 confirm\u00e9<\/div>\n<h3><a href=\"https:\/\/culture-series.fr\/blog\/guides-de-visionnage\/the-last-of-us-saison-3\/\">The Last of Us S3<\/a><\/h3>\n<div class=\"csr-ib-txt\">HBO a confirm\u00e9 l&rsquo;ann\u00e9e 2027. Tournage lanc\u00e9 le 1er avril 2026 \u00e0 Vancouver, avec Kaitlyn Dever (Abby) au centre du r\u00e9cit. Apr\u00e8s une pause de production en juin, le tournage doit se poursuivre jusqu&rsquo;\u00e0 fin novembre 2026, sans effet annonc\u00e9 sur la sortie en 2027. Possiblement la derni\u00e8re saison.<\/div>\n<\/div>\n<div class=\"csr-ib-card\">\n<div class=\"csr-ib-num\">2027 \u2014 officiel<\/div>\n<h3><a href=\"https:\/\/culture-series.fr\/blog\/guides-de-visionnage\/one-piece-saison-2-netflix\/\">One Piece S3<\/a><\/h3>\n<div class=\"csr-ib-txt\">\u00ab The Battle of Alabasta \u00bb est d\u00e9j\u00e0 enti\u00e8rement tourn\u00e9e au Cap. Netflix annonce 2027 \u2014 la fiche One Piece fait aussi le bilan de la saison 2, sortie en mars 2026.<\/div>\n<\/div>\n<div class=\"csr-ib-card\">\n<div class=\"csr-ib-num\">2027 \u2014 estim\u00e9<\/div>\n<h3><a href=\"https:\/\/culture-series.fr\/blog\/guides-de-visionnage\/fallout-saison-3\/\">Fallout S3<\/a><\/h3>\n<div class=\"csr-ib-txt\">Confirm\u00e9e avant m\u00eame la diffusion de la saison 2, en tournage cet \u00e9t\u00e9 2026. Direction New Vegas, avec Manny Jacinto, Emily Mortimer et Thomasin McKenzie en renfort au casting. Pas de date officielle : la presse vise 2027.<\/div>\n<\/div>\n<div class=\"csr-ib-card\">\n<div class=\"csr-ib-num\">2027 \u2014 estim\u00e9<\/div>\n<h3><a href=\"https:\/\/culture-series.fr\/blog\/guides-de-visionnage\/mercredi-saison-2\/\">Mercredi S3<\/a><\/h3>\n<div class=\"csr-ib-txt\">Renouvel\u00e9e avant la sortie de la saison 2, en tournage depuis avril 2026 \u2014 en partie \u00e0 Paris. Netflix n&rsquo;a pas encore donn\u00e9 de date : 2027 est l&rsquo;hypoth\u00e8se solide.<\/div>\n<\/div>\n<\/div>\n<h2>D\u00e9j\u00e0 sorties : le rattrapage avant les suites<\/h2>\n<p>Si vous avez pris du retard, quatre saisons majeures sont tomb\u00e9es entre l&rsquo;automne 2025 et le printemps 2026 : <a href=\"https:\/\/culture-series.fr\/blog\/guides-de-visionnage\/stranger-things-saison-5\/\">Stranger Things saison 5<\/a> (novembre-d\u00e9cembre 2025, conclusion d\u00e9finitive de la s\u00e9rie), <a href=\"https:\/\/culture-series.fr\/blog\/guides-de-visionnage\/mercredi-saison-2\/\">Mercredi saison 2<\/a> (ao\u00fbt-septembre 2025), Fallout saison 2 (d\u00e9cembre 2025 &#8211; f\u00e9vrier 2026, salu\u00e9e par la critique) et <a href=\"https:\/\/culture-series.fr\/blog\/guides-de-visionnage\/euphoria-saison-3\/\">Euphoria saison 3<\/a> (avril-mai 2026), qui s&rsquo;est r\u00e9v\u00e9l\u00e9e \u00eatre la toute derni\u00e8re saison de la s\u00e9rie de Sam Levinson. La saison 4 de The Witcher, sortie en octobre 2025, reste le passage oblig\u00e9 \u2014 m\u00eame contest\u00e9 \u2014 avant la saison finale. C\u00f4t\u00e9 nouveaut\u00e9s fran\u00e7aises, <a href=\"https:\/\/culture-series.fr\/blog\/guides-de-visionnage\/gign-sur-netflix-casting-intrigue-et-saison-2-de-la-serie-avec-tomer-sisley\/\">GIGN, la mini-s\u00e9rie antiterroriste avec Tomer Sisley<\/a>, est disponible sur Netflix depuis le 22 juillet 2026.<\/p>\n<div class=\"csr-ib-retenir\">\n<div class=\"csr-ib-rgrid\">\n<div class=\"csr-ib-ritem\"><span class=\"csr-ib-rn\">1<\/span><span class=\"csr-ib-rt\">\u00c9t\u00e9 2026 : House of the Dragon S3 s&rsquo;est achev\u00e9e avec son final diffus\u00e9 dans la nuit du 9 au 10 ao\u00fbt ; Prisoner chaque lundi sur Canal+ (\u00e9pisode 5 le 3 ao\u00fbt) jusqu&rsquo;\u00e0 son final du 10 ao\u00fbt.<\/span><\/div>\n<div class=\"csr-ib-ritem\"><span class=\"csr-ib-rn\">2<\/span><span class=\"csr-ib-rt\">Fin 2026 : Maxton Hall S3 en d\u00e9cembre (mois officiel, Prime Video) et The Witcher S5 (fen\u00eatre officielle Netflix : \u00ab 2026 \u00bb).<\/span><\/div>\n<div class=\"csr-ib-ritem\"><span class=\"csr-ib-rn\">3<\/span><span class=\"csr-ib-rt\">2027 : The Last of Us, One Piece, Fallout et Mercredi \u2014 un embouteillage de suites, dont deux ann\u00e9es d\u00e9j\u00e0 officialis\u00e9es.<\/span><\/div>\n<\/div>\n<\/div>\n<div class=\"csr-ib-faq\">\n<details class=\"csr-ib-fd\">\n<summary>Quelle est la prochaine grande s\u00e9rie \u00e0 sortir en 2026 ?<span class=\"csr-ib-pl\">+<\/span><\/summary>\n<div class=\"csr-ib-fa\">Le final de House of the Dragon saison 3 a \u00e9t\u00e9 diffus\u00e9 le 9 ao\u00fbt 2026. Deux sorties majeures sont encore attendues d&rsquo;ici la fin de l&rsquo;ann\u00e9e : Maxton Hall saison 3, officialis\u00e9e pour d\u00e9cembre 2026 sur Prime Video, et The Witcher saison 5 sur Netflix, confirm\u00e9e pour 2026 sans date pr\u00e9cise.<\/div>\n<\/details>\n<details class=\"csr-ib-fd\">\n<summary>Quelles dates de 2027 sont d\u00e9j\u00e0 officielles ?<span class=\"csr-ib-pl\">+<\/span><\/summary>\n<div class=\"csr-ib-fa\">Deux fen\u00eatres sont officialis\u00e9es : The Last of Us saison 3 (ann\u00e9e 2027 confirm\u00e9e par HBO) et One Piece saison 3 (fen\u00eatre 2027 annonc\u00e9e par Netflix, tournage d\u00e9j\u00e0 termin\u00e9). Fallout saison 3 et Mercredi saison 3 sont confirm\u00e9es et en tournage, mais sans ann\u00e9e officielle \u2014 2027 reste une estimation.<\/div>\n<\/details>\n<details class=\"csr-ib-fd\">\n<summary>Stranger Things aura-t-elle une saison 6 ?<span class=\"csr-ib-pl\">+<\/span><\/summary>\n<div class=\"csr-ib-fa\">Non. La saison 5, diffus\u00e9e entre le 26 novembre et le 31 d\u00e9cembre 2025, conclut d\u00e9finitivement la s\u00e9rie. Un spin-off anim\u00e9 (Tales From &rsquo;85) est sorti en avril 2026, et un spin-off en prises de vues r\u00e9elles est en d\u00e9veloppement, sans date ni casting annonc\u00e9s.<\/div>\n<\/details>\n<details class=\"csr-ib-fd\">\n<summary>\u00c0 quelle fr\u00e9quence cette page est-elle mise \u00e0 jour ?<span class=\"csr-ib-pl\">+<\/span><\/summary>\n<div class=\"csr-ib-fa\">\u00c0 chaque annonce officielle : date pr\u00e9cis\u00e9e, trailer publi\u00e9, renouvellement ou annulation. Le badge en haut de page indique la date de la derni\u00e8re r\u00e9vision. Les fiches s\u00e9rie li\u00e9es dans le tableau suivent la m\u00eame r\u00e8gle.<\/div>\n<\/details>\n<\/div>\n<p><script type=\"application\/ld+json\">{\"@context\": \"https:\/\/schema.org\", \"@type\": \"FAQPage\", \"mainEntity\": [{\"@type\": \"Question\", \"name\": \"Quelle est la prochaine grande s\u00e9rie \u00e0 sortir en 2026 ?\", \"acceptedAnswer\": {\"@type\": \"Answer\", \"text\": \"Le final de House of the Dragon saison 3 a \u00e9t\u00e9 diffus\u00e9 le 9 ao\u00fbt 2026. Deux sorties majeures sont encore attendues d'ici la fin de l'ann\u00e9e : Maxton Hall saison 3, officialis\u00e9e pour d\u00e9cembre 2026 sur Prime Video, et The Witcher saison 5 sur Netflix, confirm\u00e9e pour 2026 sans date pr\u00e9cise.\"}}, {\"@type\": \"Question\", \"name\": \"Quelles dates de 2027 sont d\u00e9j\u00e0 officielles ?\", \"acceptedAnswer\": {\"@type\": \"Answer\", \"text\": \"Deux fen\u00eatres sont officialis\u00e9es : The Last of Us saison 3 (ann\u00e9e 2027 confirm\u00e9e par HBO) et One Piece saison 3 (fen\u00eatre 2027 annonc\u00e9e par Netflix, tournage d\u00e9j\u00e0 termin\u00e9). Fallout saison 3 et Mercredi saison 3 sont confirm\u00e9es et en tournage, mais sans ann\u00e9e officielle \u2014 2027 reste une estimation.\"}}, {\"@type\": \"Question\", \"name\": \"Stranger Things aura-t-elle une saison 6 ?\", \"acceptedAnswer\": {\"@type\": \"Answer\", \"text\": \"Non. La saison 5, diffus\u00e9e entre le 26 novembre et le 31 d\u00e9cembre 2025, conclut d\u00e9finitivement la s\u00e9rie. Un spin-off anim\u00e9 (Tales From '85) est sorti en avril 2026, et un spin-off en prises de vues r\u00e9elles est en d\u00e9veloppement, sans date ni casting annonc\u00e9s.\"}}, {\"@type\": \"Question\", \"name\": \"\u00c0 quelle fr\u00e9quence cette page est-elle mise \u00e0 jour ?\", \"acceptedAnswer\": {\"@type\": \"Answer\", \"text\": \"\u00c0 chaque annonce officielle : date pr\u00e9cis\u00e9e, trailer publi\u00e9, renouvellement ou annulation. Le badge en haut de page indique la date de la derni\u00e8re r\u00e9vision. Les fiches s\u00e9rie li\u00e9es dans le tableau suivent la m\u00eame r\u00e8gle.\"}}]}<\/script>\n<\/div>\n","protected":false},"excerpt":{"rendered":"","protected":false},"author":34,"featured_media":999999999,"comment_status":"closed","ping_status":"open","sticky":false,"template":"","format":"standard","meta":{"_acf_changed":false,"manual_indexmenow":false,"indexmenow_id_project":0,"footnotes":""},"categories":[4522],"tags":[],"class_list":["post-8155","post","type-post","status-publish","format-standard","has-post-thumbnail","hentry","category-guides-de-visionnage","generate-columns","tablet-grid-50","mobile-grid-100","grid-parent","grid-25"],"acf":[],"yoast_head":"<!-- This site is optimized with the Yoast SEO Premium plugin v21.3 (Yoast SEO v25.6) - https:\/\/yoast.com\/wordpress\/plugins\/seo\/ -->\n<title>Calendrier des s\u00e9ries 2026-2027 : dates de sortie<\/title>\n<meta name=\"description\" content=\"Toutes les dates de sortie des prochaines saisons : House of the Dragon, The Witcher, The Last of Us, Fallout, One Piece, Mercredi. Dates v\u00e9rifi\u00e9es vs estim\u00e9es.\" \/>\n<meta name=\"robots\" content=\"index, follow, max-snippet:-1, max-image-preview:large, max-video-preview:-1\" \/>\n<link rel=\"canonical\" href=\"https:\/\/culture-series.fr\/blog\/guides-de-visionnage\/calendrier-series-2026-2027\/\" \/>\n<meta property=\"og:locale\" content=\"fr_FR\" \/>\n<meta property=\"og:type\" content=\"article\" \/>\n<meta property=\"og:title\" content=\"Calendrier des s\u00e9ries 2026-2027 : dates de sortie\" \/>\n<meta property=\"og:description\" content=\"Toutes les dates de sortie des prochaines saisons : House of the Dragon, The Witcher, The Last of Us, Fallout, One Piece, Mercredi. Dates v\u00e9rifi\u00e9es vs estim\u00e9es.\" \/>\n<meta property=\"og:url\" content=\"https:\/\/culture-series.fr\/blog\/guides-de-visionnage\/calendrier-series-2026-2027\/\" \/>\n<meta property=\"og:site_name\" content=\"culture-series\" \/>\n<meta property=\"og:image\" content=\"https:\/\/images.pexels.com\/photos\/5202925\/pexels-photo-5202925.jpeg?auto=compress&cs=tinysrgb&fit=crop&h=627&w=1200\" \/>\n<meta name=\"author\" content=\"Rapha\u00ebl D.\" \/>\n<meta name=\"twitter:card\" content=\"summary_large_image\" \/>\n<meta name=\"twitter:image\" content=\"https:\/\/images.pexels.com\/photos\/5202925\/pexels-photo-5202925.jpeg?auto=compress&cs=tinysrgb&fit=crop&h=627&w=1200\" \/>\n<script type=\"application\/ld+json\" class=\"yoast-schema-graph\">{\"@context\":\"https:\/\/schema.org\",\"@graph\":[{\"@type\":\"NewsArticle\",\"@id\":\"https:\/\/culture-series.fr\/blog\/guides-de-visionnage\/calendrier-series-2026-2027\/#article\",\"isPartOf\":{\"@id\":\"https:\/\/culture-series.fr\/blog\/guides-de-visionnage\/calendrier-series-2026-2027\/\"},\"author\":{\"name\":\"Rapha\u00ebl D.\",\"@id\":\"https:\/\/culture-series.fr\/blog\/#\/schema\/person\/3c864cdc320801e3db34b663e7e3f816\"},\"headline\":\"Calendrier des s\u00e9ries 2026-2027 : toutes les dates de sortie des prochaines saisons\",\"datePublished\":\"2026-07-12T21:09:25+00:00\",\"dateModified\":\"2026-08-10T01:45:35+00:00\",\"mainEntityOfPage\":{\"@id\":\"https:\/\/culture-series.fr\/blog\/guides-de-visionnage\/calendrier-series-2026-2027\/\"},\"wordCount\":1597,\"publisher\":{\"@id\":\"https:\/\/culture-series.fr\/blog\/#organization\"},\"image\":{\"@id\":\"https:\/\/culture-series.fr\/blog\/guides-de-visionnage\/calendrier-series-2026-2027\/#primaryimage\"},\"thumbnailUrl\":\"https:\/\/images.pexels.com\/photos\/5202925\/pexels-photo-5202925.jpeg?auto=compress&cs=tinysrgb&fit=crop&h=627&w=1200\",\"articleSection\":[\"Guides de Visionnage\"],\"inLanguage\":\"fr-FR\"},{\"@type\":\"WebPage\",\"@id\":\"https:\/\/culture-series.fr\/blog\/guides-de-visionnage\/calendrier-series-2026-2027\/\",\"url\":\"https:\/\/culture-series.fr\/blog\/guides-de-visionnage\/calendrier-series-2026-2027\/\",\"name\":\"Calendrier des s\u00e9ries 2026-2027 : dates de sortie\",\"isPartOf\":{\"@id\":\"https:\/\/culture-series.fr\/blog\/#website\"},\"primaryImageOfPage\":{\"@id\":\"https:\/\/culture-series.fr\/blog\/guides-de-visionnage\/calendrier-series-2026-2027\/#primaryimage\"},\"image\":{\"@id\":\"https:\/\/culture-series.fr\/blog\/guides-de-visionnage\/calendrier-series-2026-2027\/#primaryimage\"},\"thumbnailUrl\":\"https:\/\/images.pexels.com\/photos\/5202925\/pexels-photo-5202925.jpeg?auto=compress&cs=tinysrgb&fit=crop&h=627&w=1200\",\"datePublished\":\"2026-07-12T21:09:25+00:00\",\"dateModified\":\"2026-08-10T01:45:35+00:00\",\"description\":\"Toutes les dates de sortie des prochaines saisons : House of the Dragon, The Witcher, The Last of Us, Fallout, One Piece, Mercredi. Dates v\u00e9rifi\u00e9es vs estim\u00e9es.\",\"inLanguage\":\"fr-FR\",\"potentialAction\":[{\"@type\":\"ReadAction\",\"target\":[\"https:\/\/culture-series.fr\/blog\/guides-de-visionnage\/calendrier-series-2026-2027\/\"]}]},{\"@type\":\"ImageObject\",\"inLanguage\":\"fr-FR\",\"@id\":\"https:\/\/culture-series.fr\/blog\/guides-de-visionnage\/calendrier-series-2026-2027\/#primaryimage\",\"url\":\"https:\/\/images.pexels.com\/photos\/5202925\/pexels-photo-5202925.jpeg?auto=compress&cs=tinysrgb&fit=crop&h=627&w=1200\",\"contentUrl\":\"https:\/\/images.pexels.com\/photos\/5202925\/pexels-photo-5202925.jpeg?auto=compress&cs=tinysrgb&fit=crop&h=627&w=1200\"},{\"@type\":\"WebSite\",\"@id\":\"https:\/\/culture-series.fr\/blog\/#website\",\"url\":\"https:\/\/culture-series.fr\/blog\/\",\"name\":\"culture-series.Fr\",\"description\":\"Culture &amp; Series, l&#039;univers des s\u00e9ries en profondeur\",\"publisher\":{\"@id\":\"https:\/\/culture-series.fr\/blog\/#organization\"},\"alternateName\":\"Culture & Series, l'univers des s\u00e9ries en profondeur\",\"potentialAction\":[{\"@type\":\"SearchAction\",\"target\":{\"@type\":\"EntryPoint\",\"urlTemplate\":\"https:\/\/culture-series.fr\/blog\/?s={search_term_string}\"},\"query-input\":{\"@type\":\"PropertyValueSpecification\",\"valueRequired\":true,\"valueName\":\"search_term_string\"}}],\"inLanguage\":\"fr-FR\"},{\"@type\":\"Organization\",\"@id\":\"https:\/\/culture-series.fr\/blog\/#organization\",\"name\":\"Foretsensations.fr\",\"url\":\"https:\/\/culture-series.fr\/blog\/\",\"logo\":{\"@type\":\"ImageObject\",\"inLanguage\":\"fr-FR\",\"@id\":\"https:\/\/culture-series.fr\/blog\/#\/schema\/logo\/image\/\",\"url\":\"https:\/\/culture-series.fr\/blog\/wp-content\/uploads\/2024\/12\/27.png\",\"contentUrl\":\"https:\/\/culture-series.fr\/blog\/wp-content\/uploads\/2024\/12\/27.png\",\"width\":500,\"height\":500,\"caption\":\"Foretsensations.fr\"},\"image\":{\"@id\":\"https:\/\/culture-series.fr\/blog\/#\/schema\/logo\/image\/\"}},{\"@type\":\"Person\",\"@id\":\"https:\/\/culture-series.fr\/blog\/#\/schema\/person\/3c864cdc320801e3db34b663e7e3f816\",\"name\":\"Rapha\u00ebl D.\",\"image\":{\"@type\":\"ImageObject\",\"inLanguage\":\"fr-FR\",\"@id\":\"https:\/\/culture-series.fr\/blog\/#\/schema\/person\/image\/\",\"url\":\"https:\/\/culture-series.fr\/blog\/wp-content\/uploads\/2026\/06\/persona_raphael-d-96x96.jpg\",\"contentUrl\":\"https:\/\/culture-series.fr\/blog\/wp-content\/uploads\/2026\/06\/persona_raphael-d-96x96.jpg\",\"caption\":\"Rapha\u00ebl D.\"},\"description\":\"La culture est mon terrain de jeu depuis une dizaine d'ann\u00e9es : arts visuels, s\u00e9ries, cr\u00e9ation et tout ce qui nourrit l'imaginaire. J'\u00e9cris aussi bien sur l'actualit\u00e9 des \u0153uvres que sur les coulisses de la cr\u00e9ation, avec l'envie de relier l'amateur curieux \u00e0 des univers parfois jug\u00e9s intimidants. J'aime analyser une s\u00e9rie ou une d\u00e9marche artistique sans p\u00e9dantisme, replacer une \u0153uvre dans son contexte et donner des cl\u00e9s de lecture accessibles. Avant de publier, je v\u00e9rifie mes r\u00e9f\u00e9rences, je recoupe les sources et je distingue clairement le fait de mon interpr\u00e9tation subjective. Je crois qu'une critique vaut surtout par les arguments qu'elle expose, pas par la sentence qu'elle rend. Mon angle : transmettre l'envie de d\u00e9couvrir, de regarder autrement et de se forger son propre go\u00fbt. La culture n'appartient pas qu'aux initi\u00e9s, et c'est tout l'enjeu de mon \u00e9criture.\",\"url\":\"https:\/\/culture-series.fr\/blog\/auteur\/noname\/\",\"jobTitle\":\"R\u00e9dacteur en chef \u00b7 Culture & Cr\u00e9ation\",\"knowsAbout\":[\"Culture\",\"Cr\u00e9ation\"],\"email\":\"raphael.d@a-l-asso-de-l-art.fr\"}]}<\/script>\n<!-- \/ Yoast SEO Premium plugin. -->","yoast_head_json":{"title":"Calendrier des s\u00e9ries 2026-2027 : dates de sortie","description":"Toutes les dates de sortie des prochaines saisons : House of the Dragon, The Witcher, The Last of Us, Fallout, One Piece, Mercredi. Dates v\u00e9rifi\u00e9es vs estim\u00e9es.","robots":{"index":"index","follow":"follow","max-snippet":"max-snippet:-1","max-image-preview":"max-image-preview:large","max-video-preview":"max-video-preview:-1"},"canonical":"https:\/\/culture-series.fr\/blog\/guides-de-visionnage\/calendrier-series-2026-2027\/","og_locale":"fr_FR","og_type":"article","og_title":"Calendrier des s\u00e9ries 2026-2027 : dates de sortie","og_description":"Toutes les dates de sortie des prochaines saisons : House of the Dragon, The Witcher, The Last of Us, Fallout, One Piece, Mercredi. Dates v\u00e9rifi\u00e9es vs estim\u00e9es.","og_url":"https:\/\/culture-series.fr\/blog\/guides-de-visionnage\/calendrier-series-2026-2027\/","og_site_name":"culture-series","og_image":[{"url":"https:\/\/images.pexels.com\/photos\/5202925\/pexels-photo-5202925.jpeg?auto=compress&cs=tinysrgb&fit=crop&h=627&w=1200","type":"","width":"","height":""}],"author":"Rapha\u00ebl D.","twitter_card":"summary_large_image","twitter_image":"https:\/\/images.pexels.com\/photos\/5202925\/pexels-photo-5202925.jpeg?auto=compress&cs=tinysrgb&fit=crop&h=627&w=1200","schema":{"@context":"https:\/\/schema.org","@graph":[{"@type":"NewsArticle","@id":"https:\/\/culture-series.fr\/blog\/guides-de-visionnage\/calendrier-series-2026-2027\/#article","isPartOf":{"@id":"https:\/\/culture-series.fr\/blog\/guides-de-visionnage\/calendrier-series-2026-2027\/"},"author":{"name":"Rapha\u00ebl D.","@id":"https:\/\/culture-series.fr\/blog\/#\/schema\/person\/3c864cdc320801e3db34b663e7e3f816"},"headline":"Calendrier des s\u00e9ries 2026-2027 : toutes les dates de sortie des prochaines saisons","datePublished":"2026-07-12T21:09:25+00:00","dateModified":"2026-08-10T01:45:35+00:00","mainEntityOfPage":{"@id":"https:\/\/culture-series.fr\/blog\/guides-de-visionnage\/calendrier-series-2026-2027\/"},"wordCount":1597,"publisher":{"@id":"https:\/\/culture-series.fr\/blog\/#organization"},"image":{"@id":"https:\/\/culture-series.fr\/blog\/guides-de-visionnage\/calendrier-series-2026-2027\/#primaryimage"},"thumbnailUrl":"https:\/\/images.pexels.com\/photos\/5202925\/pexels-photo-5202925.jpeg?auto=compress&cs=tinysrgb&fit=crop&h=627&w=1200","articleSection":["Guides de Visionnage"],"inLanguage":"fr-FR"},{"@type":"WebPage","@id":"https:\/\/culture-series.fr\/blog\/guides-de-visionnage\/calendrier-series-2026-2027\/","url":"https:\/\/culture-series.fr\/blog\/guides-de-visionnage\/calendrier-series-2026-2027\/","name":"Calendrier des s\u00e9ries 2026-2027 : dates de sortie","isPartOf":{"@id":"https:\/\/culture-series.fr\/blog\/#website"},"primaryImageOfPage":{"@id":"https:\/\/culture-series.fr\/blog\/guides-de-visionnage\/calendrier-series-2026-2027\/#primaryimage"},"image":{"@id":"https:\/\/culture-series.fr\/blog\/guides-de-visionnage\/calendrier-series-2026-2027\/#primaryimage"},"thumbnailUrl":"https:\/\/images.pexels.com\/photos\/5202925\/pexels-photo-5202925.jpeg?auto=compress&cs=tinysrgb&fit=crop&h=627&w=1200","datePublished":"2026-07-12T21:09:25+00:00","dateModified":"2026-08-10T01:45:35+00:00","description":"Toutes les dates de sortie des prochaines saisons : House of the Dragon, The Witcher, The Last of Us, Fallout, One Piece, Mercredi. Dates v\u00e9rifi\u00e9es vs estim\u00e9es.","inLanguage":"fr-FR","potentialAction":[{"@type":"ReadAction","target":["https:\/\/culture-series.fr\/blog\/guides-de-visionnage\/calendrier-series-2026-2027\/"]}]},{"@type":"ImageObject","inLanguage":"fr-FR","@id":"https:\/\/culture-series.fr\/blog\/guides-de-visionnage\/calendrier-series-2026-2027\/#primaryimage","url":"https:\/\/images.pexels.com\/photos\/5202925\/pexels-photo-5202925.jpeg?auto=compress&cs=tinysrgb&fit=crop&h=627&w=1200","contentUrl":"https:\/\/images.pexels.com\/photos\/5202925\/pexels-photo-5202925.jpeg?auto=compress&cs=tinysrgb&fit=crop&h=627&w=1200"},{"@type":"WebSite","@id":"https:\/\/culture-series.fr\/blog\/#website","url":"https:\/\/culture-series.fr\/blog\/","name":"culture-series.Fr","description":"Culture &amp; Series, l&#039;univers des s\u00e9ries en profondeur","publisher":{"@id":"https:\/\/culture-series.fr\/blog\/#organization"},"alternateName":"Culture & Series, l'univers des s\u00e9ries en profondeur","potentialAction":[{"@type":"SearchAction","target":{"@type":"EntryPoint","urlTemplate":"https:\/\/culture-series.fr\/blog\/?s={search_term_string}"},"query-input":{"@type":"PropertyValueSpecification","valueRequired":true,"valueName":"search_term_string"}}],"inLanguage":"fr-FR"},{"@type":"Organization","@id":"https:\/\/culture-series.fr\/blog\/#organization","name":"Foretsensations.fr","url":"https:\/\/culture-series.fr\/blog\/","logo":{"@type":"ImageObject","inLanguage":"fr-FR","@id":"https:\/\/culture-series.fr\/blog\/#\/schema\/logo\/image\/","url":"https:\/\/culture-series.fr\/blog\/wp-content\/uploads\/2024\/12\/27.png","contentUrl":"https:\/\/culture-series.fr\/blog\/wp-content\/uploads\/2024\/12\/27.png","width":500,"height":500,"caption":"Foretsensations.fr"},"image":{"@id":"https:\/\/culture-series.fr\/blog\/#\/schema\/logo\/image\/"}},{"@type":"Person","@id":"https:\/\/culture-series.fr\/blog\/#\/schema\/person\/3c864cdc320801e3db34b663e7e3f816","name":"Rapha\u00ebl D.","image":{"@type":"ImageObject","inLanguage":"fr-FR","@id":"https:\/\/culture-series.fr\/blog\/#\/schema\/person\/image\/","url":"https:\/\/culture-series.fr\/blog\/wp-content\/uploads\/2026\/06\/persona_raphael-d-96x96.jpg","contentUrl":"https:\/\/culture-series.fr\/blog\/wp-content\/uploads\/2026\/06\/persona_raphael-d-96x96.jpg","caption":"Rapha\u00ebl D."},"description":"La culture est mon terrain de jeu depuis une dizaine d'ann\u00e9es : arts visuels, s\u00e9ries, cr\u00e9ation et tout ce qui nourrit l'imaginaire. J'\u00e9cris aussi bien sur l'actualit\u00e9 des \u0153uvres que sur les coulisses de la cr\u00e9ation, avec l'envie de relier l'amateur curieux \u00e0 des univers parfois jug\u00e9s intimidants. J'aime analyser une s\u00e9rie ou une d\u00e9marche artistique sans p\u00e9dantisme, replacer une \u0153uvre dans son contexte et donner des cl\u00e9s de lecture accessibles. Avant de publier, je v\u00e9rifie mes r\u00e9f\u00e9rences, je recoupe les sources et je distingue clairement le fait de mon interpr\u00e9tation subjective. Je crois qu'une critique vaut surtout par les arguments qu'elle expose, pas par la sentence qu'elle rend. Mon angle : transmettre l'envie de d\u00e9couvrir, de regarder autrement et de se forger son propre go\u00fbt. La culture n'appartient pas qu'aux initi\u00e9s, et c'est tout l'enjeu de mon \u00e9criture.","url":"https:\/\/culture-series.fr\/blog\/auteur\/noname\/","jobTitle":"R\u00e9dacteur en chef \u00b7 Culture & Cr\u00e9ation","knowsAbout":["Culture","Cr\u00e9ation"],"email":"raphael.d@a-l-asso-de-l-art.fr"}]}},"_links":{"self":[{"href":"https:\/\/culture-series.fr\/blog\/wp-json\/wp\/v2\/posts\/8155","targetHints":{"allow":["GET"]}}],"collection":[{"href":"https:\/\/culture-series.fr\/blog\/wp-json\/wp\/v2\/posts"}],"about":[{"href":"https:\/\/culture-series.fr\/blog\/wp-json\/wp\/v2\/types\/post"}],"author":[{"embeddable":true,"href":"https:\/\/culture-series.fr\/blog\/wp-json\/wp\/v2\/users\/34"}],"replies":[{"embeddable":true,"href":"https:\/\/culture-series.fr\/blog\/wp-json\/wp\/v2\/comments?post=8155"}],"version-history":[{"count":13,"href":"https:\/\/culture-series.fr\/blog\/wp-json\/wp\/v2\/posts\/8155\/revisions"}],"predecessor-version":[{"id":8225,"href":"https:\/\/culture-series.fr\/blog\/wp-json\/wp\/v2\/posts\/8155\/revisions\/8225"}],"wp:attachment":[{"href":"https:\/\/culture-series.fr\/blog\/wp-json\/wp\/v2\/media?parent=8155"}],"wp:term":[{"taxonomy":"category","embeddable":true,"href":"https:\/\/culture-series.fr\/blog\/wp-json\/wp\/v2\/categories?post=8155"},{"taxonomy":"post_tag","embeddable":true,"href":"https:\/\/culture-series.fr\/blog\/wp-json\/wp\/v2\/tags?post=8155"}],"curies":[{"name":"wp","href":"https:\/\/api.w.org\/{rel}","templated":true}]}}