{"id":7804,"date":"2026-05-10T09:00:00","date_gmt":"2026-05-10T09:00:00","guid":{"rendered":"https:\/\/culture-series.fr\/blog\/?p=7804"},"modified":"2026-05-10T09:00:00","modified_gmt":"2026-05-10T09:00:00","slug":"euphorbia-milii","status":"publish","type":"post","link":"https:\/\/culture-series.fr\/blog\/articles\/euphorbia-milii\/","title":{"rendered":"Euphorbia Milii : Culture et Entretien 2026"},"content":{"rendered":"<p>L\u2019Euphorbia milii, \u00e9galement connue sous le nom de couronne d\u2019\u00e9pines, est une plante succulente pris\u00e9e pour ses fleurs color\u00e9es et sa robustesse. En 2026, les normes de culture et d\u2019entretien de cette plante ont \u00e9volu\u00e9 pour int\u00e9grer des pratiques durables et respectueuses de l\u2019environnement. Cet article vous guide sur les meilleures m\u00e9thodes pour cultiver et entretenir votre Euphorbia milii tout en respectant les nouvelles r\u00e9glementations.<\/p>\n<h2>Origine et caract\u00e9ristiques de l\u2019Euphorbia milii<\/h2>\n<h3>Historique<\/h3>\n<p>Originaire de Madagascar, l\u2019Euphorbia milii a \u00e9t\u00e9 introduite dans le monde entier en raison de sa beaut\u00e9 et de sa facilit\u00e9 d\u2019entretien. Cette plante appartient \u00e0 la famille des Euphorbiac\u00e9es, qui compte plus de 2 000 esp\u00e8ces.<\/p>\n<h3>Caract\u00e9ristiques physiques<\/h3>\n<ul>\n<li><strong>Hauteur<\/strong> : peut atteindre jusqu\u2019\u00e0 1 m\u00e8tre.<\/li>\n<li><strong>Fleurs<\/strong> : petites, regroup\u00e9es en cyme, souvent rouges, roses ou jaunes.<\/li>\n<li><strong>Feuilles<\/strong> : ovales, vert fonc\u00e9, avec une texture cireuse.<\/li>\n<li><strong>\u00c9pineux<\/strong> : poss\u00e8de des \u00e9pines ac\u00e9r\u00e9es sur ses tiges.<\/li>\n<\/ul>\n<h2>Conditions de culture<\/h2>\n<h3>Exposition lumineuse<\/h3>\n<p>L\u2019Euphorbia milii n\u00e9cessite un bon ensoleillement pour fleurir abondamment. Id\u00e9alement, placez-la dans un endroit o\u00f9 elle re\u00e7oit au moins 6 heures de lumi\u00e8re directe par jour.<\/p>\n<h3>Temp\u00e9rature<\/h3>\n<p>Cette plante pr\u00e9f\u00e8re des temp\u00e9ratures comprises entre 20\u00b0C et 30\u00b0C. En dessous de 10\u00b0C, elle peut souffrir. Un abri pendant les p\u00e9riodes froides est donc recommand\u00e9.<\/p>\n<h3>Type de sol<\/h3>\n<p>Un sol bien drain\u00e9 est essentiel pour \u00e9viter la pourriture des racines. Un m\u00e9lange constitu\u00e9 de terreau l\u00e9ger et de sable ou perlite est id\u00e9al.<\/p>\n<h2>Entretien r\u00e9gulier<\/h2>\n<h3>Arrosage<\/h3>\n<p>L\u2019arrosage doit \u00eatre mod\u00e9r\u00e9. En r\u00e8gle g\u00e9n\u00e9rale :<\/p>\n<ul>\n<li><strong>Printemps\/\u00e9t\u00e9<\/strong> : arroser tous les 7 \u00e0 10 jours.<\/li>\n<li><strong>Automne\/hiver<\/strong> : r\u00e9duire l\u2019arrosage \u00e0 une fois toutes les deux \u00e0 trois semaines.<\/li>\n<\/ul>\n<p>Un pi\u00e8ge courant est d\u2019arroser trop fr\u00e9quemment ; cela peut entra\u00eener la pourriture des racines.<\/p>\n<h3>Fertilisation<\/h3>\n<p>Utilisez un engrais liquide \u00e9quilibr\u00e9 tous les mois pendant la p\u00e9riode de croissance (printemps et \u00e9t\u00e9). En hiver, cessez toute fertilisation.<\/p>\n<h2>Reproduction<\/h2>\n<p>L\u2019Euphorbia milii se reproduit facilement par bouturage :<\/p>\n<ol>\n<li>Coupez une tige saine d\u2019environ 10 cm.<\/li>\n<li>Laissez s\u00e9cher la bouture pendant 24 heures pour \u00e9viter la pourriture.<\/li>\n<li>Plantez-la dans un m\u00e9lange bien drain\u00e9.<\/li>\n<li>Arrosez l\u00e9g\u00e8rement jusqu\u2019\u00e0 l\u2019enracinement.<\/li>\n<\/ol>\n<h2>Normes r\u00e9glementaires en 2026<\/h2>\n<p>Avec l\u2019essor des pratiques durables, il est crucial de se conformer aux nouvelles normes concernant l\u2019utilisation des pesticides et l\u2019impact environnemental :<\/p>\n<ul>\n<li><strong>Pesticides autoris\u00e9s<\/strong> : privil\u00e9giez ceux certifi\u00e9s biologiques.<\/li>\n<li><strong>Conservation des esp\u00e8ces<\/strong> : veillez \u00e0 ne pas planter d\u2019esp\u00e8ces envahissantes qui pourraient nuire \u00e0 l\u2019\u00e9cosyst\u00e8me local.<\/li>\n<\/ul>\n<p>Adopter ces pratiques contribue \u00e0 un jardinage responsable tout en pr\u00e9servant la biodiversit\u00e9.<\/p>\n<h2>Co\u00fbt d\u2019entretien et rentabilit\u00e9<\/h2>\n<p>Le co\u00fbt d\u2019entretien annuel d\u2019une Euphorbia milii s\u2019\u00e9l\u00e8ve g\u00e9n\u00e9ralement entre 50 \u20ac et 100 \u20ac, selon le type d\u2019engrais utilis\u00e9 et le besoin en mat\u00e9riel horticole. Cependant, cette plante peut rapporter jusqu\u2019\u00e0 200 \u20ac par vente si elle est cultiv\u00e9e commercialement gr\u00e2ce \u00e0 sa popularit\u00e9 croissante.<\/p>\n<table class=\"kwdbank-table\">\n<thead>\n<tr>\n<th>\u00c9l\u00e9ments<\/th>\n<th>Co\u00fbt (\u20ac)<\/th>\n<\/tr>\n<\/thead>\n<tbody>\n<tr>\n<td>Engrais<\/td>\n<td>20 &#8211; 40<\/td>\n<\/tr>\n<tr>\n<td>Pots et terreau<\/td>\n<td>10 &#8211; 30<\/td>\n<\/tr>\n<tr>\n<td>Arrosage (eau)<\/td>\n<td>N\u00e9gligeable<\/td>\n<\/tr>\n<tr>\n<td>Total estim\u00e9<\/td>\n<td>50 &#8211; 100<\/td>\n<\/tr>\n<\/tbody>\n<\/table>\n<h2>FAQ<\/h2>\n<h3>Qu\u2019est-ce que l\u2019Euphorbia milii ?<\/h3>\n<p>L\u2019Euphorbia milii est une plante succulente connue pour ses fleurs color\u00e9es et ses \u00e9pines sur les tiges.<\/p>\n<h3>Comment entretenir une Euphorbia milii ?<\/h3>\n<p>Assurez-vous qu\u2019elle re\u00e7oit suffisamment de lumi\u00e8re, arrosez mod\u00e9r\u00e9ment et fertilisez pendant la p\u00e9riode de croissance.<\/p>\n<h3>Peut-on cultiver l\u2019Euphorbia milii en int\u00e9rieur ?<\/h3>\n<p>Oui, mais veillez \u00e0 lui fournir suffisamment de lumi\u00e8re naturelle ou utilisez un \u00e9clairage artificiel adapt\u00e9.<\/p>\n<h3>Quels sont les risques li\u00e9s \u00e0 la culture de cette plante ?<\/h3>\n<p>L\u2019Euphorbia milii contient une s\u00e8ve toxique qui peut irriter la peau ; manipulez-la avec pr\u00e9caution.<\/p>\n<h3>Comment multiplier l\u2019Euphorbia milii ?<\/h3>\n<p>Par bouturage des tiges au printemps ou en \u00e9t\u00e9 apr\u00e8s avoir laiss\u00e9 s\u00e9cher les coupures.<\/p>\n<p>Investir dans la culture de l\u2019Euphorbia milii aujourd\u2019hui vous permet non seulement d\u2019embellir votre espace mais \u00e9galement d\u2019adopter une approche durable vis-\u00e0-vis du jardinage. Commencez d\u00e8s maintenant \u00e0 appliquer ces conseils pour profiter pleinement des avantages qu\u2019offre cette belle succulente !<\/p>\n","protected":false},"excerpt":{"rendered":"","protected":false},"author":34,"featured_media":999999999,"comment_status":"open","ping_status":"open","sticky":false,"template":"","format":"standard","meta":{"_acf_changed":false,"manual_indexmenow":false,"indexmenow_id_project":0,"footnotes":""},"categories":[4865],"tags":[],"class_list":["post-7804","post","type-post","status-publish","format-standard","has-post-thumbnail","hentry","category-articles","generate-columns","tablet-grid-50","mobile-grid-100","grid-parent","grid-25"],"acf":[],"yoast_head":"<!-- This site is optimized with the Yoast SEO Premium plugin v21.3 (Yoast SEO v25.6) - https:\/\/yoast.com\/wordpress\/plugins\/seo\/ -->\n<title>Euphorbia Milii : Culture et Entretien 2026<\/title>\n<meta name=\"description\" content=\"L&#039;Euphorbia milii, \u00e9galement connue sous le nom de couronne d&#039;\u00e9pines, est une plante succulente pris\u00e9e pour ses fleurs color\u00e9es et sa robustesse. En 2026,\u2026\" \/>\n<meta name=\"robots\" content=\"index, follow, max-snippet:-1, max-image-preview:large, max-video-preview:-1\" \/>\n<link rel=\"canonical\" href=\"https:\/\/culture-series.fr\/blog\/articles\/euphorbia-milii\/\" \/>\n<meta property=\"og:locale\" content=\"fr_FR\" \/>\n<meta property=\"og:type\" content=\"article\" \/>\n<meta property=\"og:title\" content=\"Euphorbia Milii : Culture et Entretien 2026\" \/>\n<meta property=\"og:description\" content=\"L&#039;Euphorbia milii, \u00e9galement connue sous le nom de couronne d&#039;\u00e9pines, est une plante succulente pris\u00e9e pour ses fleurs color\u00e9es et sa robustesse. En 2026,\u2026\" \/>\n<meta property=\"og:url\" content=\"https:\/\/culture-series.fr\/blog\/articles\/euphorbia-milii\/\" \/>\n<meta property=\"og:site_name\" content=\"culture-series\" \/>\n<meta name=\"author\" content=\"Rapha\u00ebl D.\" \/>\n<meta name=\"twitter:card\" content=\"summary_large_image\" \/>\n<script type=\"application\/ld+json\" class=\"yoast-schema-graph\">{\"@context\":\"https:\/\/schema.org\",\"@graph\":[{\"@type\":\"NewsArticle\",\"@id\":\"https:\/\/culture-series.fr\/blog\/articles\/euphorbia-milii\/#article\",\"isPartOf\":{\"@id\":\"https:\/\/culture-series.fr\/blog\/articles\/euphorbia-milii\/\"},\"author\":{\"name\":\"Rapha\u00ebl D.\",\"@id\":\"https:\/\/culture-series.fr\/blog\/#\/schema\/person\/3c864cdc320801e3db34b663e7e3f816\"},\"headline\":\"Euphorbia Milii : Culture et Entretien 2026\",\"datePublished\":\"2026-05-10T09:00:00+00:00\",\"mainEntityOfPage\":{\"@id\":\"https:\/\/culture-series.fr\/blog\/articles\/euphorbia-milii\/\"},\"wordCount\":693,\"commentCount\":0,\"publisher\":{\"@id\":\"https:\/\/culture-series.fr\/blog\/#organization\"},\"image\":{\"@id\":\"https:\/\/culture-series.fr\/blog\/articles\/euphorbia-milii\/#primaryimage\"},\"thumbnailUrl\":\"https:\/\/images.pexels.com\/photos\/36893927\/pexels-photo-36893927.jpeg?auto=compress&cs=tinysrgb&fit=crop&h=627&w=1200\",\"articleSection\":[\"Articles\"],\"inLanguage\":\"fr-FR\",\"potentialAction\":[{\"@type\":\"CommentAction\",\"name\":\"Comment\",\"target\":[\"https:\/\/culture-series.fr\/blog\/articles\/euphorbia-milii\/#respond\"]}]},{\"@type\":\"WebPage\",\"@id\":\"https:\/\/culture-series.fr\/blog\/articles\/euphorbia-milii\/\",\"url\":\"https:\/\/culture-series.fr\/blog\/articles\/euphorbia-milii\/\",\"name\":\"Euphorbia Milii : Culture et Entretien 2026\",\"isPartOf\":{\"@id\":\"https:\/\/culture-series.fr\/blog\/#website\"},\"primaryImageOfPage\":{\"@id\":\"https:\/\/culture-series.fr\/blog\/articles\/euphorbia-milii\/#primaryimage\"},\"image\":{\"@id\":\"https:\/\/culture-series.fr\/blog\/articles\/euphorbia-milii\/#primaryimage\"},\"thumbnailUrl\":\"https:\/\/images.pexels.com\/photos\/36893927\/pexels-photo-36893927.jpeg?auto=compress&cs=tinysrgb&fit=crop&h=627&w=1200\",\"datePublished\":\"2026-05-10T09:00:00+00:00\",\"description\":\"L'Euphorbia milii, \u00e9galement connue sous le nom de couronne d'\u00e9pines, est une plante succulente pris\u00e9e pour ses fleurs color\u00e9es et sa robustesse. En 2026,\u2026\",\"inLanguage\":\"fr-FR\",\"potentialAction\":[{\"@type\":\"ReadAction\",\"target\":[\"https:\/\/culture-series.fr\/blog\/articles\/euphorbia-milii\/\"]}]},{\"@type\":\"ImageObject\",\"inLanguage\":\"fr-FR\",\"@id\":\"https:\/\/culture-series.fr\/blog\/articles\/euphorbia-milii\/#primaryimage\",\"url\":\"https:\/\/images.pexels.com\/photos\/36893927\/pexels-photo-36893927.jpeg?auto=compress&cs=tinysrgb&fit=crop&h=627&w=1200\",\"contentUrl\":\"https:\/\/images.pexels.com\/photos\/36893927\/pexels-photo-36893927.jpeg?auto=compress&cs=tinysrgb&fit=crop&h=627&w=1200\"},{\"@type\":\"WebSite\",\"@id\":\"https:\/\/culture-series.fr\/blog\/#website\",\"url\":\"https:\/\/culture-series.fr\/blog\/\",\"name\":\"culture-series.Fr\",\"description\":\"Culture &amp; Series, l&#039;univers des s\u00e9ries en profondeur\",\"publisher\":{\"@id\":\"https:\/\/culture-series.fr\/blog\/#organization\"},\"alternateName\":\"Culture & Series, l'univers des s\u00e9ries en profondeur\",\"potentialAction\":[{\"@type\":\"SearchAction\",\"target\":{\"@type\":\"EntryPoint\",\"urlTemplate\":\"https:\/\/culture-series.fr\/blog\/?s={search_term_string}\"},\"query-input\":{\"@type\":\"PropertyValueSpecification\",\"valueRequired\":true,\"valueName\":\"search_term_string\"}}],\"inLanguage\":\"fr-FR\"},{\"@type\":\"Organization\",\"@id\":\"https:\/\/culture-series.fr\/blog\/#organization\",\"name\":\"Foretsensations.fr\",\"url\":\"https:\/\/culture-series.fr\/blog\/\",\"logo\":{\"@type\":\"ImageObject\",\"inLanguage\":\"fr-FR\",\"@id\":\"https:\/\/culture-series.fr\/blog\/#\/schema\/logo\/image\/\",\"url\":\"https:\/\/culture-series.fr\/blog\/wp-content\/uploads\/2024\/12\/27.png\",\"contentUrl\":\"https:\/\/culture-series.fr\/blog\/wp-content\/uploads\/2024\/12\/27.png\",\"width\":500,\"height\":500,\"caption\":\"Foretsensations.fr\"},\"image\":{\"@id\":\"https:\/\/culture-series.fr\/blog\/#\/schema\/logo\/image\/\"}},{\"@type\":\"Person\",\"@id\":\"https:\/\/culture-series.fr\/blog\/#\/schema\/person\/3c864cdc320801e3db34b663e7e3f816\",\"name\":\"Rapha\u00ebl D.\",\"image\":{\"@type\":\"ImageObject\",\"inLanguage\":\"fr-FR\",\"@id\":\"https:\/\/culture-series.fr\/blog\/#\/schema\/person\/image\/\",\"url\":\"https:\/\/culture-series.fr\/blog\/wp-content\/uploads\/2026\/06\/persona_raphael-d-96x96.jpg\",\"contentUrl\":\"https:\/\/culture-series.fr\/blog\/wp-content\/uploads\/2026\/06\/persona_raphael-d-96x96.jpg\",\"caption\":\"Rapha\u00ebl D.\"},\"description\":\"La culture est mon terrain de jeu depuis une dizaine d'ann\u00e9es : arts visuels, s\u00e9ries, cr\u00e9ation et tout ce qui nourrit l'imaginaire. J'\u00e9cris aussi bien sur l'actualit\u00e9 des \u0153uvres que sur les coulisses de la cr\u00e9ation, avec l'envie de relier l'amateur curieux \u00e0 des univers parfois jug\u00e9s intimidants. J'aime analyser une s\u00e9rie ou une d\u00e9marche artistique sans p\u00e9dantisme, replacer une \u0153uvre dans son contexte et donner des cl\u00e9s de lecture accessibles. Avant de publier, je v\u00e9rifie mes r\u00e9f\u00e9rences, je recoupe les sources et je distingue clairement le fait de mon interpr\u00e9tation subjective. Je crois qu'une critique vaut surtout par les arguments qu'elle expose, pas par la sentence qu'elle rend. Mon angle : transmettre l'envie de d\u00e9couvrir, de regarder autrement et de se forger son propre go\u00fbt. La culture n'appartient pas qu'aux initi\u00e9s, et c'est tout l'enjeu de mon \u00e9criture.\",\"url\":\"https:\/\/culture-series.fr\/blog\/auteur\/noname\/\",\"jobTitle\":\"R\u00e9dacteur en chef \u00b7 Culture & Cr\u00e9ation\",\"knowsAbout\":[\"Culture\",\"Cr\u00e9ation\"],\"email\":\"raphael.d@a-l-asso-de-l-art.fr\"}]}<\/script>\n<!-- \/ Yoast SEO Premium plugin. -->","yoast_head_json":{"title":"Euphorbia Milii : Culture et Entretien 2026","description":"L'Euphorbia milii, \u00e9galement connue sous le nom de couronne d'\u00e9pines, est une plante succulente pris\u00e9e pour ses fleurs color\u00e9es et sa robustesse. En 2026,\u2026","robots":{"index":"index","follow":"follow","max-snippet":"max-snippet:-1","max-image-preview":"max-image-preview:large","max-video-preview":"max-video-preview:-1"},"canonical":"https:\/\/culture-series.fr\/blog\/articles\/euphorbia-milii\/","og_locale":"fr_FR","og_type":"article","og_title":"Euphorbia Milii : Culture et Entretien 2026","og_description":"L'Euphorbia milii, \u00e9galement connue sous le nom de couronne d'\u00e9pines, est une plante succulente pris\u00e9e pour ses fleurs color\u00e9es et sa robustesse. En 2026,\u2026","og_url":"https:\/\/culture-series.fr\/blog\/articles\/euphorbia-milii\/","og_site_name":"culture-series","author":"Rapha\u00ebl D.","twitter_card":"summary_large_image","schema":{"@context":"https:\/\/schema.org","@graph":[{"@type":"NewsArticle","@id":"https:\/\/culture-series.fr\/blog\/articles\/euphorbia-milii\/#article","isPartOf":{"@id":"https:\/\/culture-series.fr\/blog\/articles\/euphorbia-milii\/"},"author":{"name":"Rapha\u00ebl D.","@id":"https:\/\/culture-series.fr\/blog\/#\/schema\/person\/3c864cdc320801e3db34b663e7e3f816"},"headline":"Euphorbia Milii : Culture et Entretien 2026","datePublished":"2026-05-10T09:00:00+00:00","mainEntityOfPage":{"@id":"https:\/\/culture-series.fr\/blog\/articles\/euphorbia-milii\/"},"wordCount":693,"commentCount":0,"publisher":{"@id":"https:\/\/culture-series.fr\/blog\/#organization"},"image":{"@id":"https:\/\/culture-series.fr\/blog\/articles\/euphorbia-milii\/#primaryimage"},"thumbnailUrl":"https:\/\/images.pexels.com\/photos\/36893927\/pexels-photo-36893927.jpeg?auto=compress&cs=tinysrgb&fit=crop&h=627&w=1200","articleSection":["Articles"],"inLanguage":"fr-FR","potentialAction":[{"@type":"CommentAction","name":"Comment","target":["https:\/\/culture-series.fr\/blog\/articles\/euphorbia-milii\/#respond"]}]},{"@type":"WebPage","@id":"https:\/\/culture-series.fr\/blog\/articles\/euphorbia-milii\/","url":"https:\/\/culture-series.fr\/blog\/articles\/euphorbia-milii\/","name":"Euphorbia Milii : Culture et Entretien 2026","isPartOf":{"@id":"https:\/\/culture-series.fr\/blog\/#website"},"primaryImageOfPage":{"@id":"https:\/\/culture-series.fr\/blog\/articles\/euphorbia-milii\/#primaryimage"},"image":{"@id":"https:\/\/culture-series.fr\/blog\/articles\/euphorbia-milii\/#primaryimage"},"thumbnailUrl":"https:\/\/images.pexels.com\/photos\/36893927\/pexels-photo-36893927.jpeg?auto=compress&cs=tinysrgb&fit=crop&h=627&w=1200","datePublished":"2026-05-10T09:00:00+00:00","description":"L'Euphorbia milii, \u00e9galement connue sous le nom de couronne d'\u00e9pines, est une plante succulente pris\u00e9e pour ses fleurs color\u00e9es et sa robustesse. En 2026,\u2026","inLanguage":"fr-FR","potentialAction":[{"@type":"ReadAction","target":["https:\/\/culture-series.fr\/blog\/articles\/euphorbia-milii\/"]}]},{"@type":"ImageObject","inLanguage":"fr-FR","@id":"https:\/\/culture-series.fr\/blog\/articles\/euphorbia-milii\/#primaryimage","url":"https:\/\/images.pexels.com\/photos\/36893927\/pexels-photo-36893927.jpeg?auto=compress&cs=tinysrgb&fit=crop&h=627&w=1200","contentUrl":"https:\/\/images.pexels.com\/photos\/36893927\/pexels-photo-36893927.jpeg?auto=compress&cs=tinysrgb&fit=crop&h=627&w=1200"},{"@type":"WebSite","@id":"https:\/\/culture-series.fr\/blog\/#website","url":"https:\/\/culture-series.fr\/blog\/","name":"culture-series.Fr","description":"Culture &amp; Series, l&#039;univers des s\u00e9ries en profondeur","publisher":{"@id":"https:\/\/culture-series.fr\/blog\/#organization"},"alternateName":"Culture & Series, l'univers des s\u00e9ries en profondeur","potentialAction":[{"@type":"SearchAction","target":{"@type":"EntryPoint","urlTemplate":"https:\/\/culture-series.fr\/blog\/?s={search_term_string}"},"query-input":{"@type":"PropertyValueSpecification","valueRequired":true,"valueName":"search_term_string"}}],"inLanguage":"fr-FR"},{"@type":"Organization","@id":"https:\/\/culture-series.fr\/blog\/#organization","name":"Foretsensations.fr","url":"https:\/\/culture-series.fr\/blog\/","logo":{"@type":"ImageObject","inLanguage":"fr-FR","@id":"https:\/\/culture-series.fr\/blog\/#\/schema\/logo\/image\/","url":"https:\/\/culture-series.fr\/blog\/wp-content\/uploads\/2024\/12\/27.png","contentUrl":"https:\/\/culture-series.fr\/blog\/wp-content\/uploads\/2024\/12\/27.png","width":500,"height":500,"caption":"Foretsensations.fr"},"image":{"@id":"https:\/\/culture-series.fr\/blog\/#\/schema\/logo\/image\/"}},{"@type":"Person","@id":"https:\/\/culture-series.fr\/blog\/#\/schema\/person\/3c864cdc320801e3db34b663e7e3f816","name":"Rapha\u00ebl D.","image":{"@type":"ImageObject","inLanguage":"fr-FR","@id":"https:\/\/culture-series.fr\/blog\/#\/schema\/person\/image\/","url":"https:\/\/culture-series.fr\/blog\/wp-content\/uploads\/2026\/06\/persona_raphael-d-96x96.jpg","contentUrl":"https:\/\/culture-series.fr\/blog\/wp-content\/uploads\/2026\/06\/persona_raphael-d-96x96.jpg","caption":"Rapha\u00ebl D."},"description":"La culture est mon terrain de jeu depuis une dizaine d'ann\u00e9es : arts visuels, s\u00e9ries, cr\u00e9ation et tout ce qui nourrit l'imaginaire. J'\u00e9cris aussi bien sur l'actualit\u00e9 des \u0153uvres que sur les coulisses de la cr\u00e9ation, avec l'envie de relier l'amateur curieux \u00e0 des univers parfois jug\u00e9s intimidants. J'aime analyser une s\u00e9rie ou une d\u00e9marche artistique sans p\u00e9dantisme, replacer une \u0153uvre dans son contexte et donner des cl\u00e9s de lecture accessibles. Avant de publier, je v\u00e9rifie mes r\u00e9f\u00e9rences, je recoupe les sources et je distingue clairement le fait de mon interpr\u00e9tation subjective. Je crois qu'une critique vaut surtout par les arguments qu'elle expose, pas par la sentence qu'elle rend. Mon angle : transmettre l'envie de d\u00e9couvrir, de regarder autrement et de se forger son propre go\u00fbt. La culture n'appartient pas qu'aux initi\u00e9s, et c'est tout l'enjeu de mon \u00e9criture.","url":"https:\/\/culture-series.fr\/blog\/auteur\/noname\/","jobTitle":"R\u00e9dacteur en chef \u00b7 Culture & Cr\u00e9ation","knowsAbout":["Culture","Cr\u00e9ation"],"email":"raphael.d@a-l-asso-de-l-art.fr"}]}},"_links":{"self":[{"href":"https:\/\/culture-series.fr\/blog\/wp-json\/wp\/v2\/posts\/7804","targetHints":{"allow":["GET"]}}],"collection":[{"href":"https:\/\/culture-series.fr\/blog\/wp-json\/wp\/v2\/posts"}],"about":[{"href":"https:\/\/culture-series.fr\/blog\/wp-json\/wp\/v2\/types\/post"}],"author":[{"embeddable":true,"href":"https:\/\/culture-series.fr\/blog\/wp-json\/wp\/v2\/users\/34"}],"replies":[{"embeddable":true,"href":"https:\/\/culture-series.fr\/blog\/wp-json\/wp\/v2\/comments?post=7804"}],"version-history":[{"count":1,"href":"https:\/\/culture-series.fr\/blog\/wp-json\/wp\/v2\/posts\/7804\/revisions"}],"predecessor-version":[{"id":7856,"href":"https:\/\/culture-series.fr\/blog\/wp-json\/wp\/v2\/posts\/7804\/revisions\/7856"}],"wp:attachment":[{"href":"https:\/\/culture-series.fr\/blog\/wp-json\/wp\/v2\/media?parent=7804"}],"wp:term":[{"taxonomy":"category","embeddable":true,"href":"https:\/\/culture-series.fr\/blog\/wp-json\/wp\/v2\/categories?post=7804"},{"taxonomy":"post_tag","embeddable":true,"href":"https:\/\/culture-series.fr\/blog\/wp-json\/wp\/v2\/tags?post=7804"}],"curies":[{"name":"wp","href":"https:\/\/api.w.org\/{rel}","templated":true}]}}