{"id":7798,"date":"2026-04-30T09:00:00","date_gmt":"2026-04-30T09:00:00","guid":{"rendered":"https:\/\/culture-series.fr\/blog\/?p=7798"},"modified":"2026-04-30T09:00:00","modified_gmt":"2026-04-30T09:00:00","slug":"idee-de-calendrier-de-l-avent-2025-fan-de-culture-japonaise","status":"publish","type":"post","link":"https:\/\/culture-series.fr\/blog\/articles\/idee-de-calendrier-de-l-avent-2025-fan-de-culture-japonaise\/","title":{"rendered":"Calendrier Avent 2025 : Id\u00e9es culture japonaise"},"content":{"rendered":"<p>Les amateurs de culture japonaise cherchent souvent des mani\u00e8res cr\u00e9atives d\u2019incorporer leur passion dans les traditions, comme le calendrier de l\u2019Avent. En 2025, pourquoi ne pas opter pour un calendrier th\u00e9matique qui c\u00e9l\u00e8bre les \u00e9l\u00e9ments embl\u00e9matiques du Japon ? Cet article propose des id\u00e9es originales tout en mettant en lumi\u00e8re les erreurs fr\u00e9quentes \u00e0 \u00e9viter lors de la cr\u00e9ation d\u2019un tel calendrier.<\/p>\n<h2>Pourquoi un calendrier de l\u2019Avent japonais ?<\/h2>\n<p>Un calendrier de l\u2019Avent inspir\u00e9 par la culture japonaise permet d\u2019explorer divers aspects, tels que :<\/p>\n<ul>\n<li><strong>L\u2019artisanat<\/strong> : des objets faits main qui illustrent le savoir-faire japonais.<\/li>\n<li><strong>La gastronomie<\/strong> : des douceurs typiques comme les mochi ou les bonbons wagashi.<\/li>\n<li><strong>La tradition<\/strong> : des \u00e9l\u00e9ments symboliques li\u00e9s aux festivals japonais.<\/li>\n<\/ul>\n<p>En int\u00e9grant ces th\u00e8mes, vous offrirez une exp\u00e9rience enrichissante et vari\u00e9e chaque jour jusqu\u2019\u00e0 No\u00ebl.<\/p>\n<h2>Id\u00e9es concr\u00e8tes pour votre calendrier<\/h2>\n<h3>1. Th\u00e8mes quotidiens<\/h3>\n<p>Proposez un th\u00e8me diff\u00e9rent chaque jour. Voici quelques id\u00e9es :<\/p>\n<table class=\"kwdbank-table\">\n<thead>\n<tr>\n<th>Jour<\/th>\n<th>Th\u00e8me<\/th>\n<th>Exemple d\u2019objet<\/th>\n<\/tr>\n<\/thead>\n<tbody>\n<tr>\n<td>1<\/td>\n<td>Origami<\/td>\n<td>Kit pour r\u00e9aliser un oiseau<\/td>\n<\/tr>\n<tr>\n<td>2<\/td>\n<td>Gastronomie<\/td>\n<td>Mochi \u00e0 la fraise<\/td>\n<\/tr>\n<tr>\n<td>3<\/td>\n<td>Art traditionnel<\/td>\n<td>Petite reproduction d\u2019une ukiyo-e<\/td>\n<\/tr>\n<tr>\n<td>4<\/td>\n<td>Festivals<\/td>\n<td>Lanternes miniatures pour Tanabata<\/td>\n<\/tr>\n<tr>\n<td>5<\/td>\n<td>Pop culture<\/td>\n<td>Figurine d\u2019un personnage d\u2019anime<\/td>\n<\/tr>\n<\/tbody>\n<\/table>\n<h3>2. Objets \u00e0 collectionner<\/h3>\n<p>Incorporez des objets \u00e0 collectionner comme des petits porte-cl\u00e9s en forme de chats Maneki Neko, symboles de chance au Japon. Par exemple, vous pourriez pr\u00e9voir un porte-cl\u00e9 diff\u00e9rent pour chaque semaine, ce qui incite \u00e0 la d\u00e9couverte tout en cr\u00e9ant une belle collection.<\/p>\n<h3>3. Activit\u00e9s \u00e0 r\u00e9aliser<\/h3>\n<p>Int\u00e9grez des activit\u00e9s manuelles ou culinaires, comme un petit livret contenant des recettes japonaises simples (comme le dorayaki) ou des instructions pour r\u00e9aliser un origami. Ces activit\u00e9s encouragent l\u2019interaction et apportent une dimension ludique au calendrier.<\/p>\n<h2>Erreurs fr\u00e9quentes \u00e0 \u00e9viter<\/h2>\n<h3>Pi\u00e8ge : n\u00e9gliger la diversit\u00e9 culturelle<\/h3>\n<p>Une erreur courante est de se concentrer uniquement sur certains aspects de la culture japonaise, comme les mangas ou les sushis. Bien que populaires, il est essentiel d\u2019explorer la richesse culturelle du Japon en incluant diff\u00e9rents \u00e9l\u00e9ments : art, musique traditionnelle, f\u00eates populaires et artisanat local.<\/p>\n<h3>Astuce : \u00e9quilibrer tradition et modernit\u00e9<\/h3>\n<p>Veillez \u00e0 ce que votre calendrier refl\u00e8te un \u00e9quilibre entre tradition et modernit\u00e9. Par exemple, inclure un m\u00e9lange de produits artisanaux et d\u2019objets inspir\u00e9s par la pop culture peut s\u00e9duire une large audience.<\/p>\n<h2>Budget pr\u00e9visionnel<\/h2>\n<p>Cr\u00e9er un calendrier de l\u2019Avent japonais peut \u00eatre abordable si vous planifiez bien vos d\u00e9penses. Voici une estimation budg\u00e9taire :<\/p>\n<table class=\"kwdbank-table\">\n<thead>\n<tr>\n<th>Type d\u2019objet<\/th>\n<th>Co\u00fbt moyen par unit\u00e9 (en \u20ac)<\/th>\n<th>Quantit\u00e9 pr\u00e9vue<\/th>\n<th>Co\u00fbt total (en \u20ac)<\/th>\n<\/tr>\n<\/thead>\n<tbody>\n<tr>\n<td>Objets artisanaux<\/td>\n<td>5<\/td>\n<td>10<\/td>\n<td>50<\/td>\n<\/tr>\n<tr>\n<td>Nourriture (snacks)<\/td>\n<td>3<\/td>\n<td>10<\/td>\n<td>30<\/td>\n<\/tr>\n<tr>\n<td>Activit\u00e9s (livrets)<\/td>\n<td>2<\/td>\n<td>5<\/td>\n<td>10<\/td>\n<\/tr>\n<tr>\n<td>Total<\/td>\n<td>&#8211;<\/td>\n<td>&#8211;<\/td>\n<td><strong>90<\/strong><\/td>\n<\/tr>\n<\/tbody>\n<\/table>\n<h2>O\u00f9 se procurer vos objets ?<\/h2>\n<p>Pour constituer votre calendrier, plusieurs options s\u2019offrent \u00e0 vous :<\/p>\n<ol>\n<li><strong>Boutiques sp\u00e9cialis\u00e9es<\/strong> : Recherchez des magasins d\u00e9di\u00e9s aux produits japonais dans votre r\u00e9gion ou en ligne.<\/li>\n<li><strong>Artisans locaux<\/strong> : Soutenez les artisans en achetant directement aupr\u00e8s d\u2019eux via des march\u00e9s ou plateformes.<\/li>\n<li><strong>Sites internet<\/strong> : Utilisez des plateformes comme Etsy pour trouver des objets uniques et faits main.<\/li>\n<\/ol>\n<h2>FAQ<\/h2>\n<h3>Quels types d\u2019objets peut-on inclure dans un calendrier de l\u2019Avent culturel ?<\/h3>\n<p>Vous pouvez inclure des objets artisanaux, des gourmandises japonaises, ainsi que des activit\u00e9s manuelles.<\/p>\n<h3>Comment cr\u00e9er soi-m\u00eame un calendrier de l\u2019Avent ?<\/h3>\n<p>Utilisez une bo\u00eete ou une s\u00e9rie de sachets num\u00e9rot\u00e9s o\u00f9 vous glissez les surprises choisies.<\/p>\n<h3>Quel budget pr\u00e9voir pour un calendrier sur le th\u00e8me japonais ?<\/h3>\n<p>Pr\u00e9voyez environ 90 euros selon le type d\u2019objets choisis et leur provenance.<\/p>\n<h3>Y a-t-il des erreurs courantes \u00e0 \u00e9viter ?<\/h3>\n<p>\u00c9vitez de ne choisir qu\u2019un seul aspect de la culture japonaise ; optez pour une diversit\u00e9 qui repr\u00e9sente bien le pays.<\/p>\n<h3>Comment rendre mon calendrier interactif ?<\/h3>\n<p>Ajoutez des recettes ou activit\u00e9s manuelles \u00e0 r\u00e9aliser avec chaque objet du calendrier pour encourager l\u2019engagement.<\/p>\n<p>Pour bien commencer votre projet, \u00e9tablissez d\u00e8s maintenant votre liste d\u2019objets et commencez vos recherches !<\/p>\n","protected":false},"excerpt":{"rendered":"","protected":false},"author":34,"featured_media":999999999,"comment_status":"open","ping_status":"open","sticky":false,"template":"","format":"standard","meta":{"_acf_changed":false,"manual_indexmenow":false,"indexmenow_id_project":0,"footnotes":""},"categories":[4865],"tags":[],"class_list":["post-7798","post","type-post","status-publish","format-standard","has-post-thumbnail","hentry","category-articles","generate-columns","tablet-grid-50","mobile-grid-100","grid-parent","grid-25"],"acf":[],"yoast_head":"<!-- This site is optimized with the Yoast SEO Premium plugin v21.3 (Yoast SEO v25.6) - https:\/\/yoast.com\/wordpress\/plugins\/seo\/ -->\n<title>Calendrier Avent 2025 : Id\u00e9es culture japonaise<\/title>\n<meta name=\"description\" content=\"Les amateurs de culture japonaise cherchent souvent des mani\u00e8res cr\u00e9atives d&#039;incorporer leur passion dans les traditions, comme le calendrier de l&#039;Avent.\u2026\" \/>\n<meta name=\"robots\" content=\"index, follow, max-snippet:-1, max-image-preview:large, max-video-preview:-1\" \/>\n<link rel=\"canonical\" href=\"https:\/\/culture-series.fr\/blog\/articles\/idee-de-calendrier-de-l-avent-2025-fan-de-culture-japonaise\/\" \/>\n<meta property=\"og:locale\" content=\"fr_FR\" \/>\n<meta property=\"og:type\" content=\"article\" \/>\n<meta property=\"og:title\" content=\"Calendrier Avent 2025 : Id\u00e9es culture japonaise\" \/>\n<meta property=\"og:description\" content=\"Les amateurs de culture japonaise cherchent souvent des mani\u00e8res cr\u00e9atives d&#039;incorporer leur passion dans les traditions, comme le calendrier de l&#039;Avent.\u2026\" \/>\n<meta property=\"og:url\" content=\"https:\/\/culture-series.fr\/blog\/articles\/idee-de-calendrier-de-l-avent-2025-fan-de-culture-japonaise\/\" \/>\n<meta property=\"og:site_name\" content=\"culture-series\" \/>\n<meta name=\"author\" content=\"Rapha\u00ebl D.\" \/>\n<meta name=\"twitter:card\" content=\"summary_large_image\" \/>\n<script type=\"application\/ld+json\" class=\"yoast-schema-graph\">{\"@context\":\"https:\/\/schema.org\",\"@graph\":[{\"@type\":\"NewsArticle\",\"@id\":\"https:\/\/culture-series.fr\/blog\/articles\/idee-de-calendrier-de-l-avent-2025-fan-de-culture-japonaise\/#article\",\"isPartOf\":{\"@id\":\"https:\/\/culture-series.fr\/blog\/articles\/idee-de-calendrier-de-l-avent-2025-fan-de-culture-japonaise\/\"},\"author\":{\"name\":\"Rapha\u00ebl D.\",\"@id\":\"https:\/\/culture-series.fr\/blog\/#\/schema\/person\/3c864cdc320801e3db34b663e7e3f816\"},\"headline\":\"Calendrier Avent 2025 : Id\u00e9es culture japonaise\",\"datePublished\":\"2026-04-30T09:00:00+00:00\",\"mainEntityOfPage\":{\"@id\":\"https:\/\/culture-series.fr\/blog\/articles\/idee-de-calendrier-de-l-avent-2025-fan-de-culture-japonaise\/\"},\"wordCount\":681,\"commentCount\":0,\"publisher\":{\"@id\":\"https:\/\/culture-series.fr\/blog\/#organization\"},\"image\":{\"@id\":\"https:\/\/culture-series.fr\/blog\/articles\/idee-de-calendrier-de-l-avent-2025-fan-de-culture-japonaise\/#primaryimage\"},\"thumbnailUrl\":\"https:\/\/images.pexels.com\/photos\/5913932\/pexels-photo-5913932.jpeg?auto=compress&cs=tinysrgb&fit=crop&h=627&w=1200\",\"articleSection\":[\"Articles\"],\"inLanguage\":\"fr-FR\",\"potentialAction\":[{\"@type\":\"CommentAction\",\"name\":\"Comment\",\"target\":[\"https:\/\/culture-series.fr\/blog\/articles\/idee-de-calendrier-de-l-avent-2025-fan-de-culture-japonaise\/#respond\"]}]},{\"@type\":\"WebPage\",\"@id\":\"https:\/\/culture-series.fr\/blog\/articles\/idee-de-calendrier-de-l-avent-2025-fan-de-culture-japonaise\/\",\"url\":\"https:\/\/culture-series.fr\/blog\/articles\/idee-de-calendrier-de-l-avent-2025-fan-de-culture-japonaise\/\",\"name\":\"Calendrier Avent 2025 : Id\u00e9es culture japonaise\",\"isPartOf\":{\"@id\":\"https:\/\/culture-series.fr\/blog\/#website\"},\"primaryImageOfPage\":{\"@id\":\"https:\/\/culture-series.fr\/blog\/articles\/idee-de-calendrier-de-l-avent-2025-fan-de-culture-japonaise\/#primaryimage\"},\"image\":{\"@id\":\"https:\/\/culture-series.fr\/blog\/articles\/idee-de-calendrier-de-l-avent-2025-fan-de-culture-japonaise\/#primaryimage\"},\"thumbnailUrl\":\"https:\/\/images.pexels.com\/photos\/5913932\/pexels-photo-5913932.jpeg?auto=compress&cs=tinysrgb&fit=crop&h=627&w=1200\",\"datePublished\":\"2026-04-30T09:00:00+00:00\",\"description\":\"Les amateurs de culture japonaise cherchent souvent des mani\u00e8res cr\u00e9atives d'incorporer leur passion dans les traditions, comme le calendrier de l'Avent.\u2026\",\"inLanguage\":\"fr-FR\",\"potentialAction\":[{\"@type\":\"ReadAction\",\"target\":[\"https:\/\/culture-series.fr\/blog\/articles\/idee-de-calendrier-de-l-avent-2025-fan-de-culture-japonaise\/\"]}]},{\"@type\":\"ImageObject\",\"inLanguage\":\"fr-FR\",\"@id\":\"https:\/\/culture-series.fr\/blog\/articles\/idee-de-calendrier-de-l-avent-2025-fan-de-culture-japonaise\/#primaryimage\",\"url\":\"https:\/\/images.pexels.com\/photos\/5913932\/pexels-photo-5913932.jpeg?auto=compress&cs=tinysrgb&fit=crop&h=627&w=1200\",\"contentUrl\":\"https:\/\/images.pexels.com\/photos\/5913932\/pexels-photo-5913932.jpeg?auto=compress&cs=tinysrgb&fit=crop&h=627&w=1200\"},{\"@type\":\"WebSite\",\"@id\":\"https:\/\/culture-series.fr\/blog\/#website\",\"url\":\"https:\/\/culture-series.fr\/blog\/\",\"name\":\"culture-series.Fr\",\"description\":\"Culture &amp; Series, l&#039;univers des s\u00e9ries en profondeur\",\"publisher\":{\"@id\":\"https:\/\/culture-series.fr\/blog\/#organization\"},\"alternateName\":\"Culture & Series, l'univers des s\u00e9ries en profondeur\",\"potentialAction\":[{\"@type\":\"SearchAction\",\"target\":{\"@type\":\"EntryPoint\",\"urlTemplate\":\"https:\/\/culture-series.fr\/blog\/?s={search_term_string}\"},\"query-input\":{\"@type\":\"PropertyValueSpecification\",\"valueRequired\":true,\"valueName\":\"search_term_string\"}}],\"inLanguage\":\"fr-FR\"},{\"@type\":\"Organization\",\"@id\":\"https:\/\/culture-series.fr\/blog\/#organization\",\"name\":\"Foretsensations.fr\",\"url\":\"https:\/\/culture-series.fr\/blog\/\",\"logo\":{\"@type\":\"ImageObject\",\"inLanguage\":\"fr-FR\",\"@id\":\"https:\/\/culture-series.fr\/blog\/#\/schema\/logo\/image\/\",\"url\":\"https:\/\/culture-series.fr\/blog\/wp-content\/uploads\/2024\/12\/27.png\",\"contentUrl\":\"https:\/\/culture-series.fr\/blog\/wp-content\/uploads\/2024\/12\/27.png\",\"width\":500,\"height\":500,\"caption\":\"Foretsensations.fr\"},\"image\":{\"@id\":\"https:\/\/culture-series.fr\/blog\/#\/schema\/logo\/image\/\"}},{\"@type\":\"Person\",\"@id\":\"https:\/\/culture-series.fr\/blog\/#\/schema\/person\/3c864cdc320801e3db34b663e7e3f816\",\"name\":\"Rapha\u00ebl D.\",\"image\":{\"@type\":\"ImageObject\",\"inLanguage\":\"fr-FR\",\"@id\":\"https:\/\/culture-series.fr\/blog\/#\/schema\/person\/image\/\",\"url\":\"https:\/\/culture-series.fr\/blog\/wp-content\/uploads\/2026\/06\/persona_raphael-d-96x96.jpg\",\"contentUrl\":\"https:\/\/culture-series.fr\/blog\/wp-content\/uploads\/2026\/06\/persona_raphael-d-96x96.jpg\",\"caption\":\"Rapha\u00ebl D.\"},\"description\":\"La culture est mon terrain de jeu depuis une dizaine d'ann\u00e9es : arts visuels, s\u00e9ries, cr\u00e9ation et tout ce qui nourrit l'imaginaire. J'\u00e9cris aussi bien sur l'actualit\u00e9 des \u0153uvres que sur les coulisses de la cr\u00e9ation, avec l'envie de relier l'amateur curieux \u00e0 des univers parfois jug\u00e9s intimidants. J'aime analyser une s\u00e9rie ou une d\u00e9marche artistique sans p\u00e9dantisme, replacer une \u0153uvre dans son contexte et donner des cl\u00e9s de lecture accessibles. Avant de publier, je v\u00e9rifie mes r\u00e9f\u00e9rences, je recoupe les sources et je distingue clairement le fait de mon interpr\u00e9tation subjective. Je crois qu'une critique vaut surtout par les arguments qu'elle expose, pas par la sentence qu'elle rend. Mon angle : transmettre l'envie de d\u00e9couvrir, de regarder autrement et de se forger son propre go\u00fbt. La culture n'appartient pas qu'aux initi\u00e9s, et c'est tout l'enjeu de mon \u00e9criture.\",\"url\":\"https:\/\/culture-series.fr\/blog\/auteur\/noname\/\",\"jobTitle\":\"R\u00e9dacteur en chef \u00b7 Culture & Cr\u00e9ation\",\"knowsAbout\":[\"Culture\",\"Cr\u00e9ation\"],\"email\":\"raphael.d@a-l-asso-de-l-art.fr\"}]}<\/script>\n<!-- \/ Yoast SEO Premium plugin. -->","yoast_head_json":{"title":"Calendrier Avent 2025 : Id\u00e9es culture japonaise","description":"Les amateurs de culture japonaise cherchent souvent des mani\u00e8res cr\u00e9atives d'incorporer leur passion dans les traditions, comme le calendrier de l'Avent.\u2026","robots":{"index":"index","follow":"follow","max-snippet":"max-snippet:-1","max-image-preview":"max-image-preview:large","max-video-preview":"max-video-preview:-1"},"canonical":"https:\/\/culture-series.fr\/blog\/articles\/idee-de-calendrier-de-l-avent-2025-fan-de-culture-japonaise\/","og_locale":"fr_FR","og_type":"article","og_title":"Calendrier Avent 2025 : Id\u00e9es culture japonaise","og_description":"Les amateurs de culture japonaise cherchent souvent des mani\u00e8res cr\u00e9atives d'incorporer leur passion dans les traditions, comme le calendrier de l'Avent.\u2026","og_url":"https:\/\/culture-series.fr\/blog\/articles\/idee-de-calendrier-de-l-avent-2025-fan-de-culture-japonaise\/","og_site_name":"culture-series","author":"Rapha\u00ebl D.","twitter_card":"summary_large_image","schema":{"@context":"https:\/\/schema.org","@graph":[{"@type":"NewsArticle","@id":"https:\/\/culture-series.fr\/blog\/articles\/idee-de-calendrier-de-l-avent-2025-fan-de-culture-japonaise\/#article","isPartOf":{"@id":"https:\/\/culture-series.fr\/blog\/articles\/idee-de-calendrier-de-l-avent-2025-fan-de-culture-japonaise\/"},"author":{"name":"Rapha\u00ebl D.","@id":"https:\/\/culture-series.fr\/blog\/#\/schema\/person\/3c864cdc320801e3db34b663e7e3f816"},"headline":"Calendrier Avent 2025 : Id\u00e9es culture japonaise","datePublished":"2026-04-30T09:00:00+00:00","mainEntityOfPage":{"@id":"https:\/\/culture-series.fr\/blog\/articles\/idee-de-calendrier-de-l-avent-2025-fan-de-culture-japonaise\/"},"wordCount":681,"commentCount":0,"publisher":{"@id":"https:\/\/culture-series.fr\/blog\/#organization"},"image":{"@id":"https:\/\/culture-series.fr\/blog\/articles\/idee-de-calendrier-de-l-avent-2025-fan-de-culture-japonaise\/#primaryimage"},"thumbnailUrl":"https:\/\/images.pexels.com\/photos\/5913932\/pexels-photo-5913932.jpeg?auto=compress&cs=tinysrgb&fit=crop&h=627&w=1200","articleSection":["Articles"],"inLanguage":"fr-FR","potentialAction":[{"@type":"CommentAction","name":"Comment","target":["https:\/\/culture-series.fr\/blog\/articles\/idee-de-calendrier-de-l-avent-2025-fan-de-culture-japonaise\/#respond"]}]},{"@type":"WebPage","@id":"https:\/\/culture-series.fr\/blog\/articles\/idee-de-calendrier-de-l-avent-2025-fan-de-culture-japonaise\/","url":"https:\/\/culture-series.fr\/blog\/articles\/idee-de-calendrier-de-l-avent-2025-fan-de-culture-japonaise\/","name":"Calendrier Avent 2025 : Id\u00e9es culture japonaise","isPartOf":{"@id":"https:\/\/culture-series.fr\/blog\/#website"},"primaryImageOfPage":{"@id":"https:\/\/culture-series.fr\/blog\/articles\/idee-de-calendrier-de-l-avent-2025-fan-de-culture-japonaise\/#primaryimage"},"image":{"@id":"https:\/\/culture-series.fr\/blog\/articles\/idee-de-calendrier-de-l-avent-2025-fan-de-culture-japonaise\/#primaryimage"},"thumbnailUrl":"https:\/\/images.pexels.com\/photos\/5913932\/pexels-photo-5913932.jpeg?auto=compress&cs=tinysrgb&fit=crop&h=627&w=1200","datePublished":"2026-04-30T09:00:00+00:00","description":"Les amateurs de culture japonaise cherchent souvent des mani\u00e8res cr\u00e9atives d'incorporer leur passion dans les traditions, comme le calendrier de l'Avent.\u2026","inLanguage":"fr-FR","potentialAction":[{"@type":"ReadAction","target":["https:\/\/culture-series.fr\/blog\/articles\/idee-de-calendrier-de-l-avent-2025-fan-de-culture-japonaise\/"]}]},{"@type":"ImageObject","inLanguage":"fr-FR","@id":"https:\/\/culture-series.fr\/blog\/articles\/idee-de-calendrier-de-l-avent-2025-fan-de-culture-japonaise\/#primaryimage","url":"https:\/\/images.pexels.com\/photos\/5913932\/pexels-photo-5913932.jpeg?auto=compress&cs=tinysrgb&fit=crop&h=627&w=1200","contentUrl":"https:\/\/images.pexels.com\/photos\/5913932\/pexels-photo-5913932.jpeg?auto=compress&cs=tinysrgb&fit=crop&h=627&w=1200"},{"@type":"WebSite","@id":"https:\/\/culture-series.fr\/blog\/#website","url":"https:\/\/culture-series.fr\/blog\/","name":"culture-series.Fr","description":"Culture &amp; Series, l&#039;univers des s\u00e9ries en profondeur","publisher":{"@id":"https:\/\/culture-series.fr\/blog\/#organization"},"alternateName":"Culture & Series, l'univers des s\u00e9ries en profondeur","potentialAction":[{"@type":"SearchAction","target":{"@type":"EntryPoint","urlTemplate":"https:\/\/culture-series.fr\/blog\/?s={search_term_string}"},"query-input":{"@type":"PropertyValueSpecification","valueRequired":true,"valueName":"search_term_string"}}],"inLanguage":"fr-FR"},{"@type":"Organization","@id":"https:\/\/culture-series.fr\/blog\/#organization","name":"Foretsensations.fr","url":"https:\/\/culture-series.fr\/blog\/","logo":{"@type":"ImageObject","inLanguage":"fr-FR","@id":"https:\/\/culture-series.fr\/blog\/#\/schema\/logo\/image\/","url":"https:\/\/culture-series.fr\/blog\/wp-content\/uploads\/2024\/12\/27.png","contentUrl":"https:\/\/culture-series.fr\/blog\/wp-content\/uploads\/2024\/12\/27.png","width":500,"height":500,"caption":"Foretsensations.fr"},"image":{"@id":"https:\/\/culture-series.fr\/blog\/#\/schema\/logo\/image\/"}},{"@type":"Person","@id":"https:\/\/culture-series.fr\/blog\/#\/schema\/person\/3c864cdc320801e3db34b663e7e3f816","name":"Rapha\u00ebl D.","image":{"@type":"ImageObject","inLanguage":"fr-FR","@id":"https:\/\/culture-series.fr\/blog\/#\/schema\/person\/image\/","url":"https:\/\/culture-series.fr\/blog\/wp-content\/uploads\/2026\/06\/persona_raphael-d-96x96.jpg","contentUrl":"https:\/\/culture-series.fr\/blog\/wp-content\/uploads\/2026\/06\/persona_raphael-d-96x96.jpg","caption":"Rapha\u00ebl D."},"description":"La culture est mon terrain de jeu depuis une dizaine d'ann\u00e9es : arts visuels, s\u00e9ries, cr\u00e9ation et tout ce qui nourrit l'imaginaire. J'\u00e9cris aussi bien sur l'actualit\u00e9 des \u0153uvres que sur les coulisses de la cr\u00e9ation, avec l'envie de relier l'amateur curieux \u00e0 des univers parfois jug\u00e9s intimidants. J'aime analyser une s\u00e9rie ou une d\u00e9marche artistique sans p\u00e9dantisme, replacer une \u0153uvre dans son contexte et donner des cl\u00e9s de lecture accessibles. Avant de publier, je v\u00e9rifie mes r\u00e9f\u00e9rences, je recoupe les sources et je distingue clairement le fait de mon interpr\u00e9tation subjective. Je crois qu'une critique vaut surtout par les arguments qu'elle expose, pas par la sentence qu'elle rend. Mon angle : transmettre l'envie de d\u00e9couvrir, de regarder autrement et de se forger son propre go\u00fbt. La culture n'appartient pas qu'aux initi\u00e9s, et c'est tout l'enjeu de mon \u00e9criture.","url":"https:\/\/culture-series.fr\/blog\/auteur\/noname\/","jobTitle":"R\u00e9dacteur en chef \u00b7 Culture & Cr\u00e9ation","knowsAbout":["Culture","Cr\u00e9ation"],"email":"raphael.d@a-l-asso-de-l-art.fr"}]}},"_links":{"self":[{"href":"https:\/\/culture-series.fr\/blog\/wp-json\/wp\/v2\/posts\/7798","targetHints":{"allow":["GET"]}}],"collection":[{"href":"https:\/\/culture-series.fr\/blog\/wp-json\/wp\/v2\/posts"}],"about":[{"href":"https:\/\/culture-series.fr\/blog\/wp-json\/wp\/v2\/types\/post"}],"author":[{"embeddable":true,"href":"https:\/\/culture-series.fr\/blog\/wp-json\/wp\/v2\/users\/34"}],"replies":[{"embeddable":true,"href":"https:\/\/culture-series.fr\/blog\/wp-json\/wp\/v2\/comments?post=7798"}],"version-history":[{"count":1,"href":"https:\/\/culture-series.fr\/blog\/wp-json\/wp\/v2\/posts\/7798\/revisions"}],"predecessor-version":[{"id":7851,"href":"https:\/\/culture-series.fr\/blog\/wp-json\/wp\/v2\/posts\/7798\/revisions\/7851"}],"wp:attachment":[{"href":"https:\/\/culture-series.fr\/blog\/wp-json\/wp\/v2\/media?parent=7798"}],"wp:term":[{"taxonomy":"category","embeddable":true,"href":"https:\/\/culture-series.fr\/blog\/wp-json\/wp\/v2\/categories?post=7798"},{"taxonomy":"post_tag","embeddable":true,"href":"https:\/\/culture-series.fr\/blog\/wp-json\/wp\/v2\/tags?post=7798"}],"curies":[{"name":"wp","href":"https:\/\/api.w.org\/{rel}","templated":true}]}}