{"id":7786,"date":"2026-02-06T09:00:00","date_gmt":"2026-02-06T09:00:00","guid":{"rendered":"https:\/\/culture-series.fr\/blog\/articles\/cancel-culture-definition\/"},"modified":"2026-02-06T09:00:00","modified_gmt":"2026-02-06T09:00:00","slug":"cancel-culture-definition","status":"publish","type":"post","link":"https:\/\/culture-series.fr\/blog\/articles\/cancel-culture-definition\/","title":{"rendered":"Cancel culture : D\u00e9finition compl\u00e8te 2026"},"content":{"rendered":"<p>La <strong>cancel culture<\/strong>, ou culture de l\u2019annulation, d\u00e9signe un ph\u00e9nom\u00e8ne social o\u00f9 des individus ou des groupes sont ostracis\u00e9s, souvent sur les r\u00e9seaux sociaux, pour des actions ou des propos jug\u00e9s inappropri\u00e9s ou offensants. En 2026, ce concept prend une ampleur particuli\u00e8re avec l\u2019augmentation de la sensibilisation aux enjeux sociaux et politiques. Ce terme est souvent mal compris, ce qui entra\u00eene des erreurs fr\u00e9quentes dans son utilisation et sa perception.<\/p>\n<p>Comprendre la cancel culture implique de conna\u00eetre ses m\u00e9canismes, ses impacts et les pi\u00e8ges \u00e0 \u00e9viter. Cet article vous offre une d\u00e9finition pr\u00e9cise ainsi qu\u2019une analyse des erreurs courantes li\u00e9es \u00e0 ce sujet.<\/p>\n<h2>Qu\u2019est-ce que la cancel culture ?<\/h2>\n<p>La cancel culture est un processus par lequel des individus ou des entreprises subissent des cons\u00e9quences n\u00e9gatives suite \u00e0 leurs comportements jug\u00e9s immoraux ou offensants. Cela se manifeste principalement sur les plateformes num\u00e9riques, o\u00f9 les utilisateurs peuvent exprimer leur d\u00e9saccord en bloquant, unfollowant ou d\u00e9non\u00e7ant publiquement ces personnes.<\/p>\n<h3>Origines du terme<\/h3>\n<p>Le terme \u201ccancel\u201d a \u00e9t\u00e9 utilis\u00e9 depuis les ann\u00e9es 1990 dans le contexte de la musique et de la culture populaire pour d\u00e9crire le rejet d\u2019un artiste. Cependant, c\u2019est avec l\u2019av\u00e8nement des r\u00e9seaux sociaux que la cancel culture a pris une dimension plus large, touchant divers secteurs allant de la politique aux affaires.<\/p>\n<h2>Les m\u00e9canismes de la cancel culture<\/h2>\n<p>Les dynamiques de la cancel culture reposent sur plusieurs \u00e9l\u00e9ments cl\u00e9s :<\/p>\n<ol>\n<li><strong>Viralit\u00e9<\/strong> : Une fois qu\u2019un message critique est diffus\u00e9, il peut rapidement atteindre un large public.<\/li>\n<li><strong>Mobilisation collective<\/strong> : Les utilisateurs s\u2019organisent souvent pour boycotter une personne ou une marque.<\/li>\n<li><strong>Cons\u00e9quences imm\u00e9diates<\/strong> : La pression sociale peut entra\u00eener des pertes financi\u00e8res significatives pour les entreprises (exemple : en 2020, l\u2019entreprise de mode <strong>GAP<\/strong> a vu ses ventes chuter de 20 % apr\u00e8s avoir \u00e9t\u00e9 critiqu\u00e9e pour son association avec un artiste controvers\u00e9).<\/li>\n<\/ol>\n<h3>Exemples concrets<\/h3>\n<ul>\n<li>En 2021, le r\u00e9alisateur <strong>Joss Whedon<\/strong> a fait face \u00e0 une vague de critiques sur Twitter qui a abouti \u00e0 l\u2019annulation d\u2019un projet de film apr\u00e8s que plusieurs acteurs aient d\u00e9nonc\u00e9 son comportement sur le plateau.<\/li>\n<li>En 2023, un grand r\u00e9seau social a perdu pr\u00e8s de <strong>30 millions d\u2019utilisateurs<\/strong> suite \u00e0 une campagne de boycott men\u00e9e par des groupes qui d\u00e9non\u00e7aient sa gestion d\u2019un incident li\u00e9 \u00e0 la d\u00e9sinformation.<\/li>\n<\/ul>\n<h2>Erreurs fr\u00e9quentes concernant la cancel culture<\/h2>\n<h3>1. Confondre avec la libert\u00e9 d\u2019expression<\/h3>\n<p>Beaucoup assimilent la cancel culture \u00e0 une atteinte \u00e0 la libert\u00e9 d\u2019expression. Toutefois, il s\u2019agit plut\u00f4t d\u2019une r\u00e9ponse collective \u00e0 des propos jug\u00e9s inacceptables. La critique n\u2019est pas synonyme de censure.<\/p>\n<h3>2. Croire que c\u2019est un ph\u00e9nom\u00e8ne temporaire<\/h3>\n<p>Certaines personnes pensent que la cancel culture est une mode passag\u00e8re. Cependant, elle semble perdurer et \u00e9voluer avec les pr\u00e9occupations soci\u00e9tales contemporaines.<\/p>\n<h3>3. Ignorer les cons\u00e9quences \u00e9conomiques<\/h3>\n<p>Les effets \u00e9conomiques peuvent \u00eatre dramatiques pour ceux qui sont \u201cannul\u00e9s\u201d. Par exemple, en cas de boycott g\u00e9n\u00e9ralis\u00e9, certaines entreprises peuvent subir une chute drastique de leur chiffre d\u2019affaires.<\/p>\n<h4>Tableau comparatif : Impact \u00e9conomique avant et apr\u00e8s annulation<\/h4>\n<table class=\"kwdbank-table\">\n<thead>\n<tr>\n<th>Entreprise<\/th>\n<th>Chiffre d\u2019affaires avant<\/th>\n<th>Chiffre d\u2019affaires apr\u00e8s<\/th>\n<th>% de variation<\/th>\n<\/tr>\n<\/thead>\n<tbody>\n<tr>\n<td>GAP<\/td>\n<td>4 milliards \u20ac<\/td>\n<td>3,2 milliards \u20ac<\/td>\n<td>-20%<\/td>\n<\/tr>\n<tr>\n<td>Starbucks<\/td>\n<td>26 milliards \u20ac<\/td>\n<td>24 milliards \u20ac<\/td>\n<td>-8%<\/td>\n<\/tr>\n<\/tbody>\n<\/table>\n<h2>Pi\u00e8ges \u00e0 \u00e9viter dans la compr\u00e9hension du ph\u00e9nom\u00e8ne<\/h2>\n<p>Un pi\u00e8ge commun est de croire que tous les avis exprim\u00e9s contre une personne ou un groupe rel\u00e8vent syst\u00e9matiquement de la cancel culture. Parfois, il s\u2019agit simplement d\u2019une critique l\u00e9gitime visant \u00e0 demander des comptes sur des comportements nuisibles.<\/p>\n<h2>Comment naviguer dans cette dynamique ?<\/h2>\n<p>Pour appr\u00e9hender correctement la cancel culture :<\/p>\n<ul>\n<li>Renseignez-vous sur le contexte entourant les critiques.<\/li>\n<li>\u00c9vitez de participer sans avoir pris connaissance des faits.<\/li>\n<li>Engagez-vous dans des discussions constructives plut\u00f4t que dans le rejet pur et simple.<\/li>\n<\/ul>\n<h2>FAQ<\/h2>\n<h3>Qu\u2019est-ce que signifie vraiment \u201ccancel\u201d ?<\/h3>\n<p>Le terme \u201ccancel\u201d se r\u00e9f\u00e8re au fait d\u2019annuler le soutien envers quelqu\u2019un en raison de ses actions ou propos jug\u00e9s probl\u00e9matiques.<\/p>\n<h3>La cancel culture nuit-elle r\u00e9ellement aux carri\u00e8res ?<\/h3>\n<p>Oui, elle peut entra\u00eener des pertes financi\u00e8res importantes et nuire durablement \u00e0 la r\u00e9putation professionnelle d\u2019un individu ou d\u2019une entreprise.<\/p>\n<h3>Existe-t-il des exemples positifs de cancel culture ?<\/h3>\n<p>Certaines annulations ont conduit \u00e0 une prise de conscience accrue sur des sujets sociaux et ont entra\u00een\u00e9 des changements positifs au sein d\u2019organisations.<\/p>\n<h3>Comment r\u00e9agir face \u00e0 une situation li\u00e9e \u00e0 la cancel culture ?<\/h3>\n<p>Il est important d\u2019\u00e9valuer objectivement les faits avant de prendre position et d\u2019\u00e9viter toute r\u00e9action impulsive sur les r\u00e9seaux sociaux.<\/p>\n<h3>La cancel culture est-elle universelle ?<\/h3>\n<p>Bien qu\u2019elle soit plus visible dans certaines cultures num\u00e9riques occidentales, des ph\u00e9nom\u00e8nes similaires existent dans diverses soci\u00e9t\u00e9s sous diff\u00e9rentes formes.<\/p>\n<p>Restez inform\u00e9 et engagez-vous activement dans vos discussions pour mieux comprendre ce ph\u00e9nom\u00e8ne complexe qu\u2019est la cancel culture.<\/p>\n","protected":false},"excerpt":{"rendered":"","protected":false},"author":34,"featured_media":999999999,"comment_status":"open","ping_status":"open","sticky":false,"template":"","format":"standard","meta":{"_acf_changed":false,"manual_indexmenow":false,"indexmenow_id_project":0,"footnotes":""},"categories":[4865],"tags":[],"class_list":["post-7786","post","type-post","status-publish","format-standard","has-post-thumbnail","hentry","category-articles","generate-columns","tablet-grid-50","mobile-grid-100","grid-parent","grid-25"],"acf":[],"yoast_head":"<!-- This site is optimized with the Yoast SEO Premium plugin v21.3 (Yoast SEO v25.6) - https:\/\/yoast.com\/wordpress\/plugins\/seo\/ -->\n<title>Cancel culture : D\u00e9finition compl\u00e8te 2026<\/title>\n<meta name=\"description\" content=\"La cancel culture, ou culture de l&#039;annulation, d\u00e9signe un ph\u00e9nom\u00e8ne social o\u00f9 des individus ou des groupes sont ostracis\u00e9s, souvent sur les r\u00e9seaux\u2026\" \/>\n<meta name=\"robots\" content=\"index, follow, max-snippet:-1, max-image-preview:large, max-video-preview:-1\" \/>\n<link rel=\"canonical\" href=\"https:\/\/culture-series.fr\/blog\/articles\/cancel-culture-definition\/\" \/>\n<meta property=\"og:locale\" content=\"fr_FR\" \/>\n<meta property=\"og:type\" content=\"article\" \/>\n<meta property=\"og:title\" content=\"Cancel culture : D\u00e9finition compl\u00e8te 2026\" \/>\n<meta property=\"og:description\" content=\"La cancel culture, ou culture de l&#039;annulation, d\u00e9signe un ph\u00e9nom\u00e8ne social o\u00f9 des individus ou des groupes sont ostracis\u00e9s, souvent sur les r\u00e9seaux\u2026\" \/>\n<meta property=\"og:url\" content=\"https:\/\/culture-series.fr\/blog\/articles\/cancel-culture-definition\/\" \/>\n<meta property=\"og:site_name\" content=\"culture-series\" \/>\n<meta name=\"author\" content=\"Rapha\u00ebl D.\" \/>\n<meta name=\"twitter:card\" content=\"summary_large_image\" \/>\n<script type=\"application\/ld+json\" class=\"yoast-schema-graph\">{\"@context\":\"https:\/\/schema.org\",\"@graph\":[{\"@type\":\"NewsArticle\",\"@id\":\"https:\/\/culture-series.fr\/blog\/articles\/cancel-culture-definition\/#article\",\"isPartOf\":{\"@id\":\"https:\/\/culture-series.fr\/blog\/articles\/cancel-culture-definition\/\"},\"author\":{\"name\":\"Rapha\u00ebl D.\",\"@id\":\"https:\/\/culture-series.fr\/blog\/#\/schema\/person\/3c864cdc320801e3db34b663e7e3f816\"},\"headline\":\"Cancel culture : D\u00e9finition compl\u00e8te 2026\",\"datePublished\":\"2026-02-06T09:00:00+00:00\",\"mainEntityOfPage\":{\"@id\":\"https:\/\/culture-series.fr\/blog\/articles\/cancel-culture-definition\/\"},\"wordCount\":851,\"commentCount\":0,\"publisher\":{\"@id\":\"https:\/\/culture-series.fr\/blog\/#organization\"},\"image\":{\"@id\":\"https:\/\/culture-series.fr\/blog\/articles\/cancel-culture-definition\/#primaryimage\"},\"thumbnailUrl\":\"https:\/\/images.pexels.com\/photos\/30729157\/pexels-photo-30729157.jpeg?auto=compress&cs=tinysrgb&fit=crop&h=627&w=1200\",\"articleSection\":[\"Articles\"],\"inLanguage\":\"fr-FR\",\"potentialAction\":[{\"@type\":\"CommentAction\",\"name\":\"Comment\",\"target\":[\"https:\/\/culture-series.fr\/blog\/articles\/cancel-culture-definition\/#respond\"]}]},{\"@type\":\"WebPage\",\"@id\":\"https:\/\/culture-series.fr\/blog\/articles\/cancel-culture-definition\/\",\"url\":\"https:\/\/culture-series.fr\/blog\/articles\/cancel-culture-definition\/\",\"name\":\"Cancel culture : D\u00e9finition compl\u00e8te 2026\",\"isPartOf\":{\"@id\":\"https:\/\/culture-series.fr\/blog\/#website\"},\"primaryImageOfPage\":{\"@id\":\"https:\/\/culture-series.fr\/blog\/articles\/cancel-culture-definition\/#primaryimage\"},\"image\":{\"@id\":\"https:\/\/culture-series.fr\/blog\/articles\/cancel-culture-definition\/#primaryimage\"},\"thumbnailUrl\":\"https:\/\/images.pexels.com\/photos\/30729157\/pexels-photo-30729157.jpeg?auto=compress&cs=tinysrgb&fit=crop&h=627&w=1200\",\"datePublished\":\"2026-02-06T09:00:00+00:00\",\"description\":\"La cancel culture, ou culture de l'annulation, d\u00e9signe un ph\u00e9nom\u00e8ne social o\u00f9 des individus ou des groupes sont ostracis\u00e9s, souvent sur les r\u00e9seaux\u2026\",\"inLanguage\":\"fr-FR\",\"potentialAction\":[{\"@type\":\"ReadAction\",\"target\":[\"https:\/\/culture-series.fr\/blog\/articles\/cancel-culture-definition\/\"]}]},{\"@type\":\"ImageObject\",\"inLanguage\":\"fr-FR\",\"@id\":\"https:\/\/culture-series.fr\/blog\/articles\/cancel-culture-definition\/#primaryimage\",\"url\":\"https:\/\/images.pexels.com\/photos\/30729157\/pexels-photo-30729157.jpeg?auto=compress&cs=tinysrgb&fit=crop&h=627&w=1200\",\"contentUrl\":\"https:\/\/images.pexels.com\/photos\/30729157\/pexels-photo-30729157.jpeg?auto=compress&cs=tinysrgb&fit=crop&h=627&w=1200\"},{\"@type\":\"WebSite\",\"@id\":\"https:\/\/culture-series.fr\/blog\/#website\",\"url\":\"https:\/\/culture-series.fr\/blog\/\",\"name\":\"culture-series.Fr\",\"description\":\"Culture &amp; Series, l&#039;univers des s\u00e9ries en profondeur\",\"publisher\":{\"@id\":\"https:\/\/culture-series.fr\/blog\/#organization\"},\"alternateName\":\"Culture & Series, l'univers des s\u00e9ries en profondeur\",\"potentialAction\":[{\"@type\":\"SearchAction\",\"target\":{\"@type\":\"EntryPoint\",\"urlTemplate\":\"https:\/\/culture-series.fr\/blog\/?s={search_term_string}\"},\"query-input\":{\"@type\":\"PropertyValueSpecification\",\"valueRequired\":true,\"valueName\":\"search_term_string\"}}],\"inLanguage\":\"fr-FR\"},{\"@type\":\"Organization\",\"@id\":\"https:\/\/culture-series.fr\/blog\/#organization\",\"name\":\"Foretsensations.fr\",\"url\":\"https:\/\/culture-series.fr\/blog\/\",\"logo\":{\"@type\":\"ImageObject\",\"inLanguage\":\"fr-FR\",\"@id\":\"https:\/\/culture-series.fr\/blog\/#\/schema\/logo\/image\/\",\"url\":\"https:\/\/culture-series.fr\/blog\/wp-content\/uploads\/2024\/12\/27.png\",\"contentUrl\":\"https:\/\/culture-series.fr\/blog\/wp-content\/uploads\/2024\/12\/27.png\",\"width\":500,\"height\":500,\"caption\":\"Foretsensations.fr\"},\"image\":{\"@id\":\"https:\/\/culture-series.fr\/blog\/#\/schema\/logo\/image\/\"}},{\"@type\":\"Person\",\"@id\":\"https:\/\/culture-series.fr\/blog\/#\/schema\/person\/3c864cdc320801e3db34b663e7e3f816\",\"name\":\"Rapha\u00ebl D.\",\"image\":{\"@type\":\"ImageObject\",\"inLanguage\":\"fr-FR\",\"@id\":\"https:\/\/culture-series.fr\/blog\/#\/schema\/person\/image\/\",\"url\":\"https:\/\/culture-series.fr\/blog\/wp-content\/uploads\/2026\/06\/persona_raphael-d-96x96.jpg\",\"contentUrl\":\"https:\/\/culture-series.fr\/blog\/wp-content\/uploads\/2026\/06\/persona_raphael-d-96x96.jpg\",\"caption\":\"Rapha\u00ebl D.\"},\"description\":\"La culture est mon terrain de jeu depuis une dizaine d'ann\u00e9es : arts visuels, s\u00e9ries, cr\u00e9ation et tout ce qui nourrit l'imaginaire. J'\u00e9cris aussi bien sur l'actualit\u00e9 des \u0153uvres que sur les coulisses de la cr\u00e9ation, avec l'envie de relier l'amateur curieux \u00e0 des univers parfois jug\u00e9s intimidants. J'aime analyser une s\u00e9rie ou une d\u00e9marche artistique sans p\u00e9dantisme, replacer une \u0153uvre dans son contexte et donner des cl\u00e9s de lecture accessibles. Avant de publier, je v\u00e9rifie mes r\u00e9f\u00e9rences, je recoupe les sources et je distingue clairement le fait de mon interpr\u00e9tation subjective. Je crois qu'une critique vaut surtout par les arguments qu'elle expose, pas par la sentence qu'elle rend. Mon angle : transmettre l'envie de d\u00e9couvrir, de regarder autrement et de se forger son propre go\u00fbt. La culture n'appartient pas qu'aux initi\u00e9s, et c'est tout l'enjeu de mon \u00e9criture.\",\"url\":\"https:\/\/culture-series.fr\/blog\/auteur\/noname\/\",\"jobTitle\":\"R\u00e9dacteur en chef \u00b7 Culture & Cr\u00e9ation\",\"knowsAbout\":[\"Culture\",\"Cr\u00e9ation\"],\"email\":\"raphael.d@a-l-asso-de-l-art.fr\"}]}<\/script>\n<!-- \/ Yoast SEO Premium plugin. -->","yoast_head_json":{"title":"Cancel culture : D\u00e9finition compl\u00e8te 2026","description":"La cancel culture, ou culture de l'annulation, d\u00e9signe un ph\u00e9nom\u00e8ne social o\u00f9 des individus ou des groupes sont ostracis\u00e9s, souvent sur les r\u00e9seaux\u2026","robots":{"index":"index","follow":"follow","max-snippet":"max-snippet:-1","max-image-preview":"max-image-preview:large","max-video-preview":"max-video-preview:-1"},"canonical":"https:\/\/culture-series.fr\/blog\/articles\/cancel-culture-definition\/","og_locale":"fr_FR","og_type":"article","og_title":"Cancel culture : D\u00e9finition compl\u00e8te 2026","og_description":"La cancel culture, ou culture de l'annulation, d\u00e9signe un ph\u00e9nom\u00e8ne social o\u00f9 des individus ou des groupes sont ostracis\u00e9s, souvent sur les r\u00e9seaux\u2026","og_url":"https:\/\/culture-series.fr\/blog\/articles\/cancel-culture-definition\/","og_site_name":"culture-series","author":"Rapha\u00ebl D.","twitter_card":"summary_large_image","schema":{"@context":"https:\/\/schema.org","@graph":[{"@type":"NewsArticle","@id":"https:\/\/culture-series.fr\/blog\/articles\/cancel-culture-definition\/#article","isPartOf":{"@id":"https:\/\/culture-series.fr\/blog\/articles\/cancel-culture-definition\/"},"author":{"name":"Rapha\u00ebl D.","@id":"https:\/\/culture-series.fr\/blog\/#\/schema\/person\/3c864cdc320801e3db34b663e7e3f816"},"headline":"Cancel culture : D\u00e9finition compl\u00e8te 2026","datePublished":"2026-02-06T09:00:00+00:00","mainEntityOfPage":{"@id":"https:\/\/culture-series.fr\/blog\/articles\/cancel-culture-definition\/"},"wordCount":851,"commentCount":0,"publisher":{"@id":"https:\/\/culture-series.fr\/blog\/#organization"},"image":{"@id":"https:\/\/culture-series.fr\/blog\/articles\/cancel-culture-definition\/#primaryimage"},"thumbnailUrl":"https:\/\/images.pexels.com\/photos\/30729157\/pexels-photo-30729157.jpeg?auto=compress&cs=tinysrgb&fit=crop&h=627&w=1200","articleSection":["Articles"],"inLanguage":"fr-FR","potentialAction":[{"@type":"CommentAction","name":"Comment","target":["https:\/\/culture-series.fr\/blog\/articles\/cancel-culture-definition\/#respond"]}]},{"@type":"WebPage","@id":"https:\/\/culture-series.fr\/blog\/articles\/cancel-culture-definition\/","url":"https:\/\/culture-series.fr\/blog\/articles\/cancel-culture-definition\/","name":"Cancel culture : D\u00e9finition compl\u00e8te 2026","isPartOf":{"@id":"https:\/\/culture-series.fr\/blog\/#website"},"primaryImageOfPage":{"@id":"https:\/\/culture-series.fr\/blog\/articles\/cancel-culture-definition\/#primaryimage"},"image":{"@id":"https:\/\/culture-series.fr\/blog\/articles\/cancel-culture-definition\/#primaryimage"},"thumbnailUrl":"https:\/\/images.pexels.com\/photos\/30729157\/pexels-photo-30729157.jpeg?auto=compress&cs=tinysrgb&fit=crop&h=627&w=1200","datePublished":"2026-02-06T09:00:00+00:00","description":"La cancel culture, ou culture de l'annulation, d\u00e9signe un ph\u00e9nom\u00e8ne social o\u00f9 des individus ou des groupes sont ostracis\u00e9s, souvent sur les r\u00e9seaux\u2026","inLanguage":"fr-FR","potentialAction":[{"@type":"ReadAction","target":["https:\/\/culture-series.fr\/blog\/articles\/cancel-culture-definition\/"]}]},{"@type":"ImageObject","inLanguage":"fr-FR","@id":"https:\/\/culture-series.fr\/blog\/articles\/cancel-culture-definition\/#primaryimage","url":"https:\/\/images.pexels.com\/photos\/30729157\/pexels-photo-30729157.jpeg?auto=compress&cs=tinysrgb&fit=crop&h=627&w=1200","contentUrl":"https:\/\/images.pexels.com\/photos\/30729157\/pexels-photo-30729157.jpeg?auto=compress&cs=tinysrgb&fit=crop&h=627&w=1200"},{"@type":"WebSite","@id":"https:\/\/culture-series.fr\/blog\/#website","url":"https:\/\/culture-series.fr\/blog\/","name":"culture-series.Fr","description":"Culture &amp; Series, l&#039;univers des s\u00e9ries en profondeur","publisher":{"@id":"https:\/\/culture-series.fr\/blog\/#organization"},"alternateName":"Culture & Series, l'univers des s\u00e9ries en profondeur","potentialAction":[{"@type":"SearchAction","target":{"@type":"EntryPoint","urlTemplate":"https:\/\/culture-series.fr\/blog\/?s={search_term_string}"},"query-input":{"@type":"PropertyValueSpecification","valueRequired":true,"valueName":"search_term_string"}}],"inLanguage":"fr-FR"},{"@type":"Organization","@id":"https:\/\/culture-series.fr\/blog\/#organization","name":"Foretsensations.fr","url":"https:\/\/culture-series.fr\/blog\/","logo":{"@type":"ImageObject","inLanguage":"fr-FR","@id":"https:\/\/culture-series.fr\/blog\/#\/schema\/logo\/image\/","url":"https:\/\/culture-series.fr\/blog\/wp-content\/uploads\/2024\/12\/27.png","contentUrl":"https:\/\/culture-series.fr\/blog\/wp-content\/uploads\/2024\/12\/27.png","width":500,"height":500,"caption":"Foretsensations.fr"},"image":{"@id":"https:\/\/culture-series.fr\/blog\/#\/schema\/logo\/image\/"}},{"@type":"Person","@id":"https:\/\/culture-series.fr\/blog\/#\/schema\/person\/3c864cdc320801e3db34b663e7e3f816","name":"Rapha\u00ebl D.","image":{"@type":"ImageObject","inLanguage":"fr-FR","@id":"https:\/\/culture-series.fr\/blog\/#\/schema\/person\/image\/","url":"https:\/\/culture-series.fr\/blog\/wp-content\/uploads\/2026\/06\/persona_raphael-d-96x96.jpg","contentUrl":"https:\/\/culture-series.fr\/blog\/wp-content\/uploads\/2026\/06\/persona_raphael-d-96x96.jpg","caption":"Rapha\u00ebl D."},"description":"La culture est mon terrain de jeu depuis une dizaine d'ann\u00e9es : arts visuels, s\u00e9ries, cr\u00e9ation et tout ce qui nourrit l'imaginaire. J'\u00e9cris aussi bien sur l'actualit\u00e9 des \u0153uvres que sur les coulisses de la cr\u00e9ation, avec l'envie de relier l'amateur curieux \u00e0 des univers parfois jug\u00e9s intimidants. J'aime analyser une s\u00e9rie ou une d\u00e9marche artistique sans p\u00e9dantisme, replacer une \u0153uvre dans son contexte et donner des cl\u00e9s de lecture accessibles. Avant de publier, je v\u00e9rifie mes r\u00e9f\u00e9rences, je recoupe les sources et je distingue clairement le fait de mon interpr\u00e9tation subjective. Je crois qu'une critique vaut surtout par les arguments qu'elle expose, pas par la sentence qu'elle rend. Mon angle : transmettre l'envie de d\u00e9couvrir, de regarder autrement et de se forger son propre go\u00fbt. La culture n'appartient pas qu'aux initi\u00e9s, et c'est tout l'enjeu de mon \u00e9criture.","url":"https:\/\/culture-series.fr\/blog\/auteur\/noname\/","jobTitle":"R\u00e9dacteur en chef \u00b7 Culture & Cr\u00e9ation","knowsAbout":["Culture","Cr\u00e9ation"],"email":"raphael.d@a-l-asso-de-l-art.fr"}]}},"_links":{"self":[{"href":"https:\/\/culture-series.fr\/blog\/wp-json\/wp\/v2\/posts\/7786","targetHints":{"allow":["GET"]}}],"collection":[{"href":"https:\/\/culture-series.fr\/blog\/wp-json\/wp\/v2\/posts"}],"about":[{"href":"https:\/\/culture-series.fr\/blog\/wp-json\/wp\/v2\/types\/post"}],"author":[{"embeddable":true,"href":"https:\/\/culture-series.fr\/blog\/wp-json\/wp\/v2\/users\/34"}],"replies":[{"embeddable":true,"href":"https:\/\/culture-series.fr\/blog\/wp-json\/wp\/v2\/comments?post=7786"}],"version-history":[{"count":0,"href":"https:\/\/culture-series.fr\/blog\/wp-json\/wp\/v2\/posts\/7786\/revisions"}],"wp:attachment":[{"href":"https:\/\/culture-series.fr\/blog\/wp-json\/wp\/v2\/media?parent=7786"}],"wp:term":[{"taxonomy":"category","embeddable":true,"href":"https:\/\/culture-series.fr\/blog\/wp-json\/wp\/v2\/categories?post=7786"},{"taxonomy":"post_tag","embeddable":true,"href":"https:\/\/culture-series.fr\/blog\/wp-json\/wp\/v2\/tags?post=7786"}],"curies":[{"name":"wp","href":"https:\/\/api.w.org\/{rel}","templated":true}]}}